{"id":162720,"date":"2025-02-28T09:40:54","date_gmt":"2025-02-28T09:40:54","guid":{"rendered":"https:\/\/www.ole.com.ar\/futbol-ascenso\/ascenso-primera-nacional-deportivo-moron-joya-botafogo_0_T5Fn9wUaxZ.html"},"modified":"2025-02-28T09:40:54","modified_gmt":"2025-02-28T09:40:54","slug":"la-joya-del-ascenso-que-es-nuevo-refuerzo-de-botafogo","status":"publish","type":"post","link":"http:\/\/cordobadirecto.com\/index.php\/2025\/02\/28\/la-joya-del-ascenso-que-es-nuevo-refuerzo-de-botafogo\/","title":{"rendered":"La joya del Ascenso que es nuevo refuerzo de Botafogo"},"content":{"rendered":"<p><time class=\"createDate\" datetime=\"2025-02-27T17:28:19-03:00\">27\/02\/2025 17:28hs.<\/time><\/p>\n<div id=\"storyBody\">\n<div class=\"custom-text \" readability=\"34.79797979798\">\n<p>Un nuevo cap\u00edtulo de j\u00f3venes promesas argentinas siendo vistas por las billeteras fuertes del f\u00fatbol, en este caso, sudamericano. S\u00ed, nada m\u00e1s ni nada menos que el <a href=\"https:\/\/www.ole.com.ar\/tema\/botafogo.html\" title=\"botafogo\" alt=\"botafogo\" class=\"slug\">Botafogo<\/a>, equipo brasile\u00f1o y \u00faltimo campe\u00f3n de la <a href=\"https:\/\/www.ole.com.ar\/tema\/copa-libertadores.html\" title=\"Copa Libertadores\" alt=\"Copa Libertadores\" class=\"slug\">Copa Libertadores<\/a>, <strong>cerr\u00f3 a un jugador que viene de romperla en el <a href=\"https:\/\/www.ole.com.ar\/tema\/ascenso.html\" title=\"Ascenso\" alt=\"Ascenso\" class=\"slug\">Ascenso<\/a><\/strong>.<\/p>\n<\/div>\n<div class=\"custom-text \" readability=\"37.266666666667\">\n<p>Se trata de <strong>Thiago Lauro,<\/strong> volante de 19 a\u00f1os que viene de un \u00faltimo paso por <a href=\"https:\/\/www.ole.com.ar\/tema\/deportivo-moron.html\" title=\"Deportivo Mor\u00f3n\" alt=\"Deportivo Mor\u00f3n\" class=\"slug\">Deportivo Mor\u00f3n<\/a>. El futbolista ya se encuentra en Brasil para cerrar los \u00faltimos detalles de una operaci\u00f3n que, seg\u00fan trascendi\u00f3 -y a falta de confirmaci\u00f3n oficial-, <strong>constar\u00eda de un pr\u00e9stamo por un a\u00f1o, sin cargo y con una opci\u00f3n de compra cercana a los 400 mil d\u00f3lares<\/strong>.<\/p>\n<\/div>\n<div class=\"custom-text \" readability=\"38\">\n<p>Lo cierto es que, en principio,<strong> Lauro llegar\u00eda para ser parte del equipo Sub 20<\/strong> -no del Sub 23 porque Botafogo no cuenta con el equipo-. El mediocampista hab\u00eda sido convocado por Walter Otta en los primeros dos partidos de la actual Primera Nacional -fue suplente en ambos-, pero en el \u00faltimo ante Gimnasia de Mendoza ni siquiera fue parte del banco.<\/p>\n<\/div>\n<div class=\"sc-e7b891c4-0 ifHnQL image-embed\"><img alt=\"El pibe de 19 a\u00f1os pega el salto al Brasileirao (Foto: @thiagolaauro_).\" loading=\"lazy\" width=\"720\" height=\"100\" decoding=\"async\" data-nimg=\"1\" src=\"http:\/\/cordobadirecto.com\/wp-content\/uploads\/2025\/02\/la-joya-del-ascenso-que-es-nuevo-refuerzo-de-botafogo.jpg\"><span class=\"epigraphe\">El pibe de 19 a\u00f1os pega el salto al Brasileirao (Foto: @thiagolaauro_).<\/span><\/div>\n<p><h2><strong>\u00bfQui\u00e9n es Thiago Lauro? <\/strong><\/h2>\n<\/p>\n<div class=\"custom-text \" readability=\"41\">\n<p>Categor\u00eda 2005, nacido en Punta Lara, Ensenada,<strong> la rompi\u00f3 en las inferiores de Defensores de Cambaceres<\/strong> y llam\u00f3 la atenci\u00f3n de Mor\u00f3n, que se hizo de sus servicios a principios de 2023. Pero el Rojo se asegur\u00f3 algo que, con esta operaci\u00f3n al Botafogo, podr\u00eda venirle bien: <strong>se qued\u00f3 con un 15% de los derechos econ\u00f3micos<\/strong>.<\/p>\n<\/div>\n<div class=\"custom-text \" readability=\"37\">\n<p>Debut\u00f3 profesionalmente con el Gallito en un partido ante Chicago y r\u00e1pidamente se acomod\u00f3 como una alternativa. Incluso, <strong>tuvo su debut goleador en un encuentro ante Estudiantes de R\u00edo Cuarto<\/strong>. Y el 2024 no qued\u00f3 ah\u00ed, porque tambi\u00e9n realiz\u00f3 entrenamientos con la Selecci\u00f3n del Ascenso Sub 20. Hizo la pretemporada con Primera para el 2025 y ahora pega el salto a Brasil.<\/p>\n<\/div>\n<div class=\"sc-e7b891c4-0 ifHnQL image-embed\"><img alt=\"Lauro fue parte de la Selecci\u00f3n del Ascenso el a\u00f1o pasado (Foto: @thiagolaauro_).\" loading=\"lazy\" width=\"720\" height=\"100\" decoding=\"async\" data-nimg=\"1\" src=\"http:\/\/cordobadirecto.com\/wp-content\/uploads\/2025\/02\/la-joya-del-ascenso-que-es-nuevo-refuerzo-de-botafogo-1.jpg\"><span class=\"epigraphe\">Lauro fue parte de la Selecci\u00f3n del Ascenso el a\u00f1o pasado (Foto: @thiagolaauro_).<\/span><\/div>\n<p><h2><strong>El mercado de pases de Mor\u00f3n<\/strong><\/h2>\n<\/p>\n<div class=\"custom-text \" readability=\"51\">\n<p>Tal como sucede en las ventanas de transferencias del Ascenso, <strong>el Gallito tuvo un verano movido<\/strong>: llegaron Julio Salv\u00e1, Mariano B\u00edttolo, Renzo Reynaga, Joaqu\u00edn Livera, Fabricio Sanguinetti, Yair Gonzpalez, Juan Manuel Cabrera, Mat\u00edas Cortave, Emiliano Franco, Jonathan Ber\u00f3n, Ivo Constantino, Nahuel Z\u00e1rate, Facundo B\u00e1ez, Leandro Finochietto, Franco Lorenz\u00f3n, Pablo Ferreira y Hern\u00e1n Perrone.<\/p>\n<\/div>\n<div class=\"custom-text \" readability=\"55\">\n<p>Por otra parte, <strong>adem\u00e1s de la flamante salida de Lauro, se fueron<\/strong> Nicol\u00e1s Henry, Agust\u00edn G\u00f3mez, Patricio N\u00fa\u00f1ez, Mat\u00edas Romero, Fernando Barrientos, Mauro Sch\u00f6nfeld, Facundo L\u00f3pez, Gonzalo Berterame, El\u00edas Galli, Pablo C\u00e1ceres, Mariano Bracamonte, Juli\u00e1n Vitale, Agust\u00edn Rufinetti, Brian Machuca, Juan Rojas, Agust\u00edn Curruhinca, Fernando Moreyra, Bahiano Garc\u00eda, Rodrigo Arciero y Mat\u00edas Castro.<\/p>\n<\/div>\n<div class=\"sc-a7166897-0 eoLsBE\" readability=\"7\">\n<section readability=\"4\"><picture><img alt=\"Se movi\u00f3 r\u00e1pido: tras la salida del Chapu Bra\u00f1a, Chicago cerr\u00f3 a un viejo conocido\" loading=\"lazy\" width=\"290\" height=\"290\" decoding=\"async\" data-nimg=\"1\" src=\"http:\/\/cordobadirecto.com\/wp-content\/uploads\/2025\/02\/la-joya-del-ascenso-que-es-nuevo-refuerzo-de-botafogo-2.jpg\"><\/picture>\n<p><span>Mir\u00e1 tambi\u00e9n<\/span><\/p>\n<hr>\n<h3>Se movi\u00f3 r\u00e1pido: tras la salida del Chapu Bra\u00f1a, Chicago cerr\u00f3 a un viejo conocido<\/h3>\n<\/p>\n<\/section>\n<\/div>\n<div class=\"sc-a7166897-0 eoLsBE\" readability=\"6\">\n<section readability=\"2\"><picture><img alt=\"Ins\u00f3lito: un equipo del Ascenso chicane\u00f3 a Boca y pidi\u00f3 perd\u00f3n \" loading=\"lazy\" width=\"290\" height=\"290\" decoding=\"async\" data-nimg=\"1\" src=\"http:\/\/cordobadirecto.com\/wp-content\/uploads\/2025\/02\/la-joya-del-ascenso-que-es-nuevo-refuerzo-de-botafogo-3.jpg\"><\/picture>\n<p><span>Mir\u00e1 tambi\u00e9n<\/span><\/p>\n<hr>\n<h3>Ins\u00f3lito: un equipo del Ascenso chicane\u00f3 a Boca y pidi\u00f3 perd\u00f3n <\/h3>\n<\/p>\n<\/section>\n<\/div>\n<\/div>\n","protected":false},"excerpt":{"rendered":"<p>27\/02\/2025 17:28hs. Un nuevo cap\u00edtulo de j\u00f3venes promesas argentinas siendo vistas por las billeteras fuertes del f\u00fatbol, en este caso, sudamericano. S\u00ed, nada m\u00e1s ni nada menos que el Botafogo, equipo brasile\u00f1o y \u00faltimo campe\u00f3n de la Copa Libertadores, cerr\u00f3 a un jugador que viene de romperla en el Ascenso. Se trata de Thiago Lauro, [&hellip;]<\/p>\n","protected":false},"author":1,"featured_media":162721,"comment_status":"closed","ping_status":"closed","sticky":false,"template":"","format":"standard","meta":[],"categories":[21],"tags":[],"_links":{"self":[{"href":"http:\/\/cordobadirecto.com\/index.php\/wp-json\/wp\/v2\/posts\/162720"}],"collection":[{"href":"http:\/\/cordobadirecto.com\/index.php\/wp-json\/wp\/v2\/posts"}],"about":[{"href":"http:\/\/cordobadirecto.com\/index.php\/wp-json\/wp\/v2\/types\/post"}],"author":[{"embeddable":true,"href":"http:\/\/cordobadirecto.com\/index.php\/wp-json\/wp\/v2\/users\/1"}],"replies":[{"embeddable":true,"href":"http:\/\/cordobadirecto.com\/index.php\/wp-json\/wp\/v2\/comments?post=162720"}],"version-history":[{"count":0,"href":"http:\/\/cordobadirecto.com\/index.php\/wp-json\/wp\/v2\/posts\/162720\/revisions"}],"wp:featuredmedia":[{"embeddable":true,"href":"http:\/\/cordobadirecto.com\/index.php\/wp-json\/wp\/v2\/media\/162721"}],"wp:attachment":[{"href":"http:\/\/cordobadirecto.com\/index.php\/wp-json\/wp\/v2\/media?parent=162720"}],"wp:term":[{"taxonomy":"category","embeddable":true,"href":"http:\/\/cordobadirecto.com\/index.php\/wp-json\/wp\/v2\/categories?post=162720"},{"taxonomy":"post_tag","embeddable":true,"href":"http:\/\/cordobadirecto.com\/index.php\/wp-json\/wp\/v2\/tags?post=162720"}],"curies":[{"name":"wp","href":"https:\/\/api.w.org\/{rel}","templated":true}]}}