{"id":162728,"date":"2025-02-27T20:56:04","date_gmt":"2025-02-27T20:56:04","guid":{"rendered":"https:\/\/cordoba.gob.ar\/?p=75038"},"modified":"2025-02-27T20:56:04","modified_gmt":"2025-02-27T20:56:04","slug":"san-vicente-se-prepara-para-recibir-la-pena-de-tu-ciudad","status":"publish","type":"post","link":"http:\/\/cordobadirecto.com\/index.php\/2025\/02\/27\/san-vicente-se-prepara-para-recibir-la-pena-de-tu-ciudad\/","title":{"rendered":"San Vicente se prepara para recibir \u201cLa pe\u00f1a de tu ciudad\u201d"},"content":{"rendered":"<div><img src=\"http:\/\/cordobadirecto.com\/wp-content\/uploads\/2025\/02\/san-vicente-se-prepara-para-recibir-la-pena-de-tu-ciudad.jpg\" class=\"ff-og-image-inserted\"><\/div>\n<ul>\n<li data-prosemirror-content-type=\"node\" data-prosemirror-node-name=\"paragraph\" data-prosemirror-node-block=\"true\"><strong><strong>Desde las 20 horas, los vecinos del hist\u00f3rico barrio cordob\u00e9s podr\u00e1n disfrutar de bailes y m\u00fasica folcl\u00f3rica en vivo.<\/strong><\/strong><br \/>\n<hr>\n<\/li>\n<\/ul>\n<p data-prosemirror-content-type=\"node\" data-prosemirror-node-name=\"paragraph\" data-prosemirror-node-block=\"true\">Este viernes 28 de febrero, C\u00f3rdoba tendr\u00e1 otra edici\u00f3n de \u201cLa pe\u00f1a de tu ciudad\u201d, el evento de la Municipalidad de C\u00f3rdoba que trae el folclore y las tradiciones a los barrios.<\/p>\n<p data-prosemirror-content-type=\"node\" data-prosemirror-node-name=\"paragraph\" data-prosemirror-node-block=\"true\">En \u00e9pocas de festivales, el municipio ofrece un espacio para disfrutar de nuestra cultura a los vecinos que no pueden costear una entrada o un viaje .<\/p>\n<p data-prosemirror-content-type=\"node\" data-prosemirror-node-name=\"paragraph\" data-prosemirror-node-block=\"true\">En esta oportunidad, el encuentro ser\u00e1 en la Plaza Mariano Moreno, del barrio San Vicente, a partir de las 20 horas. Entrada libre y gratuita.<\/p>\n<p data-prosemirror-content-type=\"node\" data-prosemirror-node-name=\"paragraph\" data-prosemirror-node-block=\"true\">La jornada tendr\u00e1 la participaci\u00f3n especial de Jorge Luis Carabajal, un nombre hist\u00f3rico de la m\u00fasica folcl\u00f3rica argentina.<\/p>\n<p data-prosemirror-content-type=\"node\" data-prosemirror-node-name=\"paragraph\" data-prosemirror-node-block=\"true\">Los dem\u00e1s artistas ser\u00e1n n\u00fameros barriales, en el marco de una iniciativa que impulsa los talentos de los barrios en cada una de sus ediciones.<\/p>\n<p data-prosemirror-content-type=\"node\" data-prosemirror-node-name=\"paragraph\" data-prosemirror-node-block=\"true\">La grilla estar\u00e1 compuesta por Amanecer Nativo, Mensajeros Folk, Revoluci\u00f3n C\u00f3rdoba, Aire Norte\u00f1o, Los Amigos del Folclore, Maite Base, D\u00fao Sanvicentino, Viene Clareando, Keko Garay y Nico Villa.<\/p>\n<p data-prosemirror-content-type=\"node\" data-prosemirror-node-name=\"paragraph\" data-prosemirror-node-block=\"true\">Est\u00e1n invitados los vecinos y vecinas de toda la zona, especialmente aquellos ubicados dentro de la jurisdicci\u00f3n del CPC San Vicente como M\u00fcller, Maldonado, Campo de la Ribera, Acosta, entre otros.<\/p>\n<p data-prosemirror-content-type=\"node\" data-prosemirror-node-name=\"paragraph\" data-prosemirror-node-block=\"true\">En caso de lluvia, se suspender\u00e1 el evento. De todas formas, durante los pr\u00f3ximos fines de semana sucesivos, tendr\u00e1n lugar nuevas ediciones en otros barrios de la ciudad.<\/p>\n","protected":false},"excerpt":{"rendered":"<p>Desde las 20 horas, los vecinos del hist\u00f3rico barrio cordob\u00e9s podr\u00e1n disfrutar de bailes y m\u00fasica folcl\u00f3rica en vivo. Este viernes 28 de febrero, C\u00f3rdoba tendr\u00e1 otra edici\u00f3n de \u201cLa pe\u00f1a de tu ciudad\u201d, el evento de la Municipalidad de C\u00f3rdoba que trae el folclore y las tradiciones a los barrios. En \u00e9pocas de festivales, [&hellip;]<\/p>\n","protected":false},"author":1,"featured_media":162729,"comment_status":"closed","ping_status":"closed","sticky":false,"template":"","format":"standard","meta":[],"categories":[44],"tags":[],"_links":{"self":[{"href":"http:\/\/cordobadirecto.com\/index.php\/wp-json\/wp\/v2\/posts\/162728"}],"collection":[{"href":"http:\/\/cordobadirecto.com\/index.php\/wp-json\/wp\/v2\/posts"}],"about":[{"href":"http:\/\/cordobadirecto.com\/index.php\/wp-json\/wp\/v2\/types\/post"}],"author":[{"embeddable":true,"href":"http:\/\/cordobadirecto.com\/index.php\/wp-json\/wp\/v2\/users\/1"}],"replies":[{"embeddable":true,"href":"http:\/\/cordobadirecto.com\/index.php\/wp-json\/wp\/v2\/comments?post=162728"}],"version-history":[{"count":0,"href":"http:\/\/cordobadirecto.com\/index.php\/wp-json\/wp\/v2\/posts\/162728\/revisions"}],"wp:featuredmedia":[{"embeddable":true,"href":"http:\/\/cordobadirecto.com\/index.php\/wp-json\/wp\/v2\/media\/162729"}],"wp:attachment":[{"href":"http:\/\/cordobadirecto.com\/index.php\/wp-json\/wp\/v2\/media?parent=162728"}],"wp:term":[{"taxonomy":"category","embeddable":true,"href":"http:\/\/cordobadirecto.com\/index.php\/wp-json\/wp\/v2\/categories?post=162728"},{"taxonomy":"post_tag","embeddable":true,"href":"http:\/\/cordobadirecto.com\/index.php\/wp-json\/wp\/v2\/tags?post=162728"}],"curies":[{"name":"wp","href":"https:\/\/api.w.org\/{rel}","templated":true}]}}