{"id":16273,"date":"2021-08-31T01:00:00","date_gmt":"2021-08-31T01:00:00","guid":{"rendered":"http:\/\/cordobadirecto.com\/index.php\/2021\/08\/31\/eeuu-completo-su-salida-de-afganistan-y-puso-fin-a-20-anos-de-intervencion-militar\/"},"modified":"2021-08-31T01:00:00","modified_gmt":"2021-08-31T01:00:00","slug":"eeuu-completo-su-salida-de-afganistan-y-puso-fin-a-20-anos-de-intervencion-militar","status":"publish","type":"post","link":"http:\/\/cordobadirecto.com\/index.php\/2021\/08\/31\/eeuu-completo-su-salida-de-afganistan-y-puso-fin-a-20-anos-de-intervencion-militar\/","title":{"rendered":"EEUU complet\u00f3 su salida de Afganist\u00e1n y puso fin a 20 a\u00f1os de intervenci\u00f3n militar"},"content":{"rendered":"<div class=\"image\" id=\"image\" readability=\"8\"> <img src=\"http:\/\/cordobadirecto.com\/wp-content\/uploads\/2021\/08\/eeuu-completo-su-salida-de-afganistan-y-puso-fin-a-20-anos-de-intervencion-militar.jpg\" alt=\"Casi dos d\u00e9cadas despu\u00e9s, las tropas de EEUU abandonan Afganist\u00e1n\" title=\"Casi dos d\u00e9cadas despu\u00e9s, las tropas de EEUU abandonan Afganist\u00e1n\"><\/p>\n<p>Casi dos d\u00e9cadas despu\u00e9s, las tropas de EEUU abandonan Afganist\u00e1n<\/p>\n<\/div>\n<p>El \u00faltimo soldado norteamericano sali\u00f3 este lunes de Afganist\u00e1n, dejando el pa\u00eds en manos de los talibanes tras la guerra m\u00e1s larga en la historia de Estados Unidos, que acab\u00f3 en una humillante derrota para la primera potencia y sus aliados occidentales.&nbsp;<\/p>\n<p><strong>&#8220;El \u00faltimo avi\u00f3n C-17 despeg\u00f3 del aeropuerto de Kabul el 30 de agosto&#8221; a las 19H29 GMT, declar\u00f3 el general Kenneth McKenzie<\/strong> en una conferencia de prensa.<\/p>\n<p><strong>&#8220;Aunque se complet\u00f3 la evacuaci\u00f3n militar, contin\u00faa la misi\u00f3n diplom\u00e1tica para asegurar m\u00e1s ciudadanos estadounidenses y afganos elegibles que quieran irse&#8221;<\/strong>, agreg\u00f3 el jefe del Comando Central de Estados Unidos a cargo de Afganist\u00e1n.<\/p>\n<p> <iframe width=\"560\" height=\"315\" src=\"https:\/\/www.youtube.com\/embed\/oBDzBR-bZHs?wmode=transparent&amp;showinfo=0&amp;autohide=1&amp;rel=0\" frameborder=\"0\" allowfullscreen>[embedded content]<\/iframe> <\/p>\n<p>EEUU complet\u00f3 su salida de Afganist\u00e1n y puso fin a 20 a\u00f1os de intervenci\u00f3n militar<\/p>\n<p>El militar, citado por las agencias de noticias AFP y ANSA, dijo que &#8220;desde el 14 de agosto, durante un per\u00edodo de 18 d\u00edas, aviones de Estados Unidos y sus aliados han evacuado a m\u00e1s de 123.000 civiles del Aeropuerto Internacional Hami Karzai&#8221;.<\/p>\n<p><strong>&#8220;El retiro de esta noche significa tanto el final de la evacuaci\u00f3n del material militar <a href=\"https:\/\/www.telam.com.ar\/notas\/202108\/566861-veinte-anos-en-afganistan.html\" target=\"_blank\" rel=\"noopener\">como el fin de casi 20 a\u00f1os de misi\u00f3n iniciada en Afganist\u00e1n <\/a>poco despu\u00e9s del 11 de septiembre&#8221;,<\/strong> agreg\u00f3 Kenneth McKenzie, quien ponder\u00f3 que se trat\u00f3 de &#8220;una misi\u00f3n que entreg\u00f3 a la justicia a Osama Ben Laden junto con muchos co-conspiradores de al-Qaeda&#8221;.<\/p>\n<p>Evalu\u00f3 que el costo de la operaci\u00f3n &#8220;fue de 2.461 militares y civiles&nbsp;norteamericanos muertos y m\u00e1s de 20.000 heridos, incluyendo&nbsp;desafortunadamente los 13 marines fallecidos la semana pasada en un atentado suicida&#8221;.<\/p>\n<p>El embajador de Estados Unidos en Afganist\u00e1n y el comandante de las fuerzas militares estadounidenses en suelo afgano fueron los \u00faltimos en abordar el vuelo final de evacuaci\u00f3n de Kabul, anunci\u00f3 el lunes el Pent\u00e1gono.<\/p>\n<div class=\"js-code\" readability=\"7.4565868263473\">\n<blockquote class=\"twitter-tweet\" readability=\"8.7724550898204\">\n<p lang=\"en\" dir=\"ltr\">\u201cI\u2019m here to announce the completion of our withdrawal from Afghanistan \u2026 The last C-17 lifted off from Hamid Karzai International Airport on August 30th this afternoon at 3:29 East Coast time.\u201d<\/p>\n<p>\u2014 Gen. Kenneth McKenzie, Commander of U.S. Central Command <a href=\"https:\/\/t.co\/uEZOTrvCxl\">pic.twitter.com\/uEZOTrvCxl<\/a><\/p>\n<p>\u2014 The Recount (@therecount) <a href=\"https:\/\/twitter.com\/therecount\/status\/1432444909290770432?ref_src=twsrc%5Etfw\">August 30, 2021<\/a><\/p><\/blockquote><\/div>\n<p><strong>&#8220;A bordo del \u00faltimo avi\u00f3n estaba el general Chris Donahue&#8221;<\/strong>, comandante de las fuerzas militares estadounidenses en suelo afgano, junto con el embajador Ross Wilson, dijo el general Kenneth McKenzie, comandante del Comando Central de Estados Unidos del que depende Afganist\u00e1n.<\/p>\n<p>La partida estadounidense fue festejada con disparos en la capital Kabul, reportaron testigos.<\/p>\n<p>Las r\u00e1fagas proced\u00edan en particular de los principales puestos de control de los talibanes, mientras los gritos de j\u00fabilo se oyeron tambi\u00e9n desde lugares ubicados en la antigua &#8220;zona verde&#8221;.<\/p>\n<p>&#8220;Hicimos historia&#8221;, se jact\u00f3 por su parte un comandante talib\u00e1n sobre la partida del \u00faltimo avi\u00f3n estadounidense.<\/p>\n<p><strong>&#8220;El \u00faltimo ocupante estadounidense se retir\u00f3 (del aeropuerto de Kabul) a las 12 en punto y nuestro pa\u00eds obtuvo su completa independencia, alabanza y gratitud a Dios&#8221;<\/strong>, dijo a su vez un portavoz talib\u00e1n en Twitter.<\/p>\n<p>El presidente dem\u00f3crata Joe Biden, muy criticado en su pa\u00eds y buena parte de mundo por la retirada estadounidense, descart\u00f3 d\u00edas atr\u00e1s reconocer a corto plazo al nuevo r\u00e9gimen islamista. <\/p>\n","protected":false},"excerpt":{"rendered":"<p>Casi dos d\u00e9cadas despu\u00e9s, las tropas de EEUU abandonan Afganist\u00e1n El \u00faltimo soldado norteamericano sali\u00f3 este lunes de Afganist\u00e1n, dejando el pa\u00eds en manos de los talibanes tras la guerra m\u00e1s larga en la historia de Estados Unidos, que acab\u00f3 en una humillante derrota para la primera potencia y sus aliados occidentales.&nbsp; &#8220;El \u00faltimo avi\u00f3n [&hellip;]<\/p>\n","protected":false},"author":1,"featured_media":16274,"comment_status":"closed","ping_status":"closed","sticky":false,"template":"","format":"standard","meta":[],"categories":[24],"tags":[],"_links":{"self":[{"href":"http:\/\/cordobadirecto.com\/index.php\/wp-json\/wp\/v2\/posts\/16273"}],"collection":[{"href":"http:\/\/cordobadirecto.com\/index.php\/wp-json\/wp\/v2\/posts"}],"about":[{"href":"http:\/\/cordobadirecto.com\/index.php\/wp-json\/wp\/v2\/types\/post"}],"author":[{"embeddable":true,"href":"http:\/\/cordobadirecto.com\/index.php\/wp-json\/wp\/v2\/users\/1"}],"replies":[{"embeddable":true,"href":"http:\/\/cordobadirecto.com\/index.php\/wp-json\/wp\/v2\/comments?post=16273"}],"version-history":[{"count":0,"href":"http:\/\/cordobadirecto.com\/index.php\/wp-json\/wp\/v2\/posts\/16273\/revisions"}],"wp:featuredmedia":[{"embeddable":true,"href":"http:\/\/cordobadirecto.com\/index.php\/wp-json\/wp\/v2\/media\/16274"}],"wp:attachment":[{"href":"http:\/\/cordobadirecto.com\/index.php\/wp-json\/wp\/v2\/media?parent=16273"}],"wp:term":[{"taxonomy":"category","embeddable":true,"href":"http:\/\/cordobadirecto.com\/index.php\/wp-json\/wp\/v2\/categories?post=16273"},{"taxonomy":"post_tag","embeddable":true,"href":"http:\/\/cordobadirecto.com\/index.php\/wp-json\/wp\/v2\/tags?post=16273"}],"curies":[{"name":"wp","href":"https:\/\/api.w.org\/{rel}","templated":true}]}}