{"id":162733,"date":"2025-02-28T21:55:16","date_gmt":"2025-02-28T21:55:16","guid":{"rendered":"https:\/\/cordoba.gob.ar\/?p=75099"},"modified":"2025-02-28T21:55:16","modified_gmt":"2025-02-28T21:55:16","slug":"un-finde-largo-para-disfrutar-del-parque-de-la-biodiversidad","status":"publish","type":"post","link":"http:\/\/cordobadirecto.com\/index.php\/2025\/02\/28\/un-finde-largo-para-disfrutar-del-parque-de-la-biodiversidad\/","title":{"rendered":"Un finde largo para disfrutar del Parque de la Biodiversidad"},"content":{"rendered":"<div><img src=\"http:\/\/cordobadirecto.com\/wp-content\/uploads\/2025\/03\/un-finde-largo-para-disfrutar-del-parque-de-la-biodiversidad.jpg\" class=\"ff-og-image-inserted\"><\/div>\n<ul>\n<li data-prosemirror-content-type=\"node\" data-prosemirror-node-name=\"paragraph\" data-prosemirror-node-block=\"true\"><strong>El espacio est\u00e1 abierto de jueves a domingo de 9 a 18 horas con entrada libre, abierta y gratuita<\/strong><\/li>\n<li data-prosemirror-content-type=\"node\" data-prosemirror-node-name=\"paragraph\" data-prosemirror-node-block=\"true\"><strong><strong>Por el feriado de carnaval abrir\u00e1 sus puertas tanto el lunes como el martes.<\/strong><\/strong><br \/>\n<hr>\n<\/li>\n<\/ul>\n<p data-prosemirror-content-type=\"node\" data-prosemirror-node-name=\"paragraph\" data-prosemirror-node-block=\"true\">Durante el finde largo de carnaval, el Parque de la Biodiversidad abrir\u00e1 sus puertas a los turistas, vecinos y vecinas de la ciudad que deseen recorrerlo.<\/p>\n<p data-prosemirror-content-type=\"node\" data-prosemirror-node-name=\"paragraph\" data-prosemirror-node-block=\"true\">Ubicado en uno de los extremos del emblem\u00e1tico Parque Sarmiento, en el coraz\u00f3n de barrio Nueva C\u00f3rdoba, el Parque de la Biodiversidad es un hermoso paseo para recorrer con amigos, familias o solo.<\/p>\n<p data-prosemirror-content-type=\"node\" data-prosemirror-node-name=\"paragraph\" data-prosemirror-node-block=\"true\">Se trata de un amplio espacio verde urbano y natural de 17 hect\u00e1reas enclavado en pleno centro de la ciudad de C\u00f3rdoba. Tiene recorridos pintorescos y tranquilos que invitan al descanso, la contemplaci\u00f3n, porque no a realizar una parada para tomar mates, hacer un picnic o simplemente sentarse a leer un libro en plena naturaleza.<\/p>\n<p data-prosemirror-content-type=\"node\" data-prosemirror-node-name=\"paragraph\" data-prosemirror-node-block=\"true\">La misi\u00f3n actual del ex zoo, hoy reconvertido en Parque de la Biodiversidad, es la protecci\u00f3n de la flora y la fauna a trav\u00e9s de la educaci\u00f3n ambiental, la conservaci\u00f3n, rehabilitaci\u00f3n, rescate y reinserci\u00f3n de animales.<\/p>\n<p data-prosemirror-content-type=\"node\" data-prosemirror-node-name=\"paragraph\" data-prosemirror-node-block=\"true\">Habitualmente abre al p\u00fablico de jueves a domingo de 9:00 a 18:00 con una hora de permanencia hasta las 19:00 horas. Pero, al ser este fin de semana <em data-prosemirror-content-type=\"mark\" data-prosemirror-mark-name=\"em\">extra large<\/em>, tambi\u00e9n estar\u00e1 abierto el lunes y el martes en el mismo horario.<\/p>\n<p data-prosemirror-content-type=\"node\" data-prosemirror-node-name=\"paragraph\" data-prosemirror-node-block=\"true\">El Parque puede visitarse con entrada libre y gratuita y puede visitarse reservando entradas en el siguiente <a href=\"https:\/\/acreditaciones.biocordoba.com.ar\/?fbclid=PAY2xjawGa7SVleHRuA2FlbQIxMAABpqIgDlyn-cW46XPl-Sk-MtQ5eAvVCiZo6qFzfPtQG_zIV4qBjpCD1NIt1A_aem_0otCcGbdpS2yyrqgBiDS0\" data-prosemirror-content-type=\"mark\" data-prosemirror-mark-name=\"link\">enlace<\/a>. En el formulario de inscripci\u00f3n los interesados deber\u00e1n indicar la cantidad de personas que asistir\u00e1n y podr\u00e1n elegir el d\u00eda y los horarios disponibles.<\/p>\n<p data-prosemirror-content-type=\"node\" data-prosemirror-node-name=\"paragraph\" data-prosemirror-node-block=\"true\">A quienes asistan se les recomienda concurrir &nbsp;con calzado c\u00f3modo, sombrero, repelente y botella de agua, la que podr\u00e1 recargarse durante el recorrido en los distintos puntos ubicados dentro del Parque.<\/p>\n<p data-prosemirror-content-type=\"node\" data-prosemirror-node-name=\"paragraph\" data-prosemirror-node-block=\"true\"><strong data-prosemirror-content-type=\"mark\" data-prosemirror-mark-name=\"strong\">Contemplaci\u00f3n, descanso y biodiversidad<\/strong><\/p>\n<p data-prosemirror-content-type=\"node\" data-prosemirror-node-name=\"paragraph\" data-prosemirror-node-block=\"true\">Durante el recorrido se podr\u00e1n observar m\u00faltiples postas de espacios patrimoniales recuperados, adem\u00e1s de recintos y jaulas vac\u00edas, que forman parte del trabajo de concientizaci\u00f3n que refleja un cambio de paradigma respecto al trato animal.<\/p>\n<p data-prosemirror-content-type=\"node\" data-prosemirror-node-name=\"paragraph\" data-prosemirror-node-block=\"true\">En el Parque tambi\u00e9n encontrar\u00e1n un Patio de las Infancias, equipado con distintos juegos para el disfrute de los ni\u00f1os. En cuanto a los animales, la interacci\u00f3n se plantea desde una contemplaci\u00f3n respetuosa y no invasiva. Cabe se\u00f1alar que tambi\u00e9n se podr\u00e1n ver algunas especies que se encuentran ubicadas en la zona de la laguna, conocida como Ansenuza.<\/p>\n<p data-prosemirror-content-type=\"node\" data-prosemirror-node-name=\"paragraph\" data-prosemirror-node-block=\"true\">Adem\u00e1s, al tratarse de un pulm\u00f3n verde enclavado en el centro de la ciudad, numerosas especies silvestres eligen habitar temporal o definitivamente en el parque, motivo por el cual por all\u00ed pueden verse con facilidad benteveos, garzas y aves acu\u00e1ticas atra\u00eddas por la laguna entre las que cuentan variedades de patos.<\/p>\n","protected":false},"excerpt":{"rendered":"<p>El espacio est\u00e1 abierto de jueves a domingo de 9 a 18 horas con entrada libre, abierta y gratuita Por el feriado de carnaval abrir\u00e1 sus puertas tanto el lunes como el martes. Durante el finde largo de carnaval, el Parque de la Biodiversidad abrir\u00e1 sus puertas a los turistas, vecinos y vecinas de la [&hellip;]<\/p>\n","protected":false},"author":1,"featured_media":162734,"comment_status":"closed","ping_status":"closed","sticky":false,"template":"","format":"standard","meta":[],"categories":[44],"tags":[],"_links":{"self":[{"href":"http:\/\/cordobadirecto.com\/index.php\/wp-json\/wp\/v2\/posts\/162733"}],"collection":[{"href":"http:\/\/cordobadirecto.com\/index.php\/wp-json\/wp\/v2\/posts"}],"about":[{"href":"http:\/\/cordobadirecto.com\/index.php\/wp-json\/wp\/v2\/types\/post"}],"author":[{"embeddable":true,"href":"http:\/\/cordobadirecto.com\/index.php\/wp-json\/wp\/v2\/users\/1"}],"replies":[{"embeddable":true,"href":"http:\/\/cordobadirecto.com\/index.php\/wp-json\/wp\/v2\/comments?post=162733"}],"version-history":[{"count":0,"href":"http:\/\/cordobadirecto.com\/index.php\/wp-json\/wp\/v2\/posts\/162733\/revisions"}],"wp:featuredmedia":[{"embeddable":true,"href":"http:\/\/cordobadirecto.com\/index.php\/wp-json\/wp\/v2\/media\/162734"}],"wp:attachment":[{"href":"http:\/\/cordobadirecto.com\/index.php\/wp-json\/wp\/v2\/media?parent=162733"}],"wp:term":[{"taxonomy":"category","embeddable":true,"href":"http:\/\/cordobadirecto.com\/index.php\/wp-json\/wp\/v2\/categories?post=162733"},{"taxonomy":"post_tag","embeddable":true,"href":"http:\/\/cordobadirecto.com\/index.php\/wp-json\/wp\/v2\/tags?post=162733"}],"curies":[{"name":"wp","href":"https:\/\/api.w.org\/{rel}","templated":true}]}}