{"id":162735,"date":"2025-02-28T20:49:32","date_gmt":"2025-02-28T20:49:32","guid":{"rendered":"https:\/\/cordoba.gob.ar\/?p=75137"},"modified":"2025-02-28T20:49:32","modified_gmt":"2025-02-28T20:49:32","slug":"carnavales-barriales-2025-llega-un-finde-xxl-a-puro-ritmo-e-identidad-cordobesa","status":"publish","type":"post","link":"http:\/\/cordobadirecto.com\/index.php\/2025\/02\/28\/carnavales-barriales-2025-llega-un-finde-xxl-a-puro-ritmo-e-identidad-cordobesa\/","title":{"rendered":"Carnavales Barriales 2025: llega un finde XXL a puro ritmo e identidad cordobesa"},"content":{"rendered":"<div><img src=\"http:\/\/cordobadirecto.com\/wp-content\/uploads\/2025\/03\/carnavales-barriales-2025-llega-un-finde-xxl-a-puro-ritmo-e-identidad-cordobesa.jpg\" class=\"ff-og-image-inserted\"><\/div>\n<ul>\n<li data-prosemirror-content-type=\"node\" data-prosemirror-node-name=\"paragraph\" data-prosemirror-node-block=\"true\"><strong><strong>Con presentaciones de murgas, comparsas y batucadas en San Francisco zona ruta 20, Los Cortaderos, Talleres, Alta C\u00f3rdoba, Los Robles, Villa Boedo, Alberdi y Don Bosco.<\/strong><\/strong><br \/>\n<hr>\n<\/li>\n<\/ul>\n<p data-prosemirror-content-type=\"node\" data-prosemirror-node-name=\"paragraph\" data-prosemirror-node-block=\"true\">La Municipalidad de C\u00f3rdoba invita a disfrutar de un fin de semana XXL de esta festividad &nbsp;popular que viene recorriendo diferentes barrios de la ciudad: los Carnavales Barriales.<\/p>\n<p data-prosemirror-content-type=\"node\" data-prosemirror-node-name=\"paragraph\" data-prosemirror-node-block=\"true\">El acceso es libre y gratuito. Se suspende en caso de condiciones clim\u00e1ticas adversas.<\/p>\n<p data-prosemirror-content-type=\"node\" data-prosemirror-node-name=\"paragraph\" data-prosemirror-node-block=\"true\">Este s\u00e1bado 1 de marzo, a partir de las 18:00 horas recibe los festejos de carnaval los barrios San Francisco zona ruta 20, Los Cortaderos y Talleres.<\/p>\n<p data-prosemirror-content-type=\"node\" data-prosemirror-node-name=\"paragraph\" data-prosemirror-node-block=\"true\">Sobre la Plaza Emilio Crouzeilles en la Avenida Julio A. Roca 1650, frente Rotonda del Ala Ruta 20, tendr\u00e1 lugar el \u201cEl Carnaval Orilleros\u201d, organiza Orilleros de la Ca\u00f1ada.<\/p>\n<p data-prosemirror-content-type=\"node\" data-prosemirror-node-name=\"paragraph\" data-prosemirror-node-block=\"true\">En barrio Los Cortaderos, en la calle Los Polacos 7500, llega el turno de \u201cPoderoso Carnaval\u201d, con la organizaci\u00f3n de La Poderosa, La Minga, La Mesa Multisectorial de Los Cortaderos, Secretar\u00eda de Extensi\u00f3n de la UNC.<\/p>\n<p data-prosemirror-content-type=\"node\" data-prosemirror-node-name=\"paragraph\" data-prosemirror-node-block=\"true\">Y en el mismo horario, llega \u201cEl Carnaval vuelve al Barrio\u201d, un encuentro con presentaci\u00f3n de murgas, batucadas en la Plaza Pedro Vivas, en Av. Juan XXIII y Paysand\u00fa. Organiza, Biblioteca Talleres, Centro Vecinal de Talleres, escuelas de la zona y operativo 9.<\/p>\n<p data-prosemirror-content-type=\"node\" data-prosemirror-node-name=\"paragraph\" data-prosemirror-node-block=\"true\"><strong data-prosemirror-content-type=\"mark\" data-prosemirror-mark-name=\"strong\">\u00a1Que siga el carnaval!<\/strong><\/p>\n<p data-prosemirror-content-type=\"node\" data-prosemirror-node-name=\"paragraph\" data-prosemirror-node-block=\"true\">Por su parte, el domingo 2, de 18:00 a 22:00 contin\u00faa la celebraci\u00f3n popular de los carnavales en los barrios Alta C\u00f3rdoba, Los Robles, Villa Boedo.<\/p>\n<p data-prosemirror-content-type=\"node\" data-prosemirror-node-name=\"paragraph\" data-prosemirror-node-block=\"true\">La Plaza Rivadavia (Juan Sarachaga 800) es el coraz\u00f3n del tradicional barrio de Alta C\u00f3rdoba, ubicada en Juan Sarachaga 800, se colmar\u00e1 de ritmo murguero con el \u201cCarnaval 2025\u201d.<\/p>\n<p data-prosemirror-content-type=\"node\" data-prosemirror-node-name=\"paragraph\" data-prosemirror-node-block=\"true\">All\u00ed se desplazar\u00e1 la murga La Guapachosa del barrio, un colectivo con sus puertas abiertas a la comunidad. \u00abLa onda es bien cordobesa\u201d.<\/p>\n<p data-prosemirror-content-type=\"node\" data-prosemirror-node-name=\"paragraph\" data-prosemirror-node-block=\"true\">En el barrio los Robles, sus vecinos tendr\u00e1n ritmo murguero, sobre las calles Juana Manso 6500 esquina colectora Ceballos, en el espacio verde y plaza, all\u00ed desfilar\u00e1 el \u201cCarnaval el barrio de fiesta, lo bueno est\u00e1 por venir\u201d, organiza Murga \u201cLo bueno est\u00e1 por venir\u00bb, guarder\u00eda y sala cuna de barrio los Robles.<\/p>\n<p data-prosemirror-content-type=\"node\" data-prosemirror-node-name=\"paragraph\" data-prosemirror-node-block=\"true\">Para el domingo, llega el \u201cCarnaval Haciendo un poco de Ruido Villa Boedo\u201d, entre Manzana 32 y Manzana 4 del barrio Boedo, organiza el Centro vecinal polideportivo social asociaci\u00f3n civil cooperativa de trabajo textil, escuelitas de f\u00fatbol merenderos y comedores.<\/p>\n<p data-prosemirror-content-type=\"node\" data-prosemirror-node-name=\"paragraph\" data-prosemirror-node-block=\"true\">Y como cierre de esta gran festividad, el lunes 3 de marzo, desde las 18 hs en el tradicional barrio Alberdi, sobre las calles 9 de Julio esquina Arturo Orgaz, desfilar\u00e1 el \u201cCarnaval Popular de barrio Alberdi\u201d. Organiza el Centro Vecinal Alberdi, Murga Descontrolades de Alberdi, Murga Absurda Locura, Feria Paseo del Aguaducho, Feria Agroecol\u00f3gica de Alberdi, Feria Paseo Pueblo la Toma, Warmi Payiri, Belgrano Cultura.<\/p>\n<p data-prosemirror-content-type=\"node\" data-prosemirror-node-name=\"paragraph\" data-prosemirror-node-block=\"true\">Y en el mismo horario, ser\u00e1 el \u201cCarnaval de Don Bosco\u201d, sobre la calle Jos\u00e9 Vespignani 251, organizado por el grupo de Vecinos de por vecinos de Don Bosco.<\/p>\n","protected":false},"excerpt":{"rendered":"<p>Con presentaciones de murgas, comparsas y batucadas en San Francisco zona ruta 20, Los Cortaderos, Talleres, Alta C\u00f3rdoba, Los Robles, Villa Boedo, Alberdi y Don Bosco. La Municipalidad de C\u00f3rdoba invita a disfrutar de un fin de semana XXL de esta festividad &nbsp;popular que viene recorriendo diferentes barrios de la ciudad: los Carnavales Barriales. El [&hellip;]<\/p>\n","protected":false},"author":1,"featured_media":162736,"comment_status":"closed","ping_status":"closed","sticky":false,"template":"","format":"standard","meta":[],"categories":[44],"tags":[],"_links":{"self":[{"href":"http:\/\/cordobadirecto.com\/index.php\/wp-json\/wp\/v2\/posts\/162735"}],"collection":[{"href":"http:\/\/cordobadirecto.com\/index.php\/wp-json\/wp\/v2\/posts"}],"about":[{"href":"http:\/\/cordobadirecto.com\/index.php\/wp-json\/wp\/v2\/types\/post"}],"author":[{"embeddable":true,"href":"http:\/\/cordobadirecto.com\/index.php\/wp-json\/wp\/v2\/users\/1"}],"replies":[{"embeddable":true,"href":"http:\/\/cordobadirecto.com\/index.php\/wp-json\/wp\/v2\/comments?post=162735"}],"version-history":[{"count":0,"href":"http:\/\/cordobadirecto.com\/index.php\/wp-json\/wp\/v2\/posts\/162735\/revisions"}],"wp:featuredmedia":[{"embeddable":true,"href":"http:\/\/cordobadirecto.com\/index.php\/wp-json\/wp\/v2\/media\/162736"}],"wp:attachment":[{"href":"http:\/\/cordobadirecto.com\/index.php\/wp-json\/wp\/v2\/media?parent=162735"}],"wp:term":[{"taxonomy":"category","embeddable":true,"href":"http:\/\/cordobadirecto.com\/index.php\/wp-json\/wp\/v2\/categories?post=162735"},{"taxonomy":"post_tag","embeddable":true,"href":"http:\/\/cordobadirecto.com\/index.php\/wp-json\/wp\/v2\/tags?post=162735"}],"curies":[{"name":"wp","href":"https:\/\/api.w.org\/{rel}","templated":true}]}}