{"id":162740,"date":"2025-03-01T05:51:50","date_gmt":"2025-03-01T05:51:50","guid":{"rendered":"https:\/\/puntoapunto.com.ar\/?p=370608"},"modified":"2025-03-01T05:51:50","modified_gmt":"2025-03-01T05:51:50","slug":"ducati-mostro-sus-cartas-para-el-mundial-de-mxgp-que-se-disputara-en-cordoba","status":"publish","type":"post","link":"http:\/\/cordobadirecto.com\/index.php\/2025\/03\/01\/ducati-mostro-sus-cartas-para-el-mundial-de-mxgp-que-se-disputara-en-cordoba\/","title":{"rendered":"Ducati mostr\u00f3 sus cartas para el Mundial de MXGP que se disputar\u00e1 en C\u00f3rdoba"},"content":{"rendered":"<p>&nbsp;<!-- \u00a1O bien no hay banners, estan desactivados o no estan programados para esta ubicaci\u00f3n! -->\n<\/p>\n<p>&nbsp;\n<\/p>\n<p>El debut en el Campeonato del Mundo de Motocross representa un nuevo hito hist\u00f3rico para Ducati que, despu\u00e9s de prevalecer en su primera participaci\u00f3n en el Campeonato Italiano de MX1 2024 con Alessandro Lupino a bordo de la flamante Desmo450 MX y tras cumplir con dos presentaciones en sendas fechas del Mundial de MXGP de la pasada temporada (Pa\u00edses Bajos y Espa\u00f1a, con Tony Cairoli y el italiano Lupino, respectivamente), tomar\u00e1 parte este a\u00f1o del certamen completo de MXGP con el piloto suizo Jeremy Seewer y el joven talento italiano Mattia Guadagnini.\n<\/p>\n<p>El campeonato 2025 comenzar\u00e1 este pr\u00f3ximo 1 y 2 de marzo en el circuito Infinito Race Track ubicado en las afueras de C\u00f3rdoba, y finalizar\u00e1 el 21 de septiembre en el trazado de Darwin, Australia.\n<\/p>\n<p>La presentaci\u00f3n para el primer fin de semana mundialista del Aruba.it-Ducati Factory MX Team se realiz\u00f3 en instalaciones de Ducati C\u00f3rdoba, en su local ubicado en Av. Col\u00f3n 4065 de la capital mediterr\u00e1nea y cont\u00f3 con la presencia de sendas motos Ducati Desmo450 que tripular\u00e1n Jeremy Seewer (#91) y Mattia Guadagnini (#101), junto a la participaci\u00f3n de Paolo Ciabatti (Manager General de Ducati Corse Off-Road) y de Davide Perni (Manager T\u00e9cnico del proyecto de Ducati en MXGP). Adem\u00e1s, estuvieron presentes Corrado y Marco Maddii, en representaci\u00f3n del grupo t\u00e9cnico del Aruba.it-Ducati Factory MX Team, as\u00ed como otros integrantes del equipo.<!-- \u00a1O bien no hay banners, estan desactivados o no estan programados para esta ubicaci\u00f3n! -->\n<\/p>\n<p><img decoding=\"async\" class=\"aligncenter wp-image-370610 size-large\" src=\"http:\/\/cordobadirecto.com\/wp-content\/uploads\/2025\/03\/ducati-mostro-sus-cartas-para-el-mundial-de-mxgp-que-se-disputara-en-cordoba.jpg\" alt=\"Ducati\" width=\"1024\" height=\"683\" srcset=\"http:\/\/cordobadirecto.com\/wp-content\/uploads\/2025\/03\/ducati-mostro-sus-cartas-para-el-mundial-de-mxgp-que-se-disputara-en-cordoba.jpg 1024w, http:\/\/cordobadirecto.com\/wp-content\/uploads\/2025\/03\/ducati-mostro-sus-cartas-para-el-mundial-de-mxgp-que-se-disputara-en-cordoba-2.jpg 300w, http:\/\/cordobadirecto.com\/wp-content\/uploads\/2025\/03\/ducati-mostro-sus-cartas-para-el-mundial-de-mxgp-que-se-disputara-en-cordoba-3.jpg 768w, http:\/\/cordobadirecto.com\/wp-content\/uploads\/2025\/03\/ducati-mostro-sus-cartas-para-el-mundial-de-mxgp-que-se-disputara-en-cordoba-4.jpg 1536w, http:\/\/cordobadirecto.com\/wp-content\/uploads\/2025\/03\/ducati-mostro-sus-cartas-para-el-mundial-de-mxgp-que-se-disputara-en-cordoba-5.jpg 2048w, http:\/\/cordobadirecto.com\/wp-content\/uploads\/2025\/03\/ducati-mostro-sus-cartas-para-el-mundial-de-mxgp-que-se-disputara-en-cordoba-6.jpg 750w, http:\/\/cordobadirecto.com\/wp-content\/uploads\/2025\/03\/ducati-mostro-sus-cartas-para-el-mundial-de-mxgp-que-se-disputara-en-cordoba-7.jpg 1140w\" sizes=\"(max-width: 1024px) 100vw, 1024px\" loading=\"lazy\"><\/p>\n<p>Tambi\u00e9n, junto a los responsables de Ducati C\u00f3rdoba, hicieron las veces de anfitriones directivos y personal del Centro Industrial C\u00f3rdoba de Volkswagen Argentina, quienes aprovecharon la oportunidad de tener un contacto directo con los integrantes del equipo llegado desde Italia, en momentos en que se est\u00e1 en pleno proceso de desarrollo para la implementaci\u00f3n del tercer modelo producido localmente; la vers\u00e1til Ducati DesertX que se suma a las versiones ya producidas en Argentina de los modelos Ducati Multistrada V2 y gama Scrambler Next Gen.\n<\/p>\n<p><img loading=\"lazy\" decoding=\"async\" class=\"aligncenter wp-image-370611 size-large\" src=\"http:\/\/cordobadirecto.com\/wp-content\/uploads\/2025\/03\/ducati-mostro-sus-cartas-para-el-mundial-de-mxgp-que-se-disputara-en-cordoba-1.jpg\" alt=\"Ducati\" width=\"1024\" height=\"683\" srcset=\"http:\/\/cordobadirecto.com\/wp-content\/uploads\/2025\/03\/ducati-mostro-sus-cartas-para-el-mundial-de-mxgp-que-se-disputara-en-cordoba-1.jpg 1024w, http:\/\/cordobadirecto.com\/wp-content\/uploads\/2025\/03\/ducati-mostro-sus-cartas-para-el-mundial-de-mxgp-que-se-disputara-en-cordoba-8.jpg 300w, http:\/\/cordobadirecto.com\/wp-content\/uploads\/2025\/03\/ducati-mostro-sus-cartas-para-el-mundial-de-mxgp-que-se-disputara-en-cordoba-9.jpg 768w, http:\/\/cordobadirecto.com\/wp-content\/uploads\/2025\/03\/ducati-mostro-sus-cartas-para-el-mundial-de-mxgp-que-se-disputara-en-cordoba-10.jpg 1536w, http:\/\/cordobadirecto.com\/wp-content\/uploads\/2025\/03\/ducati-mostro-sus-cartas-para-el-mundial-de-mxgp-que-se-disputara-en-cordoba-11.jpg 2048w, http:\/\/cordobadirecto.com\/wp-content\/uploads\/2025\/03\/ducati-mostro-sus-cartas-para-el-mundial-de-mxgp-que-se-disputara-en-cordoba-12.jpg 750w, http:\/\/cordobadirecto.com\/wp-content\/uploads\/2025\/03\/ducati-mostro-sus-cartas-para-el-mundial-de-mxgp-que-se-disputara-en-cordoba-13.jpg 1140w\" sizes=\"auto, (max-width: 1024px) 100vw, 1024px\">\n<\/p>\n<p><em>\u201cDucati decidi\u00f3 afrontar un importante desaf\u00edo en el mundo del off-road desarrollando un nuevo modelo, la Desmo450 MX. Esta moto, es la \u00fanica m\u00e1quina de motocross del mundo en utilizar el sistema desmodr\u00f3mico para el accionamiento de las v\u00e1lvulas\u201d- manifest\u00f3 Paolo Ciabatti durante la reuni\u00f3n realizada en C\u00f3rdoba-. \u201cEl a\u00f1o pasado debutamos en el Campeonato Italiano, venciendo el t\u00edtulo en la clase MX1 y esta temporada nos dedicaremos con una atenci\u00f3n exclusiva al Mundial de MXGP. Por lo tanto, estamos felices de haber conformado una estructura s\u00f3lida a trav\u00e9s del Aruba.it, con la colaboraci\u00f3n de Marco Maddii y toda su gente, para encarar juntos esta fant\u00e1stica aventura deportiva y, mediante el trabajo en pista de dos grandes pilotos como Jeremy y Mattia, poner el mayor empe\u00f1o para realizar un gran papel en uno de los campeonato m\u00e1s importantes del motociclismo internacional\u201d.<\/em>\n<\/p>\n<p>De la misma manera, tanto Jeremy Seewer como Mattia Guadagnini coincidieron en afirmar en que cuentan con muchas expectativas en relaci\u00f3n al funcionamiento y comportamiento de la moto en esta temporada inicial y aguardan con ansias iniciar la actividad oficial para as\u00ed concretar el debut de Ducati en el Mundial de MXGP.\n<\/p>\n<p>&nbsp;\n<\/p>\n<div class=\"g g-38\">\n<div class=\"g-dyn a-12 c-1\"><a class=\"gofollow\" data-track=\"MTIsMzgsMSw2MA==\" href=\"https:\/\/hospitalprivado.com.ar\/blog\/institucional\/somos-la-primera-institucion-del-interior-del-pais-en-acreditar-joint-commission-international.html\" target=\"_blank\" rel=\"noopener\"><img src=\"http:\/\/cordobadirecto.com\/wp-content\/uploads\/2025\/03\/ducati-mostro-sus-cartas-para-el-mundial-de-mxgp-que-se-disputara-en-cordoba.gif\" loading=\"lazy\"><\/a><\/div>\n<\/div>\n","protected":false},"excerpt":{"rendered":"<p>&nbsp; &nbsp; El debut en el Campeonato del Mundo de Motocross representa un nuevo hito hist\u00f3rico para Ducati que, despu\u00e9s de prevalecer en su primera participaci\u00f3n en el Campeonato Italiano de MX1 2024 con Alessandro Lupino a bordo de la flamante Desmo450 MX y tras cumplir con dos presentaciones en sendas fechas del Mundial de [&hellip;]<\/p>\n","protected":false},"author":1,"featured_media":162741,"comment_status":"closed","ping_status":"closed","sticky":false,"template":"","format":"standard","meta":[],"categories":[25],"tags":[],"_links":{"self":[{"href":"http:\/\/cordobadirecto.com\/index.php\/wp-json\/wp\/v2\/posts\/162740"}],"collection":[{"href":"http:\/\/cordobadirecto.com\/index.php\/wp-json\/wp\/v2\/posts"}],"about":[{"href":"http:\/\/cordobadirecto.com\/index.php\/wp-json\/wp\/v2\/types\/post"}],"author":[{"embeddable":true,"href":"http:\/\/cordobadirecto.com\/index.php\/wp-json\/wp\/v2\/users\/1"}],"replies":[{"embeddable":true,"href":"http:\/\/cordobadirecto.com\/index.php\/wp-json\/wp\/v2\/comments?post=162740"}],"version-history":[{"count":0,"href":"http:\/\/cordobadirecto.com\/index.php\/wp-json\/wp\/v2\/posts\/162740\/revisions"}],"wp:featuredmedia":[{"embeddable":true,"href":"http:\/\/cordobadirecto.com\/index.php\/wp-json\/wp\/v2\/media\/162741"}],"wp:attachment":[{"href":"http:\/\/cordobadirecto.com\/index.php\/wp-json\/wp\/v2\/media?parent=162740"}],"wp:term":[{"taxonomy":"category","embeddable":true,"href":"http:\/\/cordobadirecto.com\/index.php\/wp-json\/wp\/v2\/categories?post=162740"},{"taxonomy":"post_tag","embeddable":true,"href":"http:\/\/cordobadirecto.com\/index.php\/wp-json\/wp\/v2\/tags?post=162740"}],"curies":[{"name":"wp","href":"https:\/\/api.w.org\/{rel}","templated":true}]}}