{"id":16275,"date":"2021-08-30T14:15:00","date_gmt":"2021-08-30T14:15:00","guid":{"rendered":"http:\/\/cordobadirecto.com\/index.php\/2021\/08\/30\/los-sectores-minero-textil-y-del-calzado-en-la-matriz-productiva-2030-web-de-noticias-prensa-cba\/"},"modified":"2021-08-30T14:15:00","modified_gmt":"2021-08-30T14:15:00","slug":"los-sectores-minero-textil-y-del-calzado-en-la-matriz-productiva-2030-web-de-noticias-prensa-cba","status":"publish","type":"post","link":"http:\/\/cordobadirecto.com\/index.php\/2021\/08\/30\/los-sectores-minero-textil-y-del-calzado-en-la-matriz-productiva-2030-web-de-noticias-prensa-cba\/","title":{"rendered":"Los sectores minero, textil y del calzado en la matriz productiva 2030 &#8211; Web de Noticias &#8211; Prensa Cba"},"content":{"rendered":"<p>La competitividad, micro y macro <b>econ\u00f3mica<\/b> y sus determinantes; utilizando como &#8230; diagn\u00f3stico y elaboraci\u00f3n de la <b>nueva<\/b> matriz productiva <b>C\u00f3rdoba<\/b> 2030,&nbsp;&#8230; <\/p>\n","protected":false},"excerpt":{"rendered":"<p>La competitividad, micro y macro econ\u00f3mica y sus determinantes; utilizando como &#8230; diagn\u00f3stico y elaboraci\u00f3n de la nueva matriz productiva C\u00f3rdoba 2030,&nbsp;&#8230;<\/p>\n","protected":false},"author":1,"featured_media":0,"comment_status":"closed","ping_status":"closed","sticky":false,"template":"","format":"standard","meta":[],"categories":[40],"tags":[],"_links":{"self":[{"href":"http:\/\/cordobadirecto.com\/index.php\/wp-json\/wp\/v2\/posts\/16275"}],"collection":[{"href":"http:\/\/cordobadirecto.com\/index.php\/wp-json\/wp\/v2\/posts"}],"about":[{"href":"http:\/\/cordobadirecto.com\/index.php\/wp-json\/wp\/v2\/types\/post"}],"author":[{"embeddable":true,"href":"http:\/\/cordobadirecto.com\/index.php\/wp-json\/wp\/v2\/users\/1"}],"replies":[{"embeddable":true,"href":"http:\/\/cordobadirecto.com\/index.php\/wp-json\/wp\/v2\/comments?post=16275"}],"version-history":[{"count":0,"href":"http:\/\/cordobadirecto.com\/index.php\/wp-json\/wp\/v2\/posts\/16275\/revisions"}],"wp:attachment":[{"href":"http:\/\/cordobadirecto.com\/index.php\/wp-json\/wp\/v2\/media?parent=16275"}],"wp:term":[{"taxonomy":"category","embeddable":true,"href":"http:\/\/cordobadirecto.com\/index.php\/wp-json\/wp\/v2\/categories?post=16275"},{"taxonomy":"post_tag","embeddable":true,"href":"http:\/\/cordobadirecto.com\/index.php\/wp-json\/wp\/v2\/tags?post=16275"}],"curies":[{"name":"wp","href":"https:\/\/api.w.org\/{rel}","templated":true}]}}