{"id":162764,"date":"2025-02-28T22:34:22","date_gmt":"2025-02-28T22:34:22","guid":{"rendered":"https:\/\/www.ole.com.ar\/autos\/1812-km-qatar-wec-nicolas-varrone-jose-maria-pechito-lopez_0_2pA5w2bc6y.html"},"modified":"2025-02-28T22:34:22","modified_gmt":"2025-02-28T22:34:22","slug":"como-les-fue-a-nicolas-varrone-y-pechito-lopez-en-los-1812km-de-qatar-del-wec","status":"publish","type":"post","link":"http:\/\/cordobadirecto.com\/index.php\/2025\/02\/28\/como-les-fue-a-nicolas-varrone-y-pechito-lopez-en-los-1812km-de-qatar-del-wec\/","title":{"rendered":"C\u00f3mo les fue a Nicol\u00e1s Varrone y Pechito L\u00f3pez en los 1812km de Qatar del WEC"},"content":{"rendered":"<p><time class=\"createDate\" datetime=\"2025-02-28T19:34:22-03:00\">28\/02\/2025 19:34hs.<\/time><\/p>\n<div id=\"storyBody\">\n<div class=\"custom-text \" readability=\"41\">\n<p><strong>Nicol\u00e1s Varrone vivi\u00f3 una jornada so\u00f1ada<\/strong>. No necesariamente por el resultado, ya que el trinomio que conform\u00f3 fue uno de los \u00faltimos clasificados de su divisi\u00f3n, pero s\u00ed por lo que signific\u00f3: fue su debut en los Hypercars, la categor\u00eda m\u00e1s veloz e importante del WEC (Campeonato Mundial de Resistencia), y lo hizo en los <strong>1812km de Qatar<\/strong>. Otro que particip\u00f3 fue<strong> Jos\u00e9 Mar\u00eda L\u00f3pez<\/strong>, \u00e9l en la categor\u00eda LMGT3, y su estreno en la temporada 2025 fue bastante peor que el de su compatriota&#8230;<\/p>\n<\/div>\n<div class=\"custom-text \" readability=\"40\">\n<p>En la carrera qatar\u00ed, que se disput\u00f3 en el circuito de Lusail -cerquita de donde la Selecci\u00f3n Argentina gan\u00f3 el Mundial 2022- y dur\u00f3 alrededor de 10 horas, Varrone comparti\u00f3 m\u00e1quina con el suizo Neel Jani y el chileno Nicol\u00e1s Pino. El argentino fue el que menos giros dio, con 61 en total y poco m\u00e1s de dos horas al volante (2h1m44s), <strong>y por la labor conjunta del Proton Racing result\u00f3 15\u00b0.<\/strong> El tr\u00edo ganador cont\u00f3 con el italiano Antonio Fuoco, el espa\u00f1ol Miguel Molina y el dan\u00e9s Nicklas Nielsen a bordo de un Ferrari 499P.<\/p>\n<\/div>\n<div class=\"sc-e7b891c4-0 ifHnQL image-embed\"><img alt=\"Nicol\u00e1s Varrone hizo su debut en los Hypercars en los 1812km de Qatar. (@protoncompetition)\" loading=\"lazy\" width=\"720\" height=\"100\" decoding=\"async\" data-nimg=\"1\" src=\"http:\/\/cordobadirecto.com\/wp-content\/uploads\/2025\/03\/como-les-fue-a-nicolas-varrone-y-pechito-lopez-en-los-1812km-de-qatar-del-wec.jpg\"><span class=\"epigraphe\">Nicol\u00e1s Varrone hizo su debut en los Hypercars en los 1812km de Qatar. (@protoncompetition)<\/span><\/div>\n<p><h2><strong>Pechito L\u00f3pez ni siquiera pudo subirse al auto en los 1812km de Qatar<\/strong><\/h2>\n<\/p>\n<div class=\"custom-text \" readability=\"40\">\n<p>En cuanto a Pechito, <strong>no lleg\u00f3 a completar la carrera y ni siquiera pudo subirse al Lexus RC<\/strong> del Akkodis ASP Team. En el arranque de la carrera, el rumano Petru Umbrarescu quiso lanzarse por el interior del Ferrari #21 cuando se ve\u00eda que el auto no entraba y se dio un golpazo. Aunque pudo devolver la m\u00e1quina al box y salir de vuelta, <strong>termin\u00f3 en abandono<\/strong>. En esta categor\u00eda, el Corvette Z6 del espa\u00f1ol Daniel Juncadella, el brit\u00e1nico Jonny Edgar y el yanqui Ben Keating se llev\u00f3 la victoria.<\/p>\n<\/div>\n<div class=\"custom-text \" readability=\"38\">\n<p><strong>&#8220;Es una l\u00e1stima que no podamos hacer la carrera, pero son as\u00ed y nos vamos a preparar para lo que viene&#8221;<\/strong>, dijo L\u00f3pez tras el abandono de su equipo. Como bien indic\u00f3, tendr\u00e1n revancha dentro de un tiempito, ya que el 20 de abril se disputar\u00e1n las 6 Horas de Imola.<\/p>\n<\/div>\n<div class=\"sc-a7166897-0 eoLsBE\" readability=\"6\">\n<section readability=\"2\"><picture><img alt=\"La buena noticia que recibi\u00f3 Franco Colapinto en los test de la F1 en Bahrein\" loading=\"lazy\" width=\"290\" height=\"290\" decoding=\"async\" data-nimg=\"1\" src=\"http:\/\/cordobadirecto.com\/wp-content\/uploads\/2025\/03\/como-les-fue-a-nicolas-varrone-y-pechito-lopez-en-los-1812km-de-qatar-del-wec-1.jpg\"><\/picture>\n<p><span>Mir\u00e1 tambi\u00e9n<\/span><\/p>\n<hr>\n<h3>La buena noticia que recibi\u00f3 Franco Colapinto en los test de la F1 en Bahrein<\/h3>\n<\/p>\n<\/section>\n<\/div>\n<div class=\"sc-a7166897-0 eoLsBE\" readability=\"6.5\">\n<section readability=\"3\"><picture><img alt=\"Sali\u00f3 el trailer de Drive To Survive: Colapinto presente y Briatore discutiendo con Doohan\" loading=\"lazy\" width=\"290\" height=\"290\" decoding=\"async\" data-nimg=\"1\" src=\"http:\/\/cordobadirecto.com\/wp-content\/uploads\/2025\/03\/como-les-fue-a-nicolas-varrone-y-pechito-lopez-en-los-1812km-de-qatar-del-wec-2.jpg\"><\/picture>\n<p><span>Mir\u00e1 tambi\u00e9n<\/span><\/p>\n<hr>\n<h3>Sali\u00f3 el trailer de Drive To Survive: Colapinto presente y Briatore discutiendo con Doohan<\/h3>\n<\/p>\n<\/section>\n<\/div>\n<div class=\"sc-a7166897-0 eoLsBE\" readability=\"6\">\n<section readability=\"2\"><picture><img alt=\"\u00bfY el auto? El nuevo rol del compa\u00f1ero de Colapinto en Alpine\" loading=\"lazy\" width=\"290\" height=\"290\" decoding=\"async\" data-nimg=\"1\" src=\"http:\/\/cordobadirecto.com\/wp-content\/uploads\/2025\/03\/como-les-fue-a-nicolas-varrone-y-pechito-lopez-en-los-1812km-de-qatar-del-wec-3.jpg\"><\/picture>\n<p><span>Mir\u00e1 tambi\u00e9n<\/span><\/p>\n<hr>\n<h3>\u00bfY el auto? El nuevo rol del compa\u00f1ero de Colapinto en Alpine<\/h3>\n<\/p>\n<\/section>\n<\/div>\n<div class=\"sc-a7166897-0 eoLsBE\" readability=\"8\">\n<section readability=\"6\"><picture><img alt=\"Baltazar Leguizam\u00f3n con Ol\u00e9, a horas de debutar en el NASCAR: &quot;Al principio, por ser argentino, me ve\u00edan como un extra\u00f1o&quot;\" loading=\"lazy\" width=\"290\" height=\"290\" decoding=\"async\" data-nimg=\"1\" src=\"http:\/\/cordobadirecto.com\/wp-content\/uploads\/2025\/03\/como-les-fue-a-nicolas-varrone-y-pechito-lopez-en-los-1812km-de-qatar-del-wec-4.jpg\"><\/picture>\n<p><span>Mir\u00e1 tambi\u00e9n<\/span><\/p>\n<hr>\n<h3>Baltazar Leguizam\u00f3n con Ol\u00e9, a horas de debutar en el NASCAR: &#8220;Al principio, por ser argentino, me ve\u00edan como un extra\u00f1o&#8221;<\/h3>\n<\/p>\n<\/section>\n<\/div>\n<div class=\"sc-a7166897-0 eoLsBE\" readability=\"7\">\n<section readability=\"4\"><picture><img alt=\"Valent\u00edn Perrone con Ol\u00e9: el debut en Moto3, su relaci\u00f3n con Colapinto y la fecha en Argentina\" loading=\"lazy\" width=\"290\" height=\"290\" decoding=\"async\" data-nimg=\"1\" src=\"http:\/\/cordobadirecto.com\/wp-content\/uploads\/2025\/03\/como-les-fue-a-nicolas-varrone-y-pechito-lopez-en-los-1812km-de-qatar-del-wec-5.jpg\"><\/picture>\n<p><span>Mir\u00e1 tambi\u00e9n<\/span><\/p>\n<hr>\n<h3>Valent\u00edn Perrone con Ol\u00e9: el debut en Moto3, su relaci\u00f3n con Colapinto y la fecha en Argentina<\/h3>\n<\/p>\n<\/section>\n<\/div>\n<div class=\"sc-a7166897-0 eoLsBE\" readability=\"6\">\n<section readability=\"2\"><picture><img alt=\"\u00bfLo saca a Doohan? Colapinto inform\u00f3 sus &quot;fechas claves&quot; en la F1 2025\" loading=\"lazy\" width=\"290\" height=\"290\" decoding=\"async\" data-nimg=\"1\" src=\"http:\/\/cordobadirecto.com\/wp-content\/uploads\/2025\/03\/como-les-fue-a-nicolas-varrone-y-pechito-lopez-en-los-1812km-de-qatar-del-wec-6.jpg\"><\/picture>\n<p><span>Mir\u00e1 tambi\u00e9n<\/span><\/p>\n<hr>\n<h3>\u00bfLo saca a Doohan? Colapinto inform\u00f3 sus &#8220;fechas claves&#8221; en la F1 2025<\/h3>\n<\/p>\n<\/section>\n<\/div>\n<\/div>\n","protected":false},"excerpt":{"rendered":"<p>28\/02\/2025 19:34hs. Nicol\u00e1s Varrone vivi\u00f3 una jornada so\u00f1ada. No necesariamente por el resultado, ya que el trinomio que conform\u00f3 fue uno de los \u00faltimos clasificados de su divisi\u00f3n, pero s\u00ed por lo que signific\u00f3: fue su debut en los Hypercars, la categor\u00eda m\u00e1s veloz e importante del WEC (Campeonato Mundial de Resistencia), y lo hizo [&hellip;]<\/p>\n","protected":false},"author":1,"featured_media":162765,"comment_status":"closed","ping_status":"closed","sticky":false,"template":"","format":"standard","meta":[],"categories":[21],"tags":[],"_links":{"self":[{"href":"http:\/\/cordobadirecto.com\/index.php\/wp-json\/wp\/v2\/posts\/162764"}],"collection":[{"href":"http:\/\/cordobadirecto.com\/index.php\/wp-json\/wp\/v2\/posts"}],"about":[{"href":"http:\/\/cordobadirecto.com\/index.php\/wp-json\/wp\/v2\/types\/post"}],"author":[{"embeddable":true,"href":"http:\/\/cordobadirecto.com\/index.php\/wp-json\/wp\/v2\/users\/1"}],"replies":[{"embeddable":true,"href":"http:\/\/cordobadirecto.com\/index.php\/wp-json\/wp\/v2\/comments?post=162764"}],"version-history":[{"count":0,"href":"http:\/\/cordobadirecto.com\/index.php\/wp-json\/wp\/v2\/posts\/162764\/revisions"}],"wp:featuredmedia":[{"embeddable":true,"href":"http:\/\/cordobadirecto.com\/index.php\/wp-json\/wp\/v2\/media\/162765"}],"wp:attachment":[{"href":"http:\/\/cordobadirecto.com\/index.php\/wp-json\/wp\/v2\/media?parent=162764"}],"wp:term":[{"taxonomy":"category","embeddable":true,"href":"http:\/\/cordobadirecto.com\/index.php\/wp-json\/wp\/v2\/categories?post=162764"},{"taxonomy":"post_tag","embeddable":true,"href":"http:\/\/cordobadirecto.com\/index.php\/wp-json\/wp\/v2\/tags?post=162764"}],"curies":[{"name":"wp","href":"https:\/\/api.w.org\/{rel}","templated":true}]}}