{"id":162766,"date":"2025-02-28T21:04:05","date_gmt":"2025-02-28T21:04:05","guid":{"rendered":"https:\/\/www.ole.com.ar\/autos\/paul-aron-companero-colapinto-nuevo-rol-alpine-f1-formula-1_0_ug1LFQKqz1.html"},"modified":"2025-02-28T21:04:05","modified_gmt":"2025-02-28T21:04:05","slug":"y-el-auto-el-nuevo-rol-del-companero-de-colapinto-en-alpine","status":"publish","type":"post","link":"http:\/\/cordobadirecto.com\/index.php\/2025\/02\/28\/y-el-auto-el-nuevo-rol-del-companero-de-colapinto-en-alpine\/","title":{"rendered":"\u00bfY el auto? El nuevo rol del compa\u00f1ero de Colapinto en Alpine"},"content":{"rendered":"<p><time class=\"createDate\" datetime=\"2025-02-28T18:04:05-03:00\">28\/02\/2025 18:04hs.<\/time><\/p>\n<div id=\"storyBody\">\n<div class=\"custom-text \" readability=\"37.327077747989\">\n<p>En <strong>Alpine<\/strong>, las paradas en boxes cuentan con un servicio completo. \u00bfCambio de neum\u00e1ticos? \u00bfCargar combustible? No, nada que ver con los autos. Mientras los ingenieros analizan la telemetr\u00eda y los mec\u00e1nicos ajustan las tuercas, estos pueden disfrutar de un caf\u00e9 caliente \u00a1cortes\u00eda de <strong>Paul Aron<\/strong>!, el reserva que es compa\u00f1ero de<strong> <a href=\"https:\/\/www.ole.com.ar\/tema\/franco-colapinto.html\" title=\"Franco Colapinto\" alt=\"Franco Colapinto\" class=\"slug\">Franco Colapinto<\/a><\/strong> en la escuder\u00eda gala.<\/p>\n<\/div>\n<div class=\"custom-text \" readability=\"40\">\n<p>Y s\u00ed, no solo los coches necesitan repostar. Darle los \u00faltimos toques al monoplaza, antes de que se largue la carrera inaugural (<strong>el 16 de marzo<\/strong>, <strong>en Australia<\/strong>) debe ser extenuante, por lo que un caf\u00e9 puede llegar a cotizar en bolsa entre los trabajadores. Ah\u00ed es donde aparece el estonio, quien fue atrapado por las c\u00e1maras <strong>mientras cruzaba el pit lane con una bandeja llena de tazas echando vapor.<\/strong><\/p>\n<\/div>\n<div class=\"custom-text \" readability=\"43\">\n<p><strong>Aron y Colapinto<\/strong> <strong>son viejos conocidos<\/strong>. Ambos compartieron pista en la telonera de la M\u00e1xima durante el a\u00f1o pasado, en donde el pilarense le arrebat\u00f3 su primer triunfo al de Estonia. Fue durante la Sprint en <strong>Imola<\/strong>, cuando Franco, en una sensacional maniobra, sobrepas\u00f3 al piloto de Hitech GP en ese entonces, y termin\u00f3 siendo el primero en ver la bandera a cuadro<strong>s<\/strong>. Ahora, los dos continuar\u00e1n siendo rivales, pero bajo un marco distinto, ya que ser\u00e1n los volantes reservas del mismo equipo.<\/p>\n<\/div>\n<p><h2><strong>Con vidrios rotos en la pista, as\u00ed termin\u00f3 el \u00faltimo d\u00eda de la pretemporada de la F\u00f3rmula 1 en Bahrein <\/strong><\/h2>\n<\/p>\n<div class=\"custom-text \" readability=\"40\">\n<p>La jornada que cerr\u00f3 la pretemporada fue a su vez la m\u00e1s accidentada. <strong>Dos banderas rojas flamearon este viernes<\/strong> tras dos sucesos, uno m\u00e1s ins\u00f3lito que el otro. Faltando 44 minutos, estall\u00f3 el vidrio de la cabina del director de carrera, ocasionando que varios fragmentos se regaran por la pista. Cuando estos fueron removidos, los monoplazas volvieron a girar y a detenerse nuevamente por la repentina aparici\u00f3n de un micro en el circuito, lo que ocasion\u00f3 que se parara la sesi\u00f3n una vez m\u00e1s.<\/p>\n<\/div>\n<div class=\"sc-734b4696-1 kFfZtB\">\n<div class=\"sc-d00d9e74-0 hnHYbk\" type=\"embed\">\n<div class=\"sc-d00d9e74-1 iKVbz videoText\" id=\"contentTitleembed4SrHNeFL\" type=\"embed\"><svg fill=\"#ffffff\"><symbol id=\"play\" viewBox=\"0 0 512 512\"><path d=\"M512 256C512 397.4 397.4 512 256 512C114.6 512 0 397.4 0 256C0 114.6 114.6 0 256 0C397.4 0 512 114.6 512 256zM176 168V344C176 352.7 180.7 360.7 188.3 364.9C195.8 369.2 205.1 369 212.5 364.5L356.5 276.5C363.6 272.1 368 264.4 368 256C368 247.6 363.6 239.9 356.5 235.5L212.5 147.5C205.1 142.1 195.8 142.8 188.3 147.1C180.7 151.3 176 159.3 176 168V168z\" \/><\/symbol><use xlink:href=\"#play\" \/><\/svg><\/p>\n<div class=\"right\">\n<p>F\u00f3rmula 1<!-- --> &#8211; <span>&nbsp;<\/span><\/p>\n<h2 class=\"title-vid\">Cristales rotos en la pista de Bahrein<\/h2>\n<\/div>\n<\/div>\n<p><span class=\"back\" id=\"spanBackembed4SrHNeFL\"><\/span><\/div>\n<div class=\"JWvideoNota_title\">\n<p>Video: F1 TV<\/p>\n<\/div>\n<\/div>\n<div class=\"sc-734b4696-1 kFfZtB\">\n<div class=\"sc-d00d9e74-0 hnHYbk\" type=\"embed\">\n<div class=\"sc-d00d9e74-1 iKVbz videoText\" id=\"contentTitleembedP21pexQa\" type=\"embed\"><svg fill=\"#ffffff\"><symbol id=\"play\" viewBox=\"0 0 512 512\"><path d=\"M512 256C512 397.4 397.4 512 256 512C114.6 512 0 397.4 0 256C0 114.6 114.6 0 256 0C397.4 0 512 114.6 512 256zM176 168V344C176 352.7 180.7 360.7 188.3 364.9C195.8 369.2 205.1 369 212.5 364.5L356.5 276.5C363.6 272.1 368 264.4 368 256C368 247.6 363.6 239.9 356.5 235.5L212.5 147.5C205.1 142.1 195.8 142.8 188.3 147.1C180.7 151.3 176 159.3 176 168V168z\" \/><\/symbol><use xlink:href=\"#play\" \/><\/svg><\/p>\n<div class=\"right\">\n<p>F\u00f3rmula 1<!-- --> &#8211; <span>&nbsp;<\/span><\/p>\n<h2 class=\"title-vid\">Bandera roja en Bahrein por un autobus en medio de la pista<\/h2>\n<\/div>\n<\/div>\n<p><span class=\"back\" id=\"spanBackembedP21pexQa\"><\/span><\/div>\n<div class=\"JWvideoNota_title\">\n<p>Video: ESPN Argentina<\/p>\n<\/div>\n<\/div>\n<div class=\"sc-a7166897-0 eoLsBE\" readability=\"6.5\">\n<section readability=\"3\"><picture><img alt=\"Atento Franco: el respaldo del director de Alpine a Doohan en medio de los rumores de un posible reemplazo por Colapinto\" loading=\"lazy\" width=\"290\" height=\"290\" decoding=\"async\" data-nimg=\"1\" src=\"http:\/\/cordobadirecto.com\/wp-content\/uploads\/2025\/03\/y-el-auto-el-nuevo-rol-del-companero-de-colapinto-en-alpine.jpg\"><\/picture>\n<p><span>Mir\u00e1 tambi\u00e9n<\/span><\/p>\n<hr>\n<h3>Atento Franco: el respaldo del director de Alpine a Doohan en medio de los rumores de un posible reemplazo por Colapinto<\/h3>\n<\/p>\n<\/section>\n<\/div>\n<div class=\"sc-a7166897-0 eoLsBE\" readability=\"8\">\n<section readability=\"6\"><picture><img alt=\"Baltazar Leguizam\u00f3n con Ol\u00e9, a horas de debutar en el NASCAR: &quot;Al principio, por ser argentino, me ve\u00edan como un extra\u00f1o&quot;\" loading=\"lazy\" width=\"290\" height=\"290\" decoding=\"async\" data-nimg=\"1\" src=\"http:\/\/cordobadirecto.com\/wp-content\/uploads\/2025\/03\/y-el-auto-el-nuevo-rol-del-companero-de-colapinto-en-alpine-1.jpg\"><\/picture>\n<p><span>Mir\u00e1 tambi\u00e9n<\/span><\/p>\n<hr>\n<h3>Baltazar Leguizam\u00f3n con Ol\u00e9, a horas de debutar en el NASCAR: &#8220;Al principio, por ser argentino, me ve\u00edan como un extra\u00f1o&#8221;<\/h3>\n<\/p>\n<\/section>\n<\/div>\n<div class=\"sc-a7166897-0 eoLsBE\" readability=\"7\">\n<section readability=\"4\"><picture><img alt=\"C\u00f3mo le fue a Doohan, compa\u00f1ero de Colapinto, en el d\u00eda 2 de los test de F1\" loading=\"lazy\" width=\"290\" height=\"290\" decoding=\"async\" data-nimg=\"1\" src=\"http:\/\/cordobadirecto.com\/wp-content\/uploads\/2025\/03\/y-el-auto-el-nuevo-rol-del-companero-de-colapinto-en-alpine-2.jpg\"><\/picture>\n<p><span>Mir\u00e1 tambi\u00e9n<\/span><\/p>\n<hr>\n<h3>C\u00f3mo le fue a Doohan, compa\u00f1ero de Colapinto, en el d\u00eda 2 de los test de F1<\/h3>\n<\/p>\n<\/section>\n<\/div>\n<\/div>\n","protected":false},"excerpt":{"rendered":"<p>28\/02\/2025 18:04hs. En Alpine, las paradas en boxes cuentan con un servicio completo. \u00bfCambio de neum\u00e1ticos? \u00bfCargar combustible? No, nada que ver con los autos. Mientras los ingenieros analizan la telemetr\u00eda y los mec\u00e1nicos ajustan las tuercas, estos pueden disfrutar de un caf\u00e9 caliente \u00a1cortes\u00eda de Paul Aron!, el reserva que es compa\u00f1ero de Franco [&hellip;]<\/p>\n","protected":false},"author":1,"featured_media":162767,"comment_status":"closed","ping_status":"closed","sticky":false,"template":"","format":"standard","meta":[],"categories":[21],"tags":[],"_links":{"self":[{"href":"http:\/\/cordobadirecto.com\/index.php\/wp-json\/wp\/v2\/posts\/162766"}],"collection":[{"href":"http:\/\/cordobadirecto.com\/index.php\/wp-json\/wp\/v2\/posts"}],"about":[{"href":"http:\/\/cordobadirecto.com\/index.php\/wp-json\/wp\/v2\/types\/post"}],"author":[{"embeddable":true,"href":"http:\/\/cordobadirecto.com\/index.php\/wp-json\/wp\/v2\/users\/1"}],"replies":[{"embeddable":true,"href":"http:\/\/cordobadirecto.com\/index.php\/wp-json\/wp\/v2\/comments?post=162766"}],"version-history":[{"count":0,"href":"http:\/\/cordobadirecto.com\/index.php\/wp-json\/wp\/v2\/posts\/162766\/revisions"}],"wp:featuredmedia":[{"embeddable":true,"href":"http:\/\/cordobadirecto.com\/index.php\/wp-json\/wp\/v2\/media\/162767"}],"wp:attachment":[{"href":"http:\/\/cordobadirecto.com\/index.php\/wp-json\/wp\/v2\/media?parent=162766"}],"wp:term":[{"taxonomy":"category","embeddable":true,"href":"http:\/\/cordobadirecto.com\/index.php\/wp-json\/wp\/v2\/categories?post=162766"},{"taxonomy":"post_tag","embeddable":true,"href":"http:\/\/cordobadirecto.com\/index.php\/wp-json\/wp\/v2\/tags?post=162766"}],"curies":[{"name":"wp","href":"https:\/\/api.w.org\/{rel}","templated":true}]}}