{"id":162776,"date":"2025-03-01T16:18:07","date_gmt":"2025-03-01T16:18:07","guid":{"rendered":"https:\/\/cordoba.gob.ar\/?p=75140"},"modified":"2025-03-01T16:18:07","modified_gmt":"2025-03-01T16:18:07","slug":"elecciones-en-centros-vecinales-mas-de-1100-vecinos-y-vecinas-se-capacitaron-para-integrar-las-juntas-electorales","status":"publish","type":"post","link":"http:\/\/cordobadirecto.com\/index.php\/2025\/03\/01\/elecciones-en-centros-vecinales-mas-de-1100-vecinos-y-vecinas-se-capacitaron-para-integrar-las-juntas-electorales\/","title":{"rendered":"Elecciones en Centros Vecinales: m\u00e1s de 1100 vecinos y vecinas se capacitaron para integrar las Juntas Electorales"},"content":{"rendered":"<div><img src=\"http:\/\/cordobadirecto.com\/wp-content\/uploads\/2025\/03\/elecciones-en-centros-vecinales-mas-de-1100-vecinos-y-vecinas-se-capacitaron-para-integrar-las-juntas-electorales.jpg\" class=\"ff-og-image-inserted\"><\/div>\n<ul>\n<li data-prosemirror-content-type=\"node\" data-prosemirror-node-name=\"paragraph\" data-prosemirror-node-block=\"true\"><strong>Las jornadas se realizaron en la Facultad de Derecho de la Universidad Nacional de C\u00f3rdoba.<\/strong><\/li>\n<li data-prosemirror-content-type=\"node\" data-prosemirror-node-name=\"paragraph\" data-prosemirror-node-block=\"true\"><strong>Previamente se llevaron a cabo las asambleas correspondientes en 400 barrios.<\/strong><\/li>\n<li data-prosemirror-content-type=\"node\" data-prosemirror-node-name=\"paragraph\" data-prosemirror-node-block=\"true\"><strong><strong><strong>Las elecciones se efectuar\u00e1n con un cronograma unificado entre abril y mayo de este a\u00f1o.<\/strong><\/strong><\/strong><br \/>\n<hr>\n<\/li>\n<\/ul>\n<p>La modificaci\u00f3n de la Ordenanza 10.713 a fin del 2024 permiti\u00f3, entre otras, impulsar de manera coordinada y unificada los procesos de elecciones de nuevas autoridades en los 400 Centros Vecinales de la ciudad de C\u00f3rdoba.<\/p>\n<p data-prosemirror-content-type=\"node\" data-prosemirror-node-name=\"paragraph\" data-prosemirror-node-block=\"true\">Para ello, la Municipalidad de C\u00f3rdoba a trav\u00e9s de la Secretar\u00eda de Fortalecimiento Vecinal y Deportes, dise\u00f1\u00f3 un dispositivo administrativo que se encuentra en funcionamiento para asesorar, acompa\u00f1ar y dotar de transparencia a dichos procesos, con la finalidad de garantizar la participaci\u00f3n democr\u00e1tica de los vecinos en las instituciones que los representan.<\/p>\n<p data-prosemirror-content-type=\"node\" data-prosemirror-node-name=\"paragraph\" data-prosemirror-node-block=\"true\">El puntapi\u00e9 inicial de los procesos electorales fueron las Asambleas convocadas desde el Estado Municipal, las cuales se desarrollaron el 10 de febrero en 133 Centros Vecinales; 12 de febrero, en otros 133 Centros Vecinales; y 14 de febrero, en los 134 Centros vecinales restantes.<\/p>\n<p data-prosemirror-content-type=\"node\" data-prosemirror-node-name=\"paragraph\" data-prosemirror-node-block=\"true\">Estas jornadas tuvieron como objetivo la aprobaci\u00f3n de la modificaci\u00f3n de Estatutos, aprobaci\u00f3n del cronograma electoral, y designaci\u00f3n de la Junta Electoral.<\/p>\n<p data-prosemirror-content-type=\"node\" data-prosemirror-node-name=\"paragraph\" data-prosemirror-node-block=\"true\">En cada una de ellas estuvieron presentes 150 veedores quienes llevaron a cada barrio toda la documentaci\u00f3n necesaria (Estatutos, plano, Actas, planillas de asistencia, cronograma electoral, e informaci\u00f3n), en colaboraci\u00f3n con los Promotores de Convivencia dependientes de la Justicia de Faltas Municipal.<\/p>\n<p data-prosemirror-content-type=\"node\" data-prosemirror-node-name=\"paragraph\" data-prosemirror-node-block=\"true\">Tras el desarrollo de las Asambleas, 393 Centros Vecinales de la ciudad de C\u00f3rdoba tendr\u00e1n elecciones en 2025.<\/p>\n<p data-prosemirror-content-type=\"node\" data-prosemirror-node-name=\"paragraph\" data-prosemirror-node-block=\"true\"><strong data-prosemirror-content-type=\"mark\" data-prosemirror-mark-name=\"strong\">Capacitaciones para las Juntas Vecinales<\/strong><\/p>\n<p data-prosemirror-content-type=\"node\" data-prosemirror-node-name=\"paragraph\" data-prosemirror-node-block=\"true\">Durante los d\u00edas 25, 26 y 27 de febrero, en el aula magna de la Facultad de Derecho de la UNC se desarroll\u00f3 una importante instancia de capacitaci\u00f3n para las Juntas Electorales, compuestas por vecinos elegidos en el propio barrio, que deber\u00e1n actuar como autoridades del proceso electoral.<\/p>\n<p data-prosemirror-content-type=\"node\" data-prosemirror-node-name=\"paragraph\" data-prosemirror-node-block=\"true\">Al respecto, H\u00e9ctor Campana, secretario de Fortalecimiento Vecinal y Deportes, manifest\u00f3: <em>\u201cFueron 3 jornadas donde casi 1200 personas, que forman parte de las juntas electorales de 393 Centros Vecinales, fueron capacitados para llevar adelante el proceso electoral seg\u00fan las ordenanzas vigentes\u201d<\/em>.<\/p>\n<p data-prosemirror-content-type=\"node\" data-prosemirror-node-name=\"paragraph\" data-prosemirror-node-block=\"true\">Adem\u00e1s, Campana, se mostr\u00f3 muy conforme con poder llevar adelante estas jornadas que le brindan herramientas a quienes estar\u00e1n velando por la transparencia y el normal desarrollo del proceso eleccionario.<\/p>\n<p data-prosemirror-content-type=\"node\" data-prosemirror-node-name=\"paragraph\" data-prosemirror-node-block=\"true\"><em>\u201cEstamos llevando a cabo en la ciudad un proceso hist\u00f3rico\u201d<\/em>, finaliz\u00f3 el funcionario municipal, quien tambi\u00e9n hizo hincapi\u00e9 en que <em>\u201ctodas estas actividades forman parte del acompa\u00f1amiento que desde la Municipalidad le estamos dando a estos espacios que son un lugar de encuentro y son el nexo que nos ayudan a transformar y mejorar la calidad de vida de los vecinos\u201d.<\/em><\/p>\n<p data-prosemirror-content-type=\"node\" data-prosemirror-node-name=\"paragraph\" data-prosemirror-node-block=\"true\">Esto requiere una importante intervenci\u00f3n e impulso desde el Estado municipal para instruir y dotar a los vecinos que integran las Juntas Electorales del conocimiento y medios necesarios (padrones, instructivos, Ordenanza, planillas de presentaci\u00f3n y oficializaci\u00f3n de listas, planillas para incorporaci\u00f3n de electores, y dem\u00e1s documentaci\u00f3n) para que lleven adelante adecuadamente y con imparcialidad su tarea. El volumen de esto implica un desaf\u00edo importante, ya que en total son casi 1.200 personas las que integran las Juntas Electorales (3 por cada Centro Vecinal).<\/p>\n<p data-prosemirror-content-type=\"node\" data-prosemirror-node-name=\"paragraph\" data-prosemirror-node-block=\"true\">La tarea de las Juntas Electorales ser\u00e1 la de realizar un seguimiento y control de cada proceso en los cuales participar\u00e1n estimativamente m\u00e1s de 10.000 candidatos.<\/p>\n<p data-prosemirror-content-type=\"node\" data-prosemirror-node-name=\"paragraph\" data-prosemirror-node-block=\"true\">De las actividades participaron el subsecretario de Pol\u00edticas P\u00fablicas, Flavio Loforte; el subsecretrario del Instituto Municipal de Vecinalismo, Juan Manuel Rufeil; la subsecretaria de Gesti\u00f3n Participativa, Laura Villalba; y el director de Centros Vecinales, Adri\u00e1n Brito.<\/p>\n<p data-prosemirror-content-type=\"node\" data-prosemirror-node-name=\"paragraph\" data-prosemirror-node-block=\"true\">En tanto que las capacitaciones estuvieron a cargo de dos disertantes con experiencia en el \u00e1rea institucional de la Direcci\u00f3n de Centros Vecinales: Diego Santini y Alejandro L\u00f3pez.<\/p>\n<p data-prosemirror-content-type=\"node\" data-prosemirror-node-name=\"paragraph\" data-prosemirror-node-block=\"true\">Cabe destacar, que tambi\u00e9n con intervenci\u00f3n de la autoridad municipal, los actos electorales se organizar\u00e1n en instituciones educativas, con aplicaci\u00f3n de las disposiciones del C\u00f3digo Electoral Municipal, con todas las garant\u00edas de seguridad, institucionalidad y control para que los vecinos participen en libertad de la elecci\u00f3n de las autoridades de su barrio.<\/p>\n<p data-prosemirror-content-type=\"node\" data-prosemirror-node-name=\"paragraph\" data-prosemirror-node-block=\"true\">El resultado final ser\u00e1 proclamar a partir de finales del mes de mayo las casi 8.000 personas que en los pr\u00f3ximos 3 a\u00f1os trabajar\u00e1n en casi 400 barrios de la ciudad de C\u00f3rdoba junto a la Municipalidad para el progreso e integraci\u00f3n de cada comunidad.<\/p>\n","protected":false},"excerpt":{"rendered":"<p>Las jornadas se realizaron en la Facultad de Derecho de la Universidad Nacional de C\u00f3rdoba. Previamente se llevaron a cabo las asambleas correspondientes en 400 barrios. Las elecciones se efectuar\u00e1n con un cronograma unificado entre abril y mayo de este a\u00f1o. La modificaci\u00f3n de la Ordenanza 10.713 a fin del 2024 permiti\u00f3, entre otras, impulsar [&hellip;]<\/p>\n","protected":false},"author":1,"featured_media":162777,"comment_status":"closed","ping_status":"closed","sticky":false,"template":"","format":"standard","meta":[],"categories":[44],"tags":[],"_links":{"self":[{"href":"http:\/\/cordobadirecto.com\/index.php\/wp-json\/wp\/v2\/posts\/162776"}],"collection":[{"href":"http:\/\/cordobadirecto.com\/index.php\/wp-json\/wp\/v2\/posts"}],"about":[{"href":"http:\/\/cordobadirecto.com\/index.php\/wp-json\/wp\/v2\/types\/post"}],"author":[{"embeddable":true,"href":"http:\/\/cordobadirecto.com\/index.php\/wp-json\/wp\/v2\/users\/1"}],"replies":[{"embeddable":true,"href":"http:\/\/cordobadirecto.com\/index.php\/wp-json\/wp\/v2\/comments?post=162776"}],"version-history":[{"count":0,"href":"http:\/\/cordobadirecto.com\/index.php\/wp-json\/wp\/v2\/posts\/162776\/revisions"}],"wp:featuredmedia":[{"embeddable":true,"href":"http:\/\/cordobadirecto.com\/index.php\/wp-json\/wp\/v2\/media\/162777"}],"wp:attachment":[{"href":"http:\/\/cordobadirecto.com\/index.php\/wp-json\/wp\/v2\/media?parent=162776"}],"wp:term":[{"taxonomy":"category","embeddable":true,"href":"http:\/\/cordobadirecto.com\/index.php\/wp-json\/wp\/v2\/categories?post=162776"},{"taxonomy":"post_tag","embeddable":true,"href":"http:\/\/cordobadirecto.com\/index.php\/wp-json\/wp\/v2\/tags?post=162776"}],"curies":[{"name":"wp","href":"https:\/\/api.w.org\/{rel}","templated":true}]}}