{"id":162778,"date":"2025-02-28T14:48:32","date_gmt":"2025-02-28T14:48:32","guid":{"rendered":"https:\/\/cordoba.gob.ar\/?p=75095"},"modified":"2025-02-28T14:48:32","modified_gmt":"2025-02-28T14:48:32","slug":"curso-inicial-de-arbitros-se-dictara-una-formacion-teorico-practica-y-gratuita-para-aspirantes-a-dirigir-encuentros-de-futbol","status":"publish","type":"post","link":"http:\/\/cordobadirecto.com\/index.php\/2025\/02\/28\/curso-inicial-de-arbitros-se-dictara-una-formacion-teorico-practica-y-gratuita-para-aspirantes-a-dirigir-encuentros-de-futbol\/","title":{"rendered":"Curso inicial de \u00e1rbitros: se dictar\u00e1 una formaci\u00f3n te\u00f3rico-pr\u00e1ctica y gratuita para aspirantes a dirigir encuentros de f\u00fatbol"},"content":{"rendered":"<div><img src=\"http:\/\/cordobadirecto.com\/wp-content\/uploads\/2025\/03\/curso-inicial-de-arbitros-se-dictara-una-formacion-teorico-practica-y-gratuita-para-aspirantes-a-dirigir-encuentros-de-futbol.png\" class=\"ff-og-image-inserted\"><\/div>\n<ul>\n<li data-prosemirror-content-type=\"node\" data-prosemirror-node-name=\"paragraph\" data-prosemirror-node-block=\"true\"><strong><strong>Las inscripciones ya est\u00e1n abiertas. El curso inicia el 5 de marzo.<\/strong><\/strong><br \/>\n<hr>\n<\/li>\n<\/ul>\n<p data-prosemirror-content-type=\"node\" data-prosemirror-node-name=\"paragraph\" data-prosemirror-node-block=\"true\">La Municipalidad de C\u00f3rdoba y el Colegio de \u00c1rbitros Deportivos de C\u00f3rdoba lanzan la segunda edici\u00f3n del \u201cCurso inicial de \u00e1rbitros de f\u00fatbol\u201d.<\/p>\n<p data-prosemirror-content-type=\"node\" data-prosemirror-node-name=\"paragraph\" data-prosemirror-node-block=\"true\">Se trata de una propuesta con inscripci\u00f3n libre y gratuita que busca formar a futuros refer\u00eds mediante encuentros te\u00f3ricos y pr\u00e1cticos que abordar\u00e1n los conocimientos necesarios para desempe\u00f1arse en partidos de f\u00fatbol.<\/p>\n<p data-prosemirror-content-type=\"node\" data-prosemirror-node-name=\"paragraph\" data-prosemirror-node-block=\"true\">Es posible escribir por WhatsApp al n\u00famero 3543301202 para coordinar directamente la inscripci\u00f3n con representantes de la Secretar\u00eda de Participaci\u00f3n Ciudadana y Juventud.<\/p>\n<p data-prosemirror-content-type=\"node\" data-prosemirror-node-name=\"paragraph\" data-prosemirror-node-block=\"true\">El dictado de las clases comenzar\u00e1 el mi\u00e9rcoles 5 de marzo y tendr\u00e1 una extensi\u00f3n de ocho meses.<\/p>\n<p data-prosemirror-content-type=\"node\" data-prosemirror-node-name=\"paragraph\" data-prosemirror-node-block=\"true\">Los encuentros ser\u00e1n los d\u00edas mi\u00e9rcoles (te\u00f3ricos) y viernes (pr\u00e1cticos) de 18 a 19:30 horas en el CPC General Paz (Catamarca 1251).<\/p>\n<p data-prosemirror-content-type=\"node\" data-prosemirror-node-name=\"paragraph\" data-prosemirror-node-block=\"true\">Se abordar\u00e1n temas como la preparaci\u00f3n f\u00edsica, conocimiento e interpretaci\u00f3n de las reglas de juego, deberes y derechos del \u00e1rbitro principal y del asistente, video-an\u00e1lisis y manejo de los elementos arbitrales, entre otros.<\/p>\n<p data-prosemirror-content-type=\"node\" data-prosemirror-node-name=\"paragraph\" data-prosemirror-node-block=\"true\">Como parte de la formaci\u00f3n, los estudiantes tambi\u00e9n se capacitar\u00e1n en RCP y DEA.<\/p>\n<p data-prosemirror-content-type=\"node\" data-prosemirror-node-name=\"paragraph\" data-prosemirror-node-block=\"true\">El t\u00edtulo que ser\u00e1 entregado a quienes terminen la formaci\u00f3n estar\u00e1 avalado por el Colegio de \u00c1rbitros de la provincia, la Asociaci\u00f3n Civil EFI y un Instructor de \u00c1rbitros Nacional.<\/p>\n<p data-prosemirror-content-type=\"node\" data-prosemirror-node-name=\"paragraph\" data-prosemirror-node-block=\"true\">El a\u00f1o pasado, 130 personas recibieron su certificado como nuevos \u00e1rbitros en C\u00f3rdoba, entre la formaci\u00f3n de f\u00fatbol y de b\u00e1squet.<\/p>\n<p data-prosemirror-content-type=\"node\" data-prosemirror-node-name=\"paragraph\" data-prosemirror-node-block=\"true\">El acompa\u00f1amiento del municipio fue crucial para la realizaci\u00f3n de este trayecto formativo, facilitando los espacios y los elementos necesarios, apoyando el desarrollo del deporte y la cultura del encuentro.<\/p>\n","protected":false},"excerpt":{"rendered":"<p>Las inscripciones ya est\u00e1n abiertas. El curso inicia el 5 de marzo. La Municipalidad de C\u00f3rdoba y el Colegio de \u00c1rbitros Deportivos de C\u00f3rdoba lanzan la segunda edici\u00f3n del \u201cCurso inicial de \u00e1rbitros de f\u00fatbol\u201d. Se trata de una propuesta con inscripci\u00f3n libre y gratuita que busca formar a futuros refer\u00eds mediante encuentros te\u00f3ricos y [&hellip;]<\/p>\n","protected":false},"author":1,"featured_media":162779,"comment_status":"closed","ping_status":"closed","sticky":false,"template":"","format":"standard","meta":[],"categories":[44],"tags":[],"_links":{"self":[{"href":"http:\/\/cordobadirecto.com\/index.php\/wp-json\/wp\/v2\/posts\/162778"}],"collection":[{"href":"http:\/\/cordobadirecto.com\/index.php\/wp-json\/wp\/v2\/posts"}],"about":[{"href":"http:\/\/cordobadirecto.com\/index.php\/wp-json\/wp\/v2\/types\/post"}],"author":[{"embeddable":true,"href":"http:\/\/cordobadirecto.com\/index.php\/wp-json\/wp\/v2\/users\/1"}],"replies":[{"embeddable":true,"href":"http:\/\/cordobadirecto.com\/index.php\/wp-json\/wp\/v2\/comments?post=162778"}],"version-history":[{"count":0,"href":"http:\/\/cordobadirecto.com\/index.php\/wp-json\/wp\/v2\/posts\/162778\/revisions"}],"wp:featuredmedia":[{"embeddable":true,"href":"http:\/\/cordobadirecto.com\/index.php\/wp-json\/wp\/v2\/media\/162779"}],"wp:attachment":[{"href":"http:\/\/cordobadirecto.com\/index.php\/wp-json\/wp\/v2\/media?parent=162778"}],"wp:term":[{"taxonomy":"category","embeddable":true,"href":"http:\/\/cordobadirecto.com\/index.php\/wp-json\/wp\/v2\/categories?post=162778"},{"taxonomy":"post_tag","embeddable":true,"href":"http:\/\/cordobadirecto.com\/index.php\/wp-json\/wp\/v2\/tags?post=162778"}],"curies":[{"name":"wp","href":"https:\/\/api.w.org\/{rel}","templated":true}]}}