{"id":162786,"date":"2025-02-28T13:45:49","date_gmt":"2025-02-28T13:45:49","guid":{"rendered":"https:\/\/cordoba.gob.ar\/?p=75088"},"modified":"2025-02-28T13:45:49","modified_gmt":"2025-02-28T13:45:49","slug":"llega-la-convocatoria-abierta-para-la-feria-de-libros-circulantes-de-lector-a-lector","status":"publish","type":"post","link":"http:\/\/cordobadirecto.com\/index.php\/2025\/02\/28\/llega-la-convocatoria-abierta-para-la-feria-de-libros-circulantes-de-lector-a-lector\/","title":{"rendered":"Llega la convocatoria abierta para la Feria de Libros Circulantes \u00abDe lector a lector\u00bb"},"content":{"rendered":"<div><img src=\"http:\/\/cordobadirecto.com\/wp-content\/uploads\/2025\/03\/llega-la-convocatoria-abierta-para-la-feria-de-libros-circulantes-de-lector-a-lector.jpg\" class=\"ff-og-image-inserted\"><\/div>\n<ul>\n<li data-prosemirror-content-type=\"node\" data-prosemirror-node-name=\"paragraph\" data-prosemirror-node-block=\"true\"><strong>El llamado est\u00e1 abierto hasta el 10 de marzo y dirigido a lectores o proyectos autogestivos.<\/strong><\/li>\n<li data-prosemirror-content-type=\"node\" data-prosemirror-node-name=\"paragraph\" data-prosemirror-node-block=\"true\"><strong><strong>El evento ser\u00e1 el pr\u00f3ximo s\u00e1bado 22 de marzo en Casa de Pepino, con entrada gratuita.<\/strong><\/strong><br \/>\n<hr>\n<\/li>\n<\/ul>\n<p data-prosemirror-content-type=\"node\" data-prosemirror-node-name=\"paragraph\" data-prosemirror-node-block=\"true\">La Municipalidad de C\u00f3rdoba invita a lectores y proyectos autogestivos a participar de la Feria de Libros Circulantes \u201cDe lector a lector\u201d, que se llevar\u00e1 a cabo el s\u00e1bado 22 de marzo en el Centro Cultural Casa de Pepino (Fructuoso Rivera 287), de 18:00 a 21:30.<\/p>\n<p data-prosemirror-content-type=\"node\" data-prosemirror-node-name=\"paragraph\" data-prosemirror-node-block=\"true\">La actividad se organiza en el marco del 20\u00b0 aniversario del ic\u00f3nico centro cultural de Barrio G\u00fcemes y los 10 a\u00f1os de Babilonia Literaria, plataforma literaria de C\u00f3rdoba.<\/p>\n<p data-prosemirror-content-type=\"node\" data-prosemirror-node-name=\"paragraph\" data-prosemirror-node-block=\"true\">El objetivo de la feria es promover la circulaci\u00f3n de libros usados, con una curadur\u00eda previa que garantice la calidad y actualidad de los t\u00edtulos.<\/p>\n<p data-prosemirror-content-type=\"node\" data-prosemirror-node-name=\"paragraph\" data-prosemirror-node-block=\"true\">Adem\u00e1s, se busca fomentar el intercambio a precios accesibles con el fin de fortalecer la comunidad de lectores a trav\u00e9s del encuentro entre vendedores y compradores. Las obras ofrecidas deber\u00e1n ser ediciones del a\u00f1o 2000 en adelante y estar en buen estado.<\/p>\n<p data-prosemirror-content-type=\"node\" data-prosemirror-node-name=\"paragraph\" data-prosemirror-node-block=\"true\">El plazo de inscripci\u00f3n ser\u00e1 hasta el 10 de marzo, y est\u00e1 abierta a lectores o proyectos autogestivos que deseen vender t\u00edtulos de perfil literario, especialmente ficci\u00f3n, pero tambi\u00e9n no ficci\u00f3n vinculada a tem\u00e1ticas sociales, culturales y literarias.<\/p>\n<p data-prosemirror-content-type=\"node\" data-prosemirror-node-name=\"paragraph\" data-prosemirror-node-block=\"true\">Los interesados deber\u00e1n contar con un m\u00ednimo de 25 ejemplares y un m\u00e1ximo de 50, y los precios no deber\u00e1n superar los 20.000 pesos. Adem\u00e1s, se garantiza que los feriantes se quedar\u00e1n con la totalidad de las ganancias.<\/p>\n<p data-prosemirror-content-type=\"node\" data-prosemirror-node-name=\"paragraph\" data-prosemirror-node-block=\"true\">Los postulantes podr\u00e1n inscribirse mediante el siguiente <a href=\"https:\/\/docs.google.com\/forms\/d\/e\/1FAIpQLSfIQtn1JCxoxbZSY2gxLKzMoPO2SFUJ5Crc6MwzLgR0RiGfNQ\/viewform?pli=1\">link<\/a>. Para ver el reglamento ingresar <a href=\"https:\/\/cordoba.gob.ar\/wp-content\/uploads\/2025\/02\/Reglamento.docx\">aqu\u00ed<\/a>.<\/p>\n<p data-prosemirror-content-type=\"node\" data-prosemirror-node-name=\"paragraph\" data-prosemirror-node-block=\"true\">Adem\u00e1s de la feria, habr\u00e1 una serie de actividades que enriquecer\u00e1n la experiencia como charlas debates y lectura a micr\u00f3fono abierto.<\/p>\n<p data-prosemirror-content-type=\"node\" data-prosemirror-node-name=\"paragraph\" data-prosemirror-node-block=\"true\">Para m\u00e1s informaci\u00f3n y consultas, comunicarse a trav\u00e9s del mail <a href=\"mailto:babiloniagestionliteraria@gmail.com\" data-prosemirror-content-type=\"mark\" data-prosemirror-mark-name=\"link\">babiloniagestionliteraria@gmail.com<\/a>.<\/p>\n","protected":false},"excerpt":{"rendered":"<p>El llamado est\u00e1 abierto hasta el 10 de marzo y dirigido a lectores o proyectos autogestivos. El evento ser\u00e1 el pr\u00f3ximo s\u00e1bado 22 de marzo en Casa de Pepino, con entrada gratuita. La Municipalidad de C\u00f3rdoba invita a lectores y proyectos autogestivos a participar de la Feria de Libros Circulantes \u201cDe lector a lector\u201d, que [&hellip;]<\/p>\n","protected":false},"author":1,"featured_media":162787,"comment_status":"closed","ping_status":"closed","sticky":false,"template":"","format":"standard","meta":[],"categories":[44],"tags":[],"_links":{"self":[{"href":"http:\/\/cordobadirecto.com\/index.php\/wp-json\/wp\/v2\/posts\/162786"}],"collection":[{"href":"http:\/\/cordobadirecto.com\/index.php\/wp-json\/wp\/v2\/posts"}],"about":[{"href":"http:\/\/cordobadirecto.com\/index.php\/wp-json\/wp\/v2\/types\/post"}],"author":[{"embeddable":true,"href":"http:\/\/cordobadirecto.com\/index.php\/wp-json\/wp\/v2\/users\/1"}],"replies":[{"embeddable":true,"href":"http:\/\/cordobadirecto.com\/index.php\/wp-json\/wp\/v2\/comments?post=162786"}],"version-history":[{"count":0,"href":"http:\/\/cordobadirecto.com\/index.php\/wp-json\/wp\/v2\/posts\/162786\/revisions"}],"wp:featuredmedia":[{"embeddable":true,"href":"http:\/\/cordobadirecto.com\/index.php\/wp-json\/wp\/v2\/media\/162787"}],"wp:attachment":[{"href":"http:\/\/cordobadirecto.com\/index.php\/wp-json\/wp\/v2\/media?parent=162786"}],"wp:term":[{"taxonomy":"category","embeddable":true,"href":"http:\/\/cordobadirecto.com\/index.php\/wp-json\/wp\/v2\/categories?post=162786"},{"taxonomy":"post_tag","embeddable":true,"href":"http:\/\/cordobadirecto.com\/index.php\/wp-json\/wp\/v2\/tags?post=162786"}],"curies":[{"name":"wp","href":"https:\/\/api.w.org\/{rel}","templated":true}]}}