{"id":16280,"date":"2021-08-30T21:45:31","date_gmt":"2021-08-30T21:45:31","guid":{"rendered":"https:\/\/www.cordoba.gob.ar\/?p=12797"},"modified":"2021-08-30T21:45:31","modified_gmt":"2021-08-30T21:45:31","slug":"abren-las-inscripciones-para-el-iv-congreso-municipal-de-educacion-y-el-i-congreso-iberoamericano-de-gobiernos-locales-y-educacion","status":"publish","type":"post","link":"http:\/\/cordobadirecto.com\/index.php\/2021\/08\/30\/abren-las-inscripciones-para-el-iv-congreso-municipal-de-educacion-y-el-i-congreso-iberoamericano-de-gobiernos-locales-y-educacion\/","title":{"rendered":"Abren las inscripciones para el \u201cIV Congreso Municipal de Educaci\u00f3n y el I Congreso Iberoamericano de Gobiernos Locales y Educaci\u00f3n\u201d"},"content":{"rendered":"<div><img src=\"http:\/\/cordobadirecto.com\/wp-content\/uploads\/2021\/08\/abren-las-inscripciones-para-el-iv-congreso-municipal-de-educacion-y-el-i-congreso-iberoamericano-de-gobiernos-locales-y-educacion.jpg\" class=\"ff-og-image-inserted\"><\/div>\n<ul>\n<li>Bajo el lema \u201cInspirar para Innovar\u201d, el evento se desarrollar\u00e1 de manera virtual los d\u00edas 13 y 14 de octubre.<\/li>\n<li>El p\u00fablico destinatario para la presentaci\u00f3n de trabajos son docentes, directivos, supervisores, t\u00e9cnicos, investigadores, profesionales, e interesados que formen parte del sistema educativo municipal, nacional y del extranjero.<\/li>\n<li>La participaci\u00f3n al Congreso es gratuita, y la inscripci\u00f3n es hasta el jueves 30 de septiembre completando este<strong> <a href=\"https:\/\/docs.google.com\/forms\/d\/e\/1FAIpQLScXXzWtDKgJVIcz_6fAg2pgRgt1qiPssWHJn9g1SNENyy1htA\/viewform\">formulario.<\/a><\/strong><\/li>\n<\/ul>\n<hr>\n<p>La Secretar\u00eda de Educaci\u00f3n, invita al \u201cIV Congreso Municipal de Educaci\u00f3n y al I Congreso Iberoamericano de Gobiernos Locales y Educaci\u00f3n\u201d que se llevar\u00e1 a cabo en formato virtual los d\u00edas 13 y 14 de octubre.<\/p>\n<p>Bajo el lema \u201cInspirar para Innovar\u201d, la invitaci\u00f3n alcanza a docentes, directivos, supervisores, t\u00e9cnicos, investigadores, profesionales e interesados que formen parte del Sistema Educativo de la Municipalidad de C\u00f3rdoba, de otras jurisdicciones del pa\u00eds y del extranjero.<\/p>\n<p>El Congreso se desarrollar\u00e1 a trav\u00e9s de conferencias magistrales, paneles, mesas redondas y un espacio de divulgaci\u00f3n destinado a la exposici\u00f3n de experiencias individuales y grupales, mediante diversos formatos como p\u00f3ster, v\u00eddeo, podcast o sitio webs que resuman experiencias o investigaciones.<\/p>\n<p>Quienes realicen la presentaci\u00f3n de trabajos deber\u00e1n enviarlos a la siguiente direcci\u00f3n de mail: comiteacademico.cme@gmail.com, respetando las siguientes fechas para su entrega:<\/p>\n<p>\u2013 Fecha l\u00edmite de presentaci\u00f3n de trabajos: 15 de septiembre.<br \/>\u2013 Fecha l\u00edmite de admisi\u00f3n de trabajos: 30 de septiembre<\/p>\n<p>La propuesta es abierta y gratuita, y tiene como objetivo intercambiar y reflexionar conjuntamente acerca de los escenarios y desaf\u00edos actuales para los agentes e instituciones educativas, teniendo en cuenta sus respectivos contextos.<\/p>\n<p>Los ejes tem\u00e1ticos incluyen: transformaci\u00f3n e Innovaci\u00f3n Educativa, alfabetizaci\u00f3n ling\u00fc\u00edstica, cient\u00edfica, digital, art\u00edstica y emocional, interdisciplina e integraci\u00f3n de saberes, educaci\u00f3n para el Desarrollo Sostenible y gesti\u00f3n de la educaci\u00f3n desde los gobiernos locales.<\/p>\n<p>Para mayor informaci\u00f3n, dirigirse a la p\u00e1gina web de la Secretar\u00eda de Educaci\u00f3n, aqu\u00ed: https:\/\/educacion.cordoba.gob.ar\/seguimos-aprendiendo-en-casa\/iv-congreso-municipal-de-educacion\/<\/p>\n<p>La invitaci\u00f3n se encuentra en aqu\u00ed: <a href=\"https:\/\/www.cordoba.gob.ar\/wp-content\/uploads\/2021\/08\/Invitaci\u00f3n-al-IV-Congreso-Municipal-de-Educaci\u00f3n.pdf\">Invitaci\u00f3n al IV Congreso Municipal de Educaci\u00f3n<\/a><\/p>\n","protected":false},"excerpt":{"rendered":"<p>Bajo el lema \u201cInspirar para Innovar\u201d, el evento se desarrollar\u00e1 de manera virtual los d\u00edas 13 y 14 de octubre. El p\u00fablico destinatario para la presentaci\u00f3n de trabajos son docentes, directivos, supervisores, t\u00e9cnicos, investigadores, profesionales, e interesados que formen parte del sistema educativo municipal, nacional y del extranjero. La participaci\u00f3n al Congreso es gratuita, y [&hellip;]<\/p>\n","protected":false},"author":1,"featured_media":16281,"comment_status":"closed","ping_status":"closed","sticky":false,"template":"","format":"standard","meta":[],"categories":[44],"tags":[],"_links":{"self":[{"href":"http:\/\/cordobadirecto.com\/index.php\/wp-json\/wp\/v2\/posts\/16280"}],"collection":[{"href":"http:\/\/cordobadirecto.com\/index.php\/wp-json\/wp\/v2\/posts"}],"about":[{"href":"http:\/\/cordobadirecto.com\/index.php\/wp-json\/wp\/v2\/types\/post"}],"author":[{"embeddable":true,"href":"http:\/\/cordobadirecto.com\/index.php\/wp-json\/wp\/v2\/users\/1"}],"replies":[{"embeddable":true,"href":"http:\/\/cordobadirecto.com\/index.php\/wp-json\/wp\/v2\/comments?post=16280"}],"version-history":[{"count":0,"href":"http:\/\/cordobadirecto.com\/index.php\/wp-json\/wp\/v2\/posts\/16280\/revisions"}],"wp:featuredmedia":[{"embeddable":true,"href":"http:\/\/cordobadirecto.com\/index.php\/wp-json\/wp\/v2\/media\/16281"}],"wp:attachment":[{"href":"http:\/\/cordobadirecto.com\/index.php\/wp-json\/wp\/v2\/media?parent=16280"}],"wp:term":[{"taxonomy":"category","embeddable":true,"href":"http:\/\/cordobadirecto.com\/index.php\/wp-json\/wp\/v2\/categories?post=16280"},{"taxonomy":"post_tag","embeddable":true,"href":"http:\/\/cordobadirecto.com\/index.php\/wp-json\/wp\/v2\/tags?post=16280"}],"curies":[{"name":"wp","href":"https:\/\/api.w.org\/{rel}","templated":true}]}}