{"id":162811,"date":"2025-03-01T23:46:29","date_gmt":"2025-03-01T23:46:29","guid":{"rendered":"https:\/\/www.ole.com.ar\/autos\/valentin-perrone-moto3-motogp-hora-ver-tv-gp-tailandia_0_0rXnBFlgi9.html"},"modified":"2025-03-01T23:46:29","modified_gmt":"2025-03-01T23:46:29","slug":"valentin-perrone-en-moto3-a-que-hora-es-y-como-ver-por-tv-el-gp-de-tailandia","status":"publish","type":"post","link":"http:\/\/cordobadirecto.com\/index.php\/2025\/03\/01\/valentin-perrone-en-moto3-a-que-hora-es-y-como-ver-por-tv-el-gp-de-tailandia\/","title":{"rendered":"Valent\u00edn Perrone en Moto3: a qu\u00e9 hora es y c\u00f3mo ver por TV el GP de Tailandia"},"content":{"rendered":"<p><time class=\"createDate\" datetime=\"2025-03-01T20:46:29-03:00\">01\/03\/2025 20:46hs.<\/time><\/p>\n<div id=\"storyBody\">\n<div class=\"custom-text \" readability=\"44\">\n<p>Este s\u00e1bado, la bandera argentina flame\u00f3 en Tailandia, donde el MotoGP se prepara para su primer Gran Premio de la temporada. No fue por la m\u00e1xima categor\u00eda, en la que brill\u00f3 el espa\u00f1ol Marc M\u00e1rquez, sino por el <strong>Moto3<\/strong>, el tercer pelda\u00f1o del motociclismo. All\u00ed, <strong>Valent\u00edn Perrone<\/strong>, nacido en Espa\u00f1a pero con coraz\u00f3n argento (queda a la vista por la elecci\u00f3n de buzo antiflama y casco), puso primera por la clasificaci\u00f3n y este domingo har\u00e1 su debut oficial. Conoc\u00e9 todos los detalles: <strong>a qu\u00e9 hora es, c\u00f3mo se podr\u00e1 ver por TV y dem\u00e1s.<\/strong><\/p>\n<\/div>\n<p><h2><strong>Valent\u00edn Perrone en el GP de Tailandia: a qu\u00e9 hora es y c\u00f3mo ver por TV<\/strong><\/h2>\n<\/p>\n<div class=\"custom-text \" readability=\"38\">\n<p>El pibe de 17 a\u00f1os -naci\u00f3 en Barcelona en 2007- hizo una buena qualy en suelo tailand\u00e9s. Si bien no logr\u00f3 pasar el corte de la Q1 (primera sesi\u00f3n clasificatoria), en la que acced\u00edan los cuatro m\u00e1s r\u00e1pidos y result\u00f3 7\u00b0 con un crono de 1m41s715 (a 0s769 de la cima), no estuvo nada mal para ser su primera vez. <strong>Por su producci\u00f3n sabatina, Perrone largar\u00e1 21\u00b0 en la carrera.<\/strong><\/p>\n<\/div>\n<div class=\"custom-text \" readability=\"39\">\n<p>Para ver al piloto de Tech3 (compite con una KTM), los fierreros deber\u00e1n quedarse despiertos hasta tarde. Es que el GP de Tailandia se disputar\u00e1 por la madrugada, <strong>a la 1.45hs del domingo<\/strong>. La carrera ser\u00e1 transmitida por TV, en la pantalla de <strong>ESPN<\/strong>, y por streaming, en la plataforma <strong>Disney+<\/strong>.<\/p>\n<\/div>\n<div class=\"sc-e7b891c4-0 ifHnQL image-embed\"><img alt=\"Valent\u00edn Perrone con su casco albiceleste. (@Tech3)\" loading=\"lazy\" width=\"720\" height=\"100\" decoding=\"async\" data-nimg=\"1\" src=\"http:\/\/cordobadirecto.com\/wp-content\/uploads\/2025\/03\/valentin-perrone-en-moto3-a-que-hora-es-y-como-ver-por-tv-el-gp-de-tailandia.jpg\"><span class=\"epigraphe\">Valent\u00edn Perrone con su casco albiceleste. (@Tech3)<\/span><\/div>\n<div class=\"custom-text \" readability=\"38.421524663677\">\n<p>Aunque la expectativa es gigantesca, porque hace tiempo que no hab\u00eda un argentino entre los mejores del planeta (vale destacar que los t\u00edtulos en las categor\u00edas menores cuentan como campeonatos mundiales), Perrone no quiere obnubilarse, <a href=\"https:\/\/www.ole.com.ar\/autos\/valentin-perrone-entrevista-ole-debut-moto3-relacion-franco-colapinto-fecha-argentina_0_AsiP9njvUD.html\" target=\"_self\" title=\"como dej\u00f3 en claro en la entrevista que le brind\u00f3 a Ol\u00e9\" alt=\"como dej\u00f3 en claro en la entrevista que le brind\u00f3 a Ol\u00e9\" rel=\"noopener\">como dej\u00f3 en claro en la entrevista que le brind\u00f3 a <\/a><strong><a href=\"https:\/\/www.ole.com.ar\/autos\/valentin-perrone-entrevista-ole-debut-moto3-relacion-franco-colapinto-fecha-argentina_0_AsiP9njvUD.html\" target=\"_self\" title=\"como dej\u00f3 en claro en la entrevista que le brind\u00f3 a Ol\u00e9\" alt=\"como dej\u00f3 en claro en la entrevista que le brind\u00f3 a Ol\u00e9\" rel=\"noopener\">Ol\u00e9<\/a><\/strong>: &#8220;La meta que nos pusimos en conjunto es la de seguir aprendiendo, no me quiero poner expectativas. Si sale un buen resultado, mejor, y si no habr\u00e1 que seguir adquiriendo los conocimientos necesarios para seguir creciendo.<strong> Esta es una categor\u00eda muy complicada, donde todos van muy fuerte.<\/strong> Quiero seguir divirti\u00e9ndome en la moto y seguir capacit\u00e1ndome con el equipo&#8221;.<\/p>\n<\/div>\n<p><h2><strong>El MotoGP pondr\u00e1 primera unas horas despu\u00e9s<\/strong><\/h2>\n<\/p>\n<div class=\"custom-text \" readability=\"40\">\n<p>La categor\u00eda reina, que viene de disputar la sprint (result\u00f3 en victoria de Marc M\u00e1rquez, al igual que sucedi\u00f3 en la clasificaci\u00f3n), correr\u00e1 unas horas m\u00e1s tarde. <strong>La primera fecha de la temporada comenzar\u00e1 a las 4.15hs de Argentina<\/strong> y la televisaci\u00f3n, como en Moto3, correr\u00e1 a cuenta de ESPN y Disney+.<\/p>\n<\/div>\n<div class=\"sc-e7b891c4-0 ifHnQL image-embed\"><img alt=\"La alegr\u00eda de M\u00e1rquez tras su victoria en la Sprint. (EFE\/RUNGROJ YONGRIT)\" loading=\"lazy\" width=\"720\" height=\"100\" decoding=\"async\" data-nimg=\"1\" src=\"http:\/\/cordobadirecto.com\/wp-content\/uploads\/2025\/03\/valentin-perrone-en-moto3-a-que-hora-es-y-como-ver-por-tv-el-gp-de-tailandia-1.jpg\"><span class=\"epigraphe\">La alegr\u00eda de M\u00e1rquez tras su victoria en la Sprint. (EFE\/RUNGROJ YONGRIT)<\/span><\/div>\n<div class=\"sc-a7166897-0 eoLsBE\" readability=\"7\">\n<section readability=\"4\"><picture><img alt=\"Valent\u00edn Perrone con Ol\u00e9: el debut en Moto3, su relaci\u00f3n con Colapinto y la fecha en Argentina\" loading=\"lazy\" width=\"290\" height=\"290\" decoding=\"async\" data-nimg=\"1\" src=\"http:\/\/cordobadirecto.com\/wp-content\/uploads\/2025\/03\/valentin-perrone-en-moto3-a-que-hora-es-y-como-ver-por-tv-el-gp-de-tailandia-2.jpg\"><\/picture>\n<p><span>Mir\u00e1 tambi\u00e9n<\/span><\/p>\n<hr>\n<h3>Valent\u00edn Perrone con Ol\u00e9: el debut en Moto3, su relaci\u00f3n con Colapinto y la fecha en Argentina<\/h3>\n<\/p>\n<\/section>\n<\/div>\n<div class=\"sc-a7166897-0 eoLsBE\" readability=\"6\">\n<section readability=\"2\"><picture><img alt=\"La buena noticia que recibi\u00f3 Franco Colapinto en los test de la F1 en Bahrein\" loading=\"lazy\" width=\"290\" height=\"290\" decoding=\"async\" data-nimg=\"1\" src=\"http:\/\/cordobadirecto.com\/wp-content\/uploads\/2025\/03\/valentin-perrone-en-moto3-a-que-hora-es-y-como-ver-por-tv-el-gp-de-tailandia-3.jpg\"><\/picture>\n<p><span>Mir\u00e1 tambi\u00e9n<\/span><\/p>\n<hr>\n<h3>La buena noticia que recibi\u00f3 Franco Colapinto en los test de la F1 en Bahrein<\/h3>\n<\/p>\n<\/section>\n<\/div>\n<div class=\"sc-a7166897-0 eoLsBE\" readability=\"6\">\n<section readability=\"2\"><picture><img alt=\"Argentina va por la F\u00f3rmula 1: \u00bfqu\u00e9 es lo \u00faltimo que se sabe?\" loading=\"lazy\" width=\"290\" height=\"290\" decoding=\"async\" data-nimg=\"1\" src=\"http:\/\/cordobadirecto.com\/wp-content\/uploads\/2025\/03\/valentin-perrone-en-moto3-a-que-hora-es-y-como-ver-por-tv-el-gp-de-tailandia-4.jpg\"><\/picture>\n<p><span>Mir\u00e1 tambi\u00e9n<\/span><\/p>\n<hr>\n<h3>Argentina va por la F\u00f3rmula 1: \u00bfqu\u00e9 es lo \u00faltimo que se sabe?<\/h3>\n<\/p>\n<\/section>\n<\/div>\n<div class=\"sc-a7166897-0 eoLsBE\" readability=\"6.5\">\n<section readability=\"3\"><picture><img alt=\"Sali\u00f3 el trailer de Drive To Survive: Colapinto presente y Briatore discutiendo con Doohan\" loading=\"lazy\" width=\"290\" height=\"290\" decoding=\"async\" data-nimg=\"1\" src=\"http:\/\/cordobadirecto.com\/wp-content\/uploads\/2025\/03\/valentin-perrone-en-moto3-a-que-hora-es-y-como-ver-por-tv-el-gp-de-tailandia-5.jpg\"><\/picture>\n<p><span>Mir\u00e1 tambi\u00e9n<\/span><\/p>\n<hr>\n<h3>Sali\u00f3 el trailer de Drive To Survive: Colapinto presente y Briatore discutiendo con Doohan<\/h3>\n<\/p>\n<\/section>\n<\/div>\n<div class=\"sc-a7166897-0 eoLsBE\" readability=\"7\">\n<section readability=\"4\"><picture><img alt=\"El m\u00e1nager de Colapinto le pidi\u00f3 a sus fan\u00e1ticos que se comporten: &quot;El momento de Franco llegar\u00e1, pero no de esta manera&quot;\" loading=\"lazy\" width=\"290\" height=\"290\" decoding=\"async\" data-nimg=\"1\" src=\"http:\/\/cordobadirecto.com\/wp-content\/uploads\/2025\/03\/valentin-perrone-en-moto3-a-que-hora-es-y-como-ver-por-tv-el-gp-de-tailandia-6.jpg\"><\/picture>\n<p><span>Mir\u00e1 tambi\u00e9n<\/span><\/p>\n<hr>\n<h3>El m\u00e1nager de Colapinto le pidi\u00f3 a sus fan\u00e1ticos que se comporten: &#8220;El momento de Franco llegar\u00e1, pero no de esta manera&#8221;<\/h3>\n<\/p>\n<\/section>\n<\/div>\n<\/div>\n","protected":false},"excerpt":{"rendered":"<p>01\/03\/2025 20:46hs. Este s\u00e1bado, la bandera argentina flame\u00f3 en Tailandia, donde el MotoGP se prepara para su primer Gran Premio de la temporada. No fue por la m\u00e1xima categor\u00eda, en la que brill\u00f3 el espa\u00f1ol Marc M\u00e1rquez, sino por el Moto3, el tercer pelda\u00f1o del motociclismo. All\u00ed, Valent\u00edn Perrone, nacido en Espa\u00f1a pero con coraz\u00f3n [&hellip;]<\/p>\n","protected":false},"author":1,"featured_media":162812,"comment_status":"closed","ping_status":"closed","sticky":false,"template":"","format":"standard","meta":[],"categories":[21],"tags":[],"_links":{"self":[{"href":"http:\/\/cordobadirecto.com\/index.php\/wp-json\/wp\/v2\/posts\/162811"}],"collection":[{"href":"http:\/\/cordobadirecto.com\/index.php\/wp-json\/wp\/v2\/posts"}],"about":[{"href":"http:\/\/cordobadirecto.com\/index.php\/wp-json\/wp\/v2\/types\/post"}],"author":[{"embeddable":true,"href":"http:\/\/cordobadirecto.com\/index.php\/wp-json\/wp\/v2\/users\/1"}],"replies":[{"embeddable":true,"href":"http:\/\/cordobadirecto.com\/index.php\/wp-json\/wp\/v2\/comments?post=162811"}],"version-history":[{"count":0,"href":"http:\/\/cordobadirecto.com\/index.php\/wp-json\/wp\/v2\/posts\/162811\/revisions"}],"wp:featuredmedia":[{"embeddable":true,"href":"http:\/\/cordobadirecto.com\/index.php\/wp-json\/wp\/v2\/media\/162812"}],"wp:attachment":[{"href":"http:\/\/cordobadirecto.com\/index.php\/wp-json\/wp\/v2\/media?parent=162811"}],"wp:term":[{"taxonomy":"category","embeddable":true,"href":"http:\/\/cordobadirecto.com\/index.php\/wp-json\/wp\/v2\/categories?post=162811"},{"taxonomy":"post_tag","embeddable":true,"href":"http:\/\/cordobadirecto.com\/index.php\/wp-json\/wp\/v2\/tags?post=162811"}],"curies":[{"name":"wp","href":"https:\/\/api.w.org\/{rel}","templated":true}]}}