{"id":162813,"date":"2025-03-01T21:27:01","date_gmt":"2025-03-01T21:27:01","guid":{"rendered":"https:\/\/www.ole.com.ar\/autos\/argentina-va-formula-1-f1-jorge-macri-jefe-gobierno-ciudad-buenos-aires-autodromo-galvez_0_XscThR1nUg.html"},"modified":"2025-03-01T21:27:01","modified_gmt":"2025-03-01T21:27:01","slug":"argentina-va-por-la-formula-1-que-es-lo-ultimo-que-se-sabe","status":"publish","type":"post","link":"http:\/\/cordobadirecto.com\/index.php\/2025\/03\/01\/argentina-va-por-la-formula-1-que-es-lo-ultimo-que-se-sabe\/","title":{"rendered":"Argentina va por la F\u00f3rmula 1: \u00bfqu\u00e9 es lo \u00faltimo que se sabe?"},"content":{"rendered":"<p><time class=\"createDate\" datetime=\"2025-03-01T18:27:01-03:00\">01\/03\/2025 18:27hs.<\/time><\/p>\n<div id=\"storyBody\">\n<div class=\"custom-text \" readability=\"44\">\n<p>La aparici\u00f3n de Franco Colapinto en la F\u00f3rmula 1 abri\u00f3 una puerta que parec\u00eda cerrada con llave y candado: <strong>el retorno de la categor\u00eda a la Argentina<\/strong>. No es sencillo, porque en estos tiempos se compite con los millones \u00e1rabes y la puja de Estados Unidos por m\u00e1s fechas (tiene tres), al punto de que los circuitos hist\u00f3ricos de Europa corren peligro de caerse del calendario, <strong>pero se est\u00e1 trabajando para que se d\u00e9 en los pr\u00f3ximos a\u00f1os<\/strong>. Despu\u00e9s de que Daniel Scioli, secretario de Turismo, Ambiente y Deporte de la Naci\u00f3n, se expresara en reiteradas ocasiones sobre las gestiones iniciadas, <strong>fue Jorge Macri, jefe de Gobierno de la Ciudad de Buenos Aires, el que volvi\u00f3 a alimentar la llama.<\/strong><\/p>\n<\/div>\n<div class=\"custom-text \" readability=\"45\">\n<p>En su discurso de inauguraci\u00f3n del XXVIII per\u00edodo de sesiones ordinarias, Macri hizo \u00e9nfasis en el plan integral para potenciar el sur de la Ciudad y, por supuesto, se contemplaron las renovaciones en el <strong>Aut\u00f3dromo Oscar y Juan G\u00e1lvez<\/strong>, la catedral del automovilismo argentino y donde se espera que la F1 corra en el futuro -tal como lo hizo hasta 1998-. &#8220;Nos dec\u00edan que nadie iba a ir al Sur a ver un show, y el a\u00f1o pasado m\u00e1s de un mill\u00f3n y medio de personas asistieron a recitales, eventos masivos y diversas propuestas en el Parque de la Ciudad y el Aut\u00f3dromo, donde invertimos para recuperar su esplendor. <strong>Volvi\u00f3 a ser sede del Top Race y el Turismo Carretera, y seguimos trabajando para traer la F\u00f3rmula 1 y el MotoGP <\/strong>(NdeR: ya corre en el pa\u00eds, pero en Termas de R\u00edo Hondo)&#8221;, expres\u00f3 el funcionario.<\/p>\n<\/div>\n<div class=\"sc-e7b891c4-0 ifHnQL image-embed\"><img alt=\"Jorge Macri hizo referencia al retorno de la F1 en el XXVIII per\u00edodo de sesiones ordinarias.\" loading=\"lazy\" width=\"720\" height=\"100\" decoding=\"async\" data-nimg=\"1\" src=\"http:\/\/cordobadirecto.com\/wp-content\/uploads\/2025\/03\/argentina-va-por-la-formula-1-que-es-lo-ultimo-que-se-sabe.jpg\"><span class=\"epigraphe\">Jorge Macri hizo referencia al retorno de la F1 en el XXVIII per\u00edodo de sesiones ordinarias.<\/span><\/div>\n<div class=\"custom-text \" readability=\"41\">\n<p>Hace poco m\u00e1s de un mes, Scioli, que hab\u00eda dicho presente en el GP de Brasil para reunirse con las figuras centrales de la M\u00e1xima, dio m\u00e1s detalles de la negociaci\u00f3n: &#8220;<strong>En 2027 se abri\u00f3 una posibilidad muy concreta porque hubo un cambio de fechas en otra ciudad<\/strong>, y ya est\u00e1n los t\u00e9cnicos internacionales haciendo un relevamiento del Aut\u00f3dromo de Buenos Aires&#8221;. Como bien dijo, una de las cuestiones a tratar es la renovaci\u00f3n del G\u00e1lvez, <strong>que deber\u00e1 adecuarse a las exigencias de la FIA<\/strong> (se estima que las cobras costar\u00edan 30 millones de d\u00f3lares y demandar\u00edan al menos dos a\u00f1os).<\/p>\n<\/div>\n<p><h2><strong>Colapinto tambi\u00e9n pidi\u00f3 por el regreso de la F\u00f3rmula 1 a la Argentina<\/strong><\/h2>\n<\/p>\n<div class=\"custom-text \" readability=\"39\">\n<p>Otro que meti\u00f3 bocado en torno a la vuelta de la F\u00f3rmula 1 a la Argentina fue nada m\u00e1s y nada menos que <strong>Colapinto<\/strong>, con la importancia que tiene su figura. A mediados de enero, cuando la M\u00e1xima hizo un posteo sobre el d\u00eda que lleg\u00f3 al pa\u00eds por primera vez, Franco escribi\u00f3: <strong>&#8220;Ten\u00e9s m\u00e1s ganas que nosotros, @F1. Ya es hora de que vuelva. Una manija de un autito rosa a fondo por el G\u00e1lvez&#8221;.<\/strong><\/p>\n<\/div>\n<div class=\"sc-e7b891c4-0 ifHnQL image-embed\"><img alt=\"Los posteos de Franco Colapinto meti\u00e9ndole presi\u00f3n a la F\u00f3rmula 1 para que regrese a la Argentina.\" loading=\"lazy\" width=\"720\" height=\"100\" decoding=\"async\" data-nimg=\"1\" src=\"http:\/\/cordobadirecto.com\/wp-content\/uploads\/2025\/03\/argentina-va-por-la-formula-1-que-es-lo-ultimo-que-se-sabe-1.jpg\"><span class=\"epigraphe\">Los posteos de Franco Colapinto meti\u00e9ndole presi\u00f3n a la F\u00f3rmula 1 para que regrese a la Argentina.<\/span><\/div>\n<div class=\"sc-a7166897-0 eoLsBE\" readability=\"6\">\n<section readability=\"2\"><picture><img alt=\"La buena noticia que recibi\u00f3 Franco Colapinto en los test de la F1 en Bahrein\" loading=\"lazy\" width=\"290\" height=\"290\" decoding=\"async\" data-nimg=\"1\" src=\"http:\/\/cordobadirecto.com\/wp-content\/uploads\/2025\/03\/argentina-va-por-la-formula-1-que-es-lo-ultimo-que-se-sabe-2.jpg\"><\/picture>\n<p><span>Mir\u00e1 tambi\u00e9n<\/span><\/p>\n<hr>\n<h3>La buena noticia que recibi\u00f3 Franco Colapinto en los test de la F1 en Bahrein<\/h3>\n<\/p>\n<\/section>\n<\/div>\n<div class=\"sc-a7166897-0 eoLsBE\" readability=\"7\">\n<section readability=\"4\"><picture><img alt=\"C\u00f3mo le fue a Doohan, compa\u00f1ero de Colapinto, en el \u00faltimo d\u00eda de los test de F1\" loading=\"lazy\" width=\"290\" height=\"290\" decoding=\"async\" data-nimg=\"1\" src=\"http:\/\/cordobadirecto.com\/wp-content\/uploads\/2025\/03\/argentina-va-por-la-formula-1-que-es-lo-ultimo-que-se-sabe-3.jpg\"><\/picture>\n<p><span>Mir\u00e1 tambi\u00e9n<\/span><\/p>\n<hr>\n<h3>C\u00f3mo le fue a Doohan, compa\u00f1ero de Colapinto, en el \u00faltimo d\u00eda de los test de F1<\/h3>\n<\/p>\n<\/section>\n<\/div>\n<div class=\"sc-a7166897-0 eoLsBE\" readability=\"6.5\">\n<section readability=\"3\"><picture><img alt=\"Sali\u00f3 el trailer de Drive To Survive: Colapinto presente y Briatore discutiendo con Doohan\" loading=\"lazy\" width=\"290\" height=\"290\" decoding=\"async\" data-nimg=\"1\" src=\"http:\/\/cordobadirecto.com\/wp-content\/uploads\/2025\/03\/argentina-va-por-la-formula-1-que-es-lo-ultimo-que-se-sabe-4.jpg\"><\/picture>\n<p><span>Mir\u00e1 tambi\u00e9n<\/span><\/p>\n<hr>\n<h3>Sali\u00f3 el trailer de Drive To Survive: Colapinto presente y Briatore discutiendo con Doohan<\/h3>\n<\/p>\n<\/section>\n<\/div>\n<div class=\"sc-a7166897-0 eoLsBE\" readability=\"7\">\n<section readability=\"4\"><picture><img alt=\"El m\u00e1nager de Colapinto le pidi\u00f3 a sus fan\u00e1ticos que se comporten: &quot;El momento de Franco llegar\u00e1, pero no de esta manera&quot;\" loading=\"lazy\" width=\"290\" height=\"290\" decoding=\"async\" data-nimg=\"1\" src=\"http:\/\/cordobadirecto.com\/wp-content\/uploads\/2025\/03\/argentina-va-por-la-formula-1-que-es-lo-ultimo-que-se-sabe-5.jpg\"><\/picture>\n<p><span>Mir\u00e1 tambi\u00e9n<\/span><\/p>\n<hr>\n<h3>El m\u00e1nager de Colapinto le pidi\u00f3 a sus fan\u00e1ticos que se comporten: &#8220;El momento de Franco llegar\u00e1, pero no de esta manera&#8221;<\/h3>\n<\/p>\n<\/section>\n<\/div>\n<div class=\"sc-a7166897-0 eoLsBE\" readability=\"6\">\n<section readability=\"2\"><picture><img alt=\"\u00bfY el auto? El nuevo rol del compa\u00f1ero de Colapinto en Alpine\" loading=\"lazy\" width=\"290\" height=\"290\" decoding=\"async\" data-nimg=\"1\" src=\"http:\/\/cordobadirecto.com\/wp-content\/uploads\/2025\/03\/argentina-va-por-la-formula-1-que-es-lo-ultimo-que-se-sabe-6.jpg\"><\/picture>\n<p><span>Mir\u00e1 tambi\u00e9n<\/span><\/p>\n<hr>\n<h3>\u00bfY el auto? El nuevo rol del compa\u00f1ero de Colapinto en Alpine<\/h3>\n<\/p>\n<\/section>\n<\/div>\n<\/div>\n","protected":false},"excerpt":{"rendered":"<p>01\/03\/2025 18:27hs. La aparici\u00f3n de Franco Colapinto en la F\u00f3rmula 1 abri\u00f3 una puerta que parec\u00eda cerrada con llave y candado: el retorno de la categor\u00eda a la Argentina. No es sencillo, porque en estos tiempos se compite con los millones \u00e1rabes y la puja de Estados Unidos por m\u00e1s fechas (tiene tres), al punto [&hellip;]<\/p>\n","protected":false},"author":1,"featured_media":162814,"comment_status":"closed","ping_status":"closed","sticky":false,"template":"","format":"standard","meta":[],"categories":[21],"tags":[],"_links":{"self":[{"href":"http:\/\/cordobadirecto.com\/index.php\/wp-json\/wp\/v2\/posts\/162813"}],"collection":[{"href":"http:\/\/cordobadirecto.com\/index.php\/wp-json\/wp\/v2\/posts"}],"about":[{"href":"http:\/\/cordobadirecto.com\/index.php\/wp-json\/wp\/v2\/types\/post"}],"author":[{"embeddable":true,"href":"http:\/\/cordobadirecto.com\/index.php\/wp-json\/wp\/v2\/users\/1"}],"replies":[{"embeddable":true,"href":"http:\/\/cordobadirecto.com\/index.php\/wp-json\/wp\/v2\/comments?post=162813"}],"version-history":[{"count":0,"href":"http:\/\/cordobadirecto.com\/index.php\/wp-json\/wp\/v2\/posts\/162813\/revisions"}],"wp:featuredmedia":[{"embeddable":true,"href":"http:\/\/cordobadirecto.com\/index.php\/wp-json\/wp\/v2\/media\/162814"}],"wp:attachment":[{"href":"http:\/\/cordobadirecto.com\/index.php\/wp-json\/wp\/v2\/media?parent=162813"}],"wp:term":[{"taxonomy":"category","embeddable":true,"href":"http:\/\/cordobadirecto.com\/index.php\/wp-json\/wp\/v2\/categories?post=162813"},{"taxonomy":"post_tag","embeddable":true,"href":"http:\/\/cordobadirecto.com\/index.php\/wp-json\/wp\/v2\/tags?post=162813"}],"curies":[{"name":"wp","href":"https:\/\/api.w.org\/{rel}","templated":true}]}}