{"id":162822,"date":"2025-03-02T18:53:29","date_gmt":"2025-03-02T18:53:29","guid":{"rendered":"https:\/\/puntoapunto.com.ar\/?p=370628"},"modified":"2025-03-02T18:53:29","modified_gmt":"2025-03-02T18:53:29","slug":"asamblea-legislativa-milei-pidio-respaldo-al-congreso-para-ratificar-el-acuerdo-con-el-fmi","status":"publish","type":"post","link":"http:\/\/cordobadirecto.com\/index.php\/2025\/03\/02\/asamblea-legislativa-milei-pidio-respaldo-al-congreso-para-ratificar-el-acuerdo-con-el-fmi\/","title":{"rendered":"Asamblea Legislativa: Milei pidi\u00f3 respaldo al Congreso para ratificar el acuerdo con el FMI"},"content":{"rendered":"<p>&nbsp;<!-- \u00a1O bien no hay banners, estan desactivados o no estan programados para esta ubicaci\u00f3n! -->\n<\/p>\n<p>&nbsp;\n<\/p>\n<p>El presidente Javier Milei&nbsp;<strong>pidi\u00f3 al Congreso Nacional que apruebe el acuerdo que firmar\u00e1 el Gobierno Nacional con el Fondo Monetario Internacional (FMI)<\/strong>, para reestructurar la deuda con ese organismo.<br \/>En un discurso de una hora y media, Milei pidi\u00f3 adem\u00e1s sancionar la ley de baja de la imputabilidad, agravar las penas del C\u00f3digo Penal, y anunci\u00f3 que promover\u00e1 reformas, aunque no precis\u00f3 si lo &nbsp;har\u00e1 este a\u00f1o o cuando asuman los diputados electos en octubre.\n<\/p>\n<p>En el \u00faltimo tramo de su discurso, el jefe de Estado solicit\u00f3 que el Congreso avale el acuerdo que el Gobierno cerrar\u00e1 con el FMI, como hizo el Parlamento en la gesti\u00f3n kirchnerista.<br \/>Milei dijo que quiere \u00aba<strong>nunciarles que en los pr\u00f3ximos d\u00edas le pedir\u00e9 al Congreso que apoye al Gobierno en este nuevo acuerdo con el Fondo Monetario Internacional<\/strong>\u00ab.<br \/>Dijo que \u00abel presente acuerdo con el FMI lo que busca es restaurar el activo del Banco Central, y con eso su patrimonio, para que de este modo la inflaci\u00f3n sea solo un mal recuerdo del pasado. As\u00ed, el dinero que ingrese del FMI, el Tesoro lo utilizar\u00e1 para cancelar parte de su deuda con el Banco Central\u00bb.\n<\/p>\n<p>\u00abEste nuevo acuerdo nos brindar\u00e1 las herramientas para sanar el camino hacia un esquema cambiario m\u00e1s libre y eficiente para todos nuestros ciudadanos y para poder atraer mayores inversiones que se traduzcan en menor inflaci\u00f3n, mayor crecimiento y nivel de empleo, con las consecuencias\u2026 mejores salarios que implican menor<br \/>cantidad de pobres e indigentes\u00bb.<!-- \u00a1O bien no hay banners, estan desactivados o no estan programados para esta ubicaci\u00f3n! -->\n<\/p>\n<p>En ese contexto agreg\u00f3 que \u00abquiero ser claro con una cosa: nosotros vamos a resolver el problema que todos los gobiernos anteriores causaron con el d\u00e9ficit fiscal y su financiamiento\u00bb<br \/>\u00abEn consecuencia, esperamos que este Congreso adopte la misma postura que tuvieron con todos los dem\u00e1s, que es acompa\u00f1ar desde sus bancas, apoyando al Gobierno en este nuevo acuerdo\u00bb.<br \/>Milei tambi\u00e9n pidi\u00f3 aprobar la ley de baja de la edad de imputabilidad, \u00abpara que quienes son lo suficientemente conscientes para cometer cr\u00edmenes de adulto, paguen las consecuencias de sus actos\u00bb.<br \/>El Gobierno envi\u00f3 un proyecto de ley en julio pasado pero que a\u00fan no se aprob\u00f3 por la falta de consenso que propone reducir de 16 a 13 a\u00f1os la edad de imputabilidad, y busca establecer adem\u00e1s un R\u00e9gimen Penal Juvenil para que se pueda condenar a los j\u00f3venes por graves delitos hasta por 20 a\u00f1os.<br \/>Tambi\u00e9n dijo que \u00abnecesitamos tambi\u00e9n agravar todas las penas del C\u00f3digo Penal, algo que tiene que ocurrir en car\u00e1cter urgente\u00bb.<br \/>En ese sentido, Milei agreg\u00f3: \u00abS\u00ed, todas las penas del C\u00f3digo Penal. Emprendiendo as\u00ed la reforma del C\u00f3digo Penal m\u00e1s importante de los \u00faltimos cien a\u00f1os, algo que tiene que ocurrir en car\u00e1cter de urgente\u00bb<br \/>Destac\u00f3 que \u00abel problema no se limita al crimen ordinario. El narcotr\u00e1fico y el terrorismo representan un peligro claro y presente para los argentinos\u00bb. &nbsp;Adem\u00e1s adelant\u00f3 que est\u00e1n \u00abtrabajando en una ley de seguridad nacional que le provea herramientas al estado argentino, a nuestro servicio de inteligencia, y a nuestras fuerzas, para perseguir a quienes quieran atentar contra la vida de los argentinos\u00bb.<\/p>\n<div class=\"g g-38\">\n<div class=\"g-dyn a-12 c-1\"><a class=\"gofollow\" data-track=\"MTIsMzgsMSw2MA==\" href=\"https:\/\/hospitalprivado.com.ar\/blog\/institucional\/somos-la-primera-institucion-del-interior-del-pais-en-acreditar-joint-commission-international.html\" target=\"_blank\" rel=\"noopener\"><img src=\"http:\/\/cordobadirecto.com\/wp-content\/uploads\/2025\/03\/asamblea-legislativa-milei-pidio-respaldo-al-congreso-para-ratificar-el-acuerdo-con-el-fmi.gif\" loading=\"lazy\"><\/a><\/div>\n<\/div>\n","protected":false},"excerpt":{"rendered":"<p>&nbsp; &nbsp; El presidente Javier Milei&nbsp;pidi\u00f3 al Congreso Nacional que apruebe el acuerdo que firmar\u00e1 el Gobierno Nacional con el Fondo Monetario Internacional (FMI), para reestructurar la deuda con ese organismo.En un discurso de una hora y media, Milei pidi\u00f3 adem\u00e1s sancionar la ley de baja de la imputabilidad, agravar las penas del C\u00f3digo Penal, [&hellip;]<\/p>\n","protected":false},"author":1,"featured_media":162823,"comment_status":"closed","ping_status":"closed","sticky":false,"template":"","format":"standard","meta":[],"categories":[25],"tags":[],"_links":{"self":[{"href":"http:\/\/cordobadirecto.com\/index.php\/wp-json\/wp\/v2\/posts\/162822"}],"collection":[{"href":"http:\/\/cordobadirecto.com\/index.php\/wp-json\/wp\/v2\/posts"}],"about":[{"href":"http:\/\/cordobadirecto.com\/index.php\/wp-json\/wp\/v2\/types\/post"}],"author":[{"embeddable":true,"href":"http:\/\/cordobadirecto.com\/index.php\/wp-json\/wp\/v2\/users\/1"}],"replies":[{"embeddable":true,"href":"http:\/\/cordobadirecto.com\/index.php\/wp-json\/wp\/v2\/comments?post=162822"}],"version-history":[{"count":0,"href":"http:\/\/cordobadirecto.com\/index.php\/wp-json\/wp\/v2\/posts\/162822\/revisions"}],"wp:featuredmedia":[{"embeddable":true,"href":"http:\/\/cordobadirecto.com\/index.php\/wp-json\/wp\/v2\/media\/162823"}],"wp:attachment":[{"href":"http:\/\/cordobadirecto.com\/index.php\/wp-json\/wp\/v2\/media?parent=162822"}],"wp:term":[{"taxonomy":"category","embeddable":true,"href":"http:\/\/cordobadirecto.com\/index.php\/wp-json\/wp\/v2\/categories?post=162822"},{"taxonomy":"post_tag","embeddable":true,"href":"http:\/\/cordobadirecto.com\/index.php\/wp-json\/wp\/v2\/tags?post=162822"}],"curies":[{"name":"wp","href":"https:\/\/api.w.org\/{rel}","templated":true}]}}