{"id":162851,"date":"2025-03-02T20:49:23","date_gmt":"2025-03-02T20:49:23","guid":{"rendered":"https:\/\/www.ole.com.ar\/autos\/jack-doohan-gasly-alpine-volvio-hacer-pruebas-test-auto-formula-1-f1-colapinto_0_o3Jb49XjbU.html"},"modified":"2025-03-02T20:49:23","modified_gmt":"2025-03-02T20:49:23","slug":"sin-doohan-ni-gasly-alpine-volvio-a-hacer-pruebas-con-el-auto-de-formula-1","status":"publish","type":"post","link":"http:\/\/cordobadirecto.com\/index.php\/2025\/03\/02\/sin-doohan-ni-gasly-alpine-volvio-a-hacer-pruebas-con-el-auto-de-formula-1\/","title":{"rendered":"Sin Doohan ni Gasly, Alpine volvi\u00f3 a hacer pruebas con el auto de F\u00f3rmula 1"},"content":{"rendered":"<p><time class=\"createDate\" datetime=\"2025-03-02T17:49:23-03:00\">02\/03\/2025 17:49hs.<\/time><\/p>\n<div id=\"storyBody\">\n<div class=\"custom-text \" readability=\"39\">\n<p><strong>Son d\u00edas agitados para Alpine<\/strong>, que viene de participar en los test de pretemporada (fueron tres d\u00edas en los que los 20 pilotos de la F\u00f3rmula 1 giraron a m\u00e1s no poder) y tuvo la oportunidad de seguir corriendo el A525 en <strong>las pruebas de Pirelli en Bahrein<\/strong>, cuya finalidad es empezar a conocer y tener m\u00e1s informaci\u00f3n de los neum\u00e1ticos que se utilizar\u00e1n en 2026. La sorpresa es que no dieron el presente sus hombres de cabecera, Pierre Gasly y Jack Doohan,<strong> y que los que se sentaron en la butaca fueron sus reservas<\/strong>. \u00bfFranco Colapinto? \u00c9l tendr\u00e1 que esperar&#8230;<\/p>\n<\/div>\n<div class=\"custom-text \" readability=\"41\">\n<p>Los test de Pirelli durar\u00e1n dos d\u00edas. Este domingo, por la primera jornada, <strong>el que sali\u00f3 a la pista fue Ryo Hirakawa<\/strong>, el japon\u00e9s de 30 a\u00f1os que fue confirmado como corredor de Alpine unas horas antes de que se anunciara a Colapinto -tal como hab\u00eda adelantado <strong>Ol\u00e9<\/strong>-. El nip\u00f3n, que viene de competir en los 1812km de Qatar del WEC, dio 131 vueltas (15 m\u00e1s que Carlos Sainz, el otro que estuvo probando a bordo del Williams) y su mejor tiempo fue un 1m35s336.<\/p>\n<\/div>\n<div class=\"custom-text \" readability=\"42\">\n<p>Este lunes, en el \u00faltimo d\u00eda de actividad, <strong>el que saldr\u00e1 a la cancha ser\u00e1 el estonio Paul Aron<\/strong>, promovido al equipo galo tras haber tenido un gran 2024 en la F\u00f3rmula 2 (en una de las carreras, en Imola, sufri\u00f3 un sobrepaso impresionante de Franco). A la par, en la ex escuder\u00eda de Colapinto, el que girar\u00e1 ser\u00e1 el tailand\u00e9s Alexander Albon.<\/p>\n<\/div>\n<div class=\"sc-e7b891c4-0 ifHnQL image-embed\"><img alt=\"Ryo Hirakawa, reserva de Alpine, en las pruebas de Pirelli. (@pirellisport)\" loading=\"lazy\" width=\"720\" height=\"100\" decoding=\"async\" data-nimg=\"1\" src=\"http:\/\/cordobadirecto.com\/wp-content\/uploads\/2025\/03\/sin-doohan-ni-gasly-alpine-volvio-a-hacer-pruebas-con-el-auto-de-formula-1.jpg\"><span class=\"epigraphe\">Ryo Hirakawa, reserva de Alpine, en las pruebas de Pirelli. (@pirellisport)<\/span><\/div>\n<p><h2><strong>Colapinto sigue compitiendo por una butaca, pero su manager pis\u00f3 el freno&#8230;<\/strong><\/h2>\n<\/p>\n<div class=\"custom-text \" readability=\"37.583333333333\">\n<p>Aunque el deseo de todos los argentinos es que Franco Colapinto se gane la titularidad cuanto antes, para lo que necesitar\u00e1 que uno de los titulares deje un puesto vacante (el \u00fanico que podr\u00eda ceder su lugar es Jack Doohan, siendo Gasly la figura del equipo), el entorno del argentino quiere que eso se d\u00e9 naturalmente y en la pista, y no amedrentando virtualmente a los protagonistas. En ese sentido, el que se posicion\u00f3 en defensa de los pilotos y de los intereses de su representado fue <strong><a href=\"https:\/\/www.ole.com.ar\/autos\/manager-colapinto-pidio-fanaticos-comporten-momento-franco-llegara-manera_0_zKeyjOIxmT.html\" target=\"_self\" title=\"Jamie Campbell-Walter, manager del pilarense.\" alt=\"Jamie Campbell-Walter, manager del pilarense.\" rel=\"noopener\">Jamie Campbell-Walter, manager del pilarense.<\/a><\/strong><\/p>\n<\/div>\n<div class=\"custom-text \" readability=\"42\">\n<p>&#8220;Los haters creen que est\u00e1n ayudando a Franco, pero le est\u00e1n haciendo m\u00e1s da\u00f1o que bien:<strong> insultos al equipo, a Jack (Doohan) y a veces a otros seguidores de Alpine<\/strong>. Franco y todos los que lo apoyamos somos fans de todo el equipo, Pierre (Gasly) y Jack. Comp\u00f3rtense con pasi\u00f3n pero sin insultos ni arrogancia. <strong>El momento de Franco llegar\u00e1, pero no de esta manera<\/strong>, conseguir\u00e1n lo contrario&#8221;, escribi\u00f3 el brit\u00e1nico v\u00eda X (ex Twitter). Con un retuit, Colapinto respald\u00f3 su postura.<\/p>\n<\/div>\n<div class=\"sc-e7b891c4-0 ifHnQL image-embed\"><img alt=\"Otra imagen del Alpine A525 en los test de Pirelli. (@pirellisport)\" loading=\"lazy\" width=\"720\" height=\"100\" decoding=\"async\" data-nimg=\"1\" src=\"http:\/\/cordobadirecto.com\/wp-content\/uploads\/2025\/03\/sin-doohan-ni-gasly-alpine-volvio-a-hacer-pruebas-con-el-auto-de-formula-1-1.jpg\"><span class=\"epigraphe\">Otra imagen del Alpine A525 en los test de Pirelli. (@pirellisport)<\/span><\/div>\n<div class=\"sc-a7166897-0 eoLsBE\" readability=\"6\">\n<section readability=\"2\"><picture><img alt=\"C\u00f3mo le fue a Valent\u00edn Perrone en el GP de Tailandia del Moto3\" loading=\"lazy\" width=\"290\" height=\"290\" decoding=\"async\" data-nimg=\"1\" src=\"http:\/\/cordobadirecto.com\/wp-content\/uploads\/2025\/03\/sin-doohan-ni-gasly-alpine-volvio-a-hacer-pruebas-con-el-auto-de-formula-1-2.jpg\"><\/picture>\n<p><span>Mir\u00e1 tambi\u00e9n<\/span><\/p>\n<hr>\n<h3>C\u00f3mo le fue a Valent\u00edn Perrone en el GP de Tailandia del Moto3<\/h3>\n<\/p>\n<\/section>\n<\/div>\n<div class=\"sc-a7166897-0 eoLsBE\" readability=\"6\">\n<section readability=\"2\"><picture><img alt=\"La buena noticia que recibi\u00f3 Franco Colapinto en los test de la F1 en Bahrein\" loading=\"lazy\" width=\"290\" height=\"290\" decoding=\"async\" data-nimg=\"1\" src=\"http:\/\/cordobadirecto.com\/wp-content\/uploads\/2025\/03\/sin-doohan-ni-gasly-alpine-volvio-a-hacer-pruebas-con-el-auto-de-formula-1-3.jpg\"><\/picture>\n<p><span>Mir\u00e1 tambi\u00e9n<\/span><\/p>\n<hr>\n<h3>La buena noticia que recibi\u00f3 Franco Colapinto en los test de la F1 en Bahrein<\/h3>\n<\/p>\n<\/section>\n<\/div>\n<div class=\"sc-a7166897-0 eoLsBE\" readability=\"6\">\n<section readability=\"2\"><picture><img alt=\"Argentina va por la F\u00f3rmula 1: \u00bfqu\u00e9 es lo \u00faltimo que se sabe?\" loading=\"lazy\" width=\"290\" height=\"290\" decoding=\"async\" data-nimg=\"1\" src=\"http:\/\/cordobadirecto.com\/wp-content\/uploads\/2025\/03\/sin-doohan-ni-gasly-alpine-volvio-a-hacer-pruebas-con-el-auto-de-formula-1-4.jpg\"><\/picture>\n<p><span>Mir\u00e1 tambi\u00e9n<\/span><\/p>\n<hr>\n<h3>Argentina va por la F\u00f3rmula 1: \u00bfqu\u00e9 es lo \u00faltimo que se sabe?<\/h3>\n<\/p>\n<\/section>\n<\/div>\n<div class=\"sc-a7166897-0 eoLsBE\" readability=\"7\">\n<section readability=\"4\"><picture><img alt=\"El m\u00e1nager de Colapinto le pidi\u00f3 a sus fan\u00e1ticos que se comporten: &quot;El momento de Franco llegar\u00e1, pero no de esta manera&quot;\" loading=\"lazy\" width=\"290\" height=\"290\" decoding=\"async\" data-nimg=\"1\" src=\"http:\/\/cordobadirecto.com\/wp-content\/uploads\/2025\/03\/sin-doohan-ni-gasly-alpine-volvio-a-hacer-pruebas-con-el-auto-de-formula-1-5.jpg\"><\/picture>\n<p><span>Mir\u00e1 tambi\u00e9n<\/span><\/p>\n<hr>\n<h3>El m\u00e1nager de Colapinto le pidi\u00f3 a sus fan\u00e1ticos que se comporten: &#8220;El momento de Franco llegar\u00e1, pero no de esta manera&#8221;<\/h3>\n<\/p>\n<\/section>\n<\/div>\n<\/div>\n","protected":false},"excerpt":{"rendered":"<p>02\/03\/2025 17:49hs. Son d\u00edas agitados para Alpine, que viene de participar en los test de pretemporada (fueron tres d\u00edas en los que los 20 pilotos de la F\u00f3rmula 1 giraron a m\u00e1s no poder) y tuvo la oportunidad de seguir corriendo el A525 en las pruebas de Pirelli en Bahrein, cuya finalidad es empezar a [&hellip;]<\/p>\n","protected":false},"author":1,"featured_media":162852,"comment_status":"closed","ping_status":"closed","sticky":false,"template":"","format":"standard","meta":[],"categories":[21],"tags":[],"_links":{"self":[{"href":"http:\/\/cordobadirecto.com\/index.php\/wp-json\/wp\/v2\/posts\/162851"}],"collection":[{"href":"http:\/\/cordobadirecto.com\/index.php\/wp-json\/wp\/v2\/posts"}],"about":[{"href":"http:\/\/cordobadirecto.com\/index.php\/wp-json\/wp\/v2\/types\/post"}],"author":[{"embeddable":true,"href":"http:\/\/cordobadirecto.com\/index.php\/wp-json\/wp\/v2\/users\/1"}],"replies":[{"embeddable":true,"href":"http:\/\/cordobadirecto.com\/index.php\/wp-json\/wp\/v2\/comments?post=162851"}],"version-history":[{"count":0,"href":"http:\/\/cordobadirecto.com\/index.php\/wp-json\/wp\/v2\/posts\/162851\/revisions"}],"wp:featuredmedia":[{"embeddable":true,"href":"http:\/\/cordobadirecto.com\/index.php\/wp-json\/wp\/v2\/media\/162852"}],"wp:attachment":[{"href":"http:\/\/cordobadirecto.com\/index.php\/wp-json\/wp\/v2\/media?parent=162851"}],"wp:term":[{"taxonomy":"category","embeddable":true,"href":"http:\/\/cordobadirecto.com\/index.php\/wp-json\/wp\/v2\/categories?post=162851"},{"taxonomy":"post_tag","embeddable":true,"href":"http:\/\/cordobadirecto.com\/index.php\/wp-json\/wp\/v2\/tags?post=162851"}],"curies":[{"name":"wp","href":"https:\/\/api.w.org\/{rel}","templated":true}]}}