{"id":162903,"date":"2025-03-04T10:02:54","date_gmt":"2025-03-04T10:02:54","guid":{"rendered":"https:\/\/www.ole.com.ar\/futbol-ascenso\/ascenso_0_Z4k7E5U359.html"},"modified":"2025-03-04T10:02:54","modified_gmt":"2025-03-04T10:02:54","slug":"all-boys-se-destapo-goleada-y-primer-triunfo","status":"publish","type":"post","link":"http:\/\/cordobadirecto.com\/index.php\/2025\/03\/04\/all-boys-se-destapo-goleada-y-primer-triunfo\/","title":{"rendered":"All Boys se destap\u00f3: goleada y primer triunfo"},"content":{"rendered":"<p><time class=\"createDate\" datetime=\"2025-03-03T23:13:17-03:00\">03\/03\/2025 23:13hs.<\/time><\/p>\n<div id=\"storyBody\">\n<div class=\"custom-text \" readability=\"33.0195599022\">\n<p>En \u00e9poca de vacas flacas, el campo siempre apuesta a una cosecha salvadora. Lo mismo hizo <a href=\"https:\/\/www.ole.com.ar\/tema\/all-boys.html\" title=\"All Boys\" alt=\"All Boys\" class=\"slug\">All Boys<\/a>. Porque necesitado de un triunfo, <strong><a href=\"https:\/\/www.ole.com.ar\/tema\/mariano-campodonico.html\" title=\"Mariano Campod\u00f3nico\" alt=\"Mariano Campod\u00f3nico\" class=\"slug\">Mariano Campod\u00f3nico<\/a> meti\u00f3 a Claudio Campostrini por primera vez como titular y el delantero no defraud\u00f3<\/strong>: meti\u00f3 un doblete para abrir la goleada ante Racing de C\u00f3rdoba y romper con la racha de tres empates consecutivos en el inicio de la temporada de la <a href=\"https:\/\/www.ole.com.ar\/tema\/primera-nacional.html\" title=\"Primera Nacional\" alt=\"Primera Nacional\" class=\"slug\">Primera Nacional<\/a>.<\/p>\n<\/div>\n<div class=\"custom-text \" readability=\"36\">\n<p>Luego de convertir 25 goles en 2024 en su paso por Lamadrid, el Albo fue en busca de Campostrini. Y pese a saltar desde la Primera C a la dur\u00edsima PN, <strong>el 9 demostr\u00f3 que se aclimat\u00f3 r\u00e1pidamente a la categor\u00eda y no le pes\u00f3 ser el centrodelantero del conjunto en Floresta.<\/strong><\/p>\n<\/div>\n<div class=\"custom-text \" readability=\"38\">\n<p>El local ten\u00eda el arco bien cerrado. Sin embargo, la situaci\u00f3n se torci\u00f3 a su favor luego de la pol\u00e9mica doble amarilla del \u00e1rbitro Jorge Broggi a Lucas Flores que dej\u00f3 a la Academia con diez futbolistas desde los 42\u2019 del primer tiempo. Ah\u00ed, consciente de que deb\u00eda empujar en el complemento para quedarse con los tres puntos, <strong>Claudio no le fall\u00f3 al entrenador y puso dos veces la cabeza para desatar la locura en el Islas Malvinas.<\/strong><\/p>\n<\/div>\n<div class=\"custom-text \" readability=\"32\">\n<p>\u00bfLuego? <strong>El ingresado Benjam\u00edn Gonz\u00e1lez meti\u00f3 un bombazo para 3-0 y Calone le puso el mo\u00f1o.<\/strong><\/p>\n<\/div>\n<div class=\"sc-a7166897-0 eoLsBE\" readability=\"6.5\">\n<section readability=\"3\"><picture><img alt=\"Costas estall\u00f3 contra el \u00e1rbitro y el VAR tras la derrota de Racing: &quot;Una verg\u00fcenza el penalazo no cobrado&quot; \" loading=\"lazy\" width=\"290\" height=\"290\" decoding=\"async\" data-nimg=\"1\" src=\"http:\/\/cordobadirecto.com\/wp-content\/uploads\/2025\/03\/all-boys-se-destapo-goleada-y-primer-triunfo.jpg\"><\/picture>\n<p><span>Mir\u00e1 tambi\u00e9n<\/span><\/p>\n<hr>\n<h3>Costas estall\u00f3 contra el \u00e1rbitro y el VAR tras la derrota de Racing: &#8220;Una verg\u00fcenza el penalazo no cobrado&#8221; <\/h3>\n<\/p>\n<\/section>\n<\/div>\n<div class=\"sc-a7166897-0 eoLsBE\" readability=\"6\">\n<section readability=\"2\"><picture><img alt=\"Las tablas del Apertura: San Lorenzo gan\u00f3 y es l\u00edder en la Zona B\" loading=\"lazy\" width=\"290\" height=\"290\" decoding=\"async\" data-nimg=\"1\" src=\"http:\/\/cordobadirecto.com\/wp-content\/uploads\/2025\/03\/all-boys-se-destapo-goleada-y-primer-triunfo-1.jpg\"><\/picture>\n<p><span>Mir\u00e1 tambi\u00e9n<\/span><\/p>\n<hr>\n<h3>Las tablas del Apertura: San Lorenzo gan\u00f3 y es l\u00edder en la Zona B<\/h3>\n<\/p>\n<\/section>\n<\/div>\n<div class=\"sc-a7166897-0 eoLsBE\" readability=\"6\">\n<section readability=\"2\"><picture><img alt=\"Interzonales del Apertura: supremac\u00eda de la Zona a sobre la B\" loading=\"lazy\" width=\"290\" height=\"290\" decoding=\"async\" data-nimg=\"1\" src=\"http:\/\/cordobadirecto.com\/wp-content\/uploads\/2025\/03\/all-boys-se-destapo-goleada-y-primer-triunfo-2.jpg\"><\/picture>\n<p><span>Mir\u00e1 tambi\u00e9n<\/span><\/p>\n<hr>\n<h3>Interzonales del Apertura: supremac\u00eda de la Zona a sobre la B<\/h3>\n<\/p>\n<\/section>\n<\/div>\n<div class=\"sc-a7166897-0 eoLsBE\" readability=\"6.5\">\n<section readability=\"3\"><picture><img alt=\"Boca sin copas: los otros grandes en Sudam\u00e9rica a los que les pas\u00f3 lo mismo en los \u00faltimos 10 a\u00f1os\" loading=\"lazy\" width=\"290\" height=\"290\" decoding=\"async\" data-nimg=\"1\" src=\"http:\/\/cordobadirecto.com\/wp-content\/uploads\/2025\/03\/all-boys-se-destapo-goleada-y-primer-triunfo-3.jpg\"><\/picture>\n<p><span>Mir\u00e1 tambi\u00e9n<\/span><\/p>\n<hr>\n<h3>Boca sin copas: los otros grandes en Sudam\u00e9rica a los que les pas\u00f3 lo mismo en los \u00faltimos 10 a\u00f1os<\/h3>\n<\/p>\n<\/section>\n<\/div>\n<div class=\"sc-a7166897-0 eoLsBE\" readability=\"6.5\">\n<section readability=\"3\"><picture><img alt=\"La primera del Ogro: con doblete de Mateo Silvetti, Newell's gan\u00f3 en Tucum\u00e1n\" loading=\"lazy\" width=\"290\" height=\"290\" decoding=\"async\" data-nimg=\"1\" src=\"http:\/\/cordobadirecto.com\/wp-content\/uploads\/2025\/03\/all-boys-se-destapo-goleada-y-primer-triunfo-4.jpg\"><\/picture>\n<p><span>Mir\u00e1 tambi\u00e9n<\/span><\/p>\n<hr>\n<h3>La primera del Ogro: con doblete de Mateo Silvetti, Newell&#8217;s gan\u00f3 en Tucum\u00e1n<\/h3>\n<\/p>\n<\/section>\n<\/div>\n<\/div>\n","protected":false},"excerpt":{"rendered":"<p>03\/03\/2025 23:13hs. En \u00e9poca de vacas flacas, el campo siempre apuesta a una cosecha salvadora. Lo mismo hizo All Boys. Porque necesitado de un triunfo, Mariano Campod\u00f3nico meti\u00f3 a Claudio Campostrini por primera vez como titular y el delantero no defraud\u00f3: meti\u00f3 un doblete para abrir la goleada ante Racing de C\u00f3rdoba y romper con [&hellip;]<\/p>\n","protected":false},"author":1,"featured_media":162904,"comment_status":"closed","ping_status":"closed","sticky":false,"template":"","format":"standard","meta":[],"categories":[21],"tags":[],"_links":{"self":[{"href":"http:\/\/cordobadirecto.com\/index.php\/wp-json\/wp\/v2\/posts\/162903"}],"collection":[{"href":"http:\/\/cordobadirecto.com\/index.php\/wp-json\/wp\/v2\/posts"}],"about":[{"href":"http:\/\/cordobadirecto.com\/index.php\/wp-json\/wp\/v2\/types\/post"}],"author":[{"embeddable":true,"href":"http:\/\/cordobadirecto.com\/index.php\/wp-json\/wp\/v2\/users\/1"}],"replies":[{"embeddable":true,"href":"http:\/\/cordobadirecto.com\/index.php\/wp-json\/wp\/v2\/comments?post=162903"}],"version-history":[{"count":0,"href":"http:\/\/cordobadirecto.com\/index.php\/wp-json\/wp\/v2\/posts\/162903\/revisions"}],"wp:featuredmedia":[{"embeddable":true,"href":"http:\/\/cordobadirecto.com\/index.php\/wp-json\/wp\/v2\/media\/162904"}],"wp:attachment":[{"href":"http:\/\/cordobadirecto.com\/index.php\/wp-json\/wp\/v2\/media?parent=162903"}],"wp:term":[{"taxonomy":"category","embeddable":true,"href":"http:\/\/cordobadirecto.com\/index.php\/wp-json\/wp\/v2\/categories?post=162903"},{"taxonomy":"post_tag","embeddable":true,"href":"http:\/\/cordobadirecto.com\/index.php\/wp-json\/wp\/v2\/tags?post=162903"}],"curies":[{"name":"wp","href":"https:\/\/api.w.org\/{rel}","templated":true}]}}