{"id":162947,"date":"2025-03-02T19:17:18","date_gmt":"2025-03-02T19:17:18","guid":{"rendered":"https:\/\/www.ole.com.ar\/autos\/valentin-perrone-moto-3-gp-gran-premio-carrera-debut-tailandia-buriram-argentino-piloto_0_ejxMqkeQBs.html"},"modified":"2025-03-02T19:17:18","modified_gmt":"2025-03-02T19:17:18","slug":"como-le-fue-a-valentin-perrone-en-el-gp-de-tailandia-del-moto3","status":"publish","type":"post","link":"http:\/\/cordobadirecto.com\/index.php\/2025\/03\/02\/como-le-fue-a-valentin-perrone-en-el-gp-de-tailandia-del-moto3\/","title":{"rendered":"C\u00f3mo le fue a Valent\u00edn Perrone en el GP de Tailandia del Moto3"},"content":{"rendered":"<p><time class=\"createDate\" datetime=\"2025-03-02T16:17:18-03:00\">02\/03\/2025 16:17hs.<\/time><\/p>\n<div id=\"storyBody\">\n<div class=\"custom-text \" readability=\"36\">\n<p><strong>La primera carrera de Valent\u00edn Perrone<\/strong> en el mundial de Moto3 no fue lo so\u00f1ado por el argentino, ya que <strong>se tuvo que retirar muy pronto del Gran Premio de Tailandia<\/strong> en Buriram. Ven\u00eda protagonizando un inicio muy ilusionante progresando sesi\u00f3n tras sesi\u00f3n hasta la ma\u00f1ana de este domingo 2 de marzo.<\/p>\n<\/div>\n<div class=\"custom-text \" readability=\"40\">\n<p>Respecto a su actuaci\u00f3n en la jornada del s\u00e1bado, el argentino se clasific\u00f3 s\u00e9ptimo en la Q1 (los cuatro primeros avanzan a la Q2), por lo que en la carrera del domingo <strong>sali\u00f3 desde la posici\u00f3n 21<\/strong>. Desde su largada imprimi\u00f3 un gran ritmo, con tiempos de vuelta muy fuertes.Su buen andar le permiti\u00f3 r\u00e1pidamente subir posiciones. En la tercera vuelta ya se coloc\u00f3 17\u00ba, en la quinta ya era 16\u00ba y peleaba por el 15\u00ba, <strong>lugar donde comienza la zona de puntos.<\/strong><\/p>\n<\/div>\n<div class=\"sc-e7b891c4-0 ifHnQL image-embed\"><img alt=\"Valent\u00edn Perrone corri\u00f3 su primera carrera en el Mundial de Moto3 en Tailandia. (@Tech3)\" loading=\"lazy\" width=\"720\" height=\"100\" decoding=\"async\" data-nimg=\"1\" src=\"http:\/\/cordobadirecto.com\/wp-content\/uploads\/2025\/03\/como-le-fue-a-valentin-perrone-en-el-gp-de-tailandia-del-moto3.jpg\"><span class=\"epigraphe\">Valent\u00edn Perrone corri\u00f3 su primera carrera en el Mundial de Moto3 en Tailandia. (@Tech3)<\/span><\/div>\n<div class=\"custom-text \" readability=\"35\">\n<p>El accidente que protagoniz\u00f3 Perrone arriba de su moto ocurri\u00f3 en la sexta vuelta <strong>despu\u00e9s de verse involucrado en una maniobra con el piloto local Tatchakorn Buasri<\/strong>, tras esto el argentino no ocult\u00f3 su bronca con el asi\u00e1tico mientras se alejaba de la pista.<\/p>\n<\/div>\n<div class=\"custom-text \" readability=\"39\">\n<p>No obstante, en la sexta todo se termin\u00f3 tras el incidente con el tailand\u00e9s. <strong>Lo positivo de Perrone es que mejor\u00f3 en cada salida a pista<\/strong> en un circuito desconocido para \u00e9l y en su debut mundialista. <strong>Su ritmo de carrera fue muy fuerte. Muy probablemente podr\u00eda haber sumado en su estreno<\/strong>, ya que la competencia estuvo plagada de incidentes y ca\u00eddas. El dato es que solo finalizaron 15 de los 26 pilotos que largaron. El espa\u00f1ol Jos\u00e9 Antonio Rueda, un veterano ya de 41 carreras en la divisi\u00f3n, fue el ganador.<\/p>\n<\/div>\n<div class=\"custom-embedhtml\" readability=\"6.1545801526718\">\n<blockquote class=\"twitter-tweet\" readability=\"6.5648854961832\">\n<p lang=\"es\" dir=\"ltr\">\u00a1TERMIN\u00d3 EL SUE\u00d1O DE VALENT\u00cdN <a href=\"https:\/\/twitter.com\/hashtag\/PERRONE?src=hash&amp;ref_src=twsrc%5Etfw\">#PERRONE<\/a>! El argentino sufri\u00f3 una ca\u00edda en la sexta vuelta y cerr\u00f3 su debut sin terminar la carrera. \ud83d\ude30\ud83c\udde6\ud83c\uddf7<\/p>\n<p>\u00a1A seguir que esto reci\u00e9n empieza! \ud83d\udc4a <a href=\"https:\/\/t.co\/7QpghVtoHW\">pic.twitter.com\/7QpghVtoHW<\/a><\/p>\n<p>\u2014 ESPN MotoGP (@MotoGP_ESPN) <a href=\"https:\/\/twitter.com\/MotoGP_ESPN\/status\/1896067870330687619?ref_src=twsrc%5Etfw\">March 2, 2025<\/a><\/p><\/blockquote><\/div>\n<p><h2><strong>Qu\u00e9 dijo Valent\u00edn Perrone tras su debut en el Moto3 en Tailandia<\/strong><\/h2>\n<\/p>\n<div class=\"custom-text \" readability=\"40\">\n<p>\tRespecto a su debut, <strong>Perrone<\/strong> declar\u00f3: &#8220;No fue la primera carrera que esperaba, pero <strong>puedo estar bastante satisfecho con la salida que hic<\/strong>e. Estaba en la posici\u00f3n 16, acortando la distancia con el grupo de adelante, pero desafortunadamente un piloto intent\u00f3 adelantarme y se cay\u00f3 justo delante y no pude esquivarlo. Aprendimos mucho hoy, as\u00ed que <strong>esperamos con ansias la pr\u00f3xima carrera en Argentina<\/strong>&#8220;.<\/p>\n<\/div>\n<div class=\"custom-text \" readability=\"37\">\n<p>Como as\u00ed lo mencion\u00f3 Perrone tras su primer GP, la <strong>pr\u00f3xima cita tendr\u00e1 un sabor muy especial para el piloto<\/strong>, porque ser\u00e1 el <strong>Gran Premio de Argentina entre el 14 y el 16 de marzo <\/strong>(tambi\u00e9n competir\u00e1 el MotoGP). La llegada del Mundial a Sudam\u00e9rica marcar\u00e1 la primera visita del joven nacido en Espa\u00f1a al pa\u00eds de su pap\u00e1. Por \u00e9l tiene la nacionalidad argentina y decidi\u00f3 correr bajo la bandera celeste y blanca.<\/p>\n<\/div>\n<div class=\"sc-e7b891c4-0 ifHnQL image-embed\"><img alt=\"El j\u00f3ven argentino de 17 a\u00f1os no tuvo el mejor debut en la categor\u00eda de Moto3, ya que tuvo que abandonar r\u00e1pidamente. (IG)\" loading=\"lazy\" width=\"720\" height=\"100\" decoding=\"async\" data-nimg=\"1\" src=\"http:\/\/cordobadirecto.com\/wp-content\/uploads\/2025\/03\/como-le-fue-a-valentin-perrone-en-el-gp-de-tailandia-del-moto3-1.jpg\"><span class=\"epigraphe\">El j\u00f3ven argentino de 17 a\u00f1os no tuvo el mejor debut en la categor\u00eda de Moto3, ya que tuvo que abandonar r\u00e1pidamente. (IG)<\/span><\/div>\n<div class=\"sc-a7166897-0 eoLsBE\" readability=\"6\">\n<section readability=\"2\"><picture><img alt=\"Valent\u00edn Perrone en Moto3: a qu\u00e9 hora es y c\u00f3mo ver por TV el GP de Tailandia\" loading=\"lazy\" width=\"290\" height=\"290\" decoding=\"async\" data-nimg=\"1\" src=\"http:\/\/cordobadirecto.com\/wp-content\/uploads\/2025\/03\/como-le-fue-a-valentin-perrone-en-el-gp-de-tailandia-del-moto3-2.jpg\"><\/picture>\n<p><span>Mir\u00e1 tambi\u00e9n<\/span><\/p>\n<hr>\n<h3>Valent\u00edn Perrone en Moto3: a qu\u00e9 hora es y c\u00f3mo ver por TV el GP de Tailandia<\/h3>\n<\/p>\n<\/section>\n<\/div>\n<div class=\"sc-a7166897-0 eoLsBE\" readability=\"7\">\n<section readability=\"4\"><picture><img alt=\"Valent\u00edn Perrone con Ol\u00e9: el debut en Moto3, su relaci\u00f3n con Colapinto y la fecha en Argentina\" loading=\"lazy\" width=\"290\" height=\"290\" decoding=\"async\" data-nimg=\"1\" src=\"http:\/\/cordobadirecto.com\/wp-content\/uploads\/2025\/03\/como-le-fue-a-valentin-perrone-en-el-gp-de-tailandia-del-moto3-3.jpg\"><\/picture>\n<p><span>Mir\u00e1 tambi\u00e9n<\/span><\/p>\n<hr>\n<h3>Valent\u00edn Perrone con Ol\u00e9: el debut en Moto3, su relaci\u00f3n con Colapinto y la fecha en Argentina<\/h3>\n<\/p>\n<\/section>\n<\/div>\n<div class=\"sc-a7166897-0 eoLsBE\" readability=\"7\">\n<section readability=\"4\"><picture><img alt=\"El m\u00e1nager de Colapinto le pidi\u00f3 a sus fan\u00e1ticos que se comporten: &quot;El momento de Franco llegar\u00e1, pero no de esta manera&quot;\" loading=\"lazy\" width=\"290\" height=\"290\" decoding=\"async\" data-nimg=\"1\" src=\"http:\/\/cordobadirecto.com\/wp-content\/uploads\/2025\/03\/como-le-fue-a-valentin-perrone-en-el-gp-de-tailandia-del-moto3-4.jpg\"><\/picture>\n<p><span>Mir\u00e1 tambi\u00e9n<\/span><\/p>\n<hr>\n<h3>El m\u00e1nager de Colapinto le pidi\u00f3 a sus fan\u00e1ticos que se comporten: &#8220;El momento de Franco llegar\u00e1, pero no de esta manera&#8221;<\/h3>\n<\/p>\n<\/section>\n<\/div>\n<\/div>\n","protected":false},"excerpt":{"rendered":"<p>02\/03\/2025 16:17hs. La primera carrera de Valent\u00edn Perrone en el mundial de Moto3 no fue lo so\u00f1ado por el argentino, ya que se tuvo que retirar muy pronto del Gran Premio de Tailandia en Buriram. Ven\u00eda protagonizando un inicio muy ilusionante progresando sesi\u00f3n tras sesi\u00f3n hasta la ma\u00f1ana de este domingo 2 de marzo. Respecto [&hellip;]<\/p>\n","protected":false},"author":1,"featured_media":162948,"comment_status":"closed","ping_status":"closed","sticky":false,"template":"","format":"standard","meta":[],"categories":[21],"tags":[],"_links":{"self":[{"href":"http:\/\/cordobadirecto.com\/index.php\/wp-json\/wp\/v2\/posts\/162947"}],"collection":[{"href":"http:\/\/cordobadirecto.com\/index.php\/wp-json\/wp\/v2\/posts"}],"about":[{"href":"http:\/\/cordobadirecto.com\/index.php\/wp-json\/wp\/v2\/types\/post"}],"author":[{"embeddable":true,"href":"http:\/\/cordobadirecto.com\/index.php\/wp-json\/wp\/v2\/users\/1"}],"replies":[{"embeddable":true,"href":"http:\/\/cordobadirecto.com\/index.php\/wp-json\/wp\/v2\/comments?post=162947"}],"version-history":[{"count":0,"href":"http:\/\/cordobadirecto.com\/index.php\/wp-json\/wp\/v2\/posts\/162947\/revisions"}],"wp:featuredmedia":[{"embeddable":true,"href":"http:\/\/cordobadirecto.com\/index.php\/wp-json\/wp\/v2\/media\/162948"}],"wp:attachment":[{"href":"http:\/\/cordobadirecto.com\/index.php\/wp-json\/wp\/v2\/media?parent=162947"}],"wp:term":[{"taxonomy":"category","embeddable":true,"href":"http:\/\/cordobadirecto.com\/index.php\/wp-json\/wp\/v2\/categories?post=162947"},{"taxonomy":"post_tag","embeddable":true,"href":"http:\/\/cordobadirecto.com\/index.php\/wp-json\/wp\/v2\/tags?post=162947"}],"curies":[{"name":"wp","href":"https:\/\/api.w.org\/{rel}","templated":true}]}}