{"id":162962,"date":"2025-03-05T20:15:44","date_gmt":"2025-03-05T20:15:44","guid":{"rendered":"https:\/\/cordoba.gob.ar\/?p=75203"},"modified":"2025-03-05T20:15:44","modified_gmt":"2025-03-05T20:15:44","slug":"la-agenda-de-la-ula-en-marzo-ofrece-actividades-de-formacion-docente-y-dos-diplomaturas-comienzan-su-cursado","status":"publish","type":"post","link":"http:\/\/cordobadirecto.com\/index.php\/2025\/03\/05\/la-agenda-de-la-ula-en-marzo-ofrece-actividades-de-formacion-docente-y-dos-diplomaturas-comienzan-su-cursado\/","title":{"rendered":"La agenda de la ULA en marzo ofrece actividades de formaci\u00f3n docente y dos diplomaturas comienzan su cursado"},"content":{"rendered":"<div><img src=\"http:\/\/cordobadirecto.com\/wp-content\/uploads\/2025\/03\/la-agenda-de-la-ula-en-marzo-ofrece-actividades-de-formacion-docente-y-dos-diplomaturas-comienzan-su-cursado.jpg\" class=\"ff-og-image-inserted\"><\/div>\n<ul>\n<li data-prosemirror-content-type=\"node\" data-prosemirror-node-name=\"paragraph\" data-prosemirror-node-block=\"true\"><strong><strong>Las propuestas son virtuales y presenciales, con opciones gratuitas y otras aranceladas.<\/strong><\/strong><br \/>\n<hr>\n<\/li>\n<\/ul>\n<p data-prosemirror-content-type=\"node\" data-prosemirror-node-name=\"paragraph\" data-prosemirror-node-block=\"true\">El mes de marzo en la Universidad Libre del Ambiente se vive con actividades variadas, tanto para grandes como para chicos, en diferentes modalidades. La propuesta es diversa y ya est\u00e1n abiertas las inscripciones para todo lo que se puede hacer en las pr\u00f3ximas semanas en esta instituci\u00f3n educativa municipal.<\/p>\n<p data-prosemirror-content-type=\"node\" data-prosemirror-node-name=\"paragraph\" data-prosemirror-node-block=\"true\">El cronograma inicia este s\u00e1bado 8 de marzo a las 09:00 horas con la actividad \u201cLa ecolog\u00eda de las plantas en los patios escolares\u201d. Este taller est\u00e1 pensado para docentes y educadores interesados en llevar la educaci\u00f3n ambiental a las aulas.<\/p>\n<p data-prosemirror-content-type=\"node\" data-prosemirror-node-name=\"paragraph\" data-prosemirror-node-block=\"true\">Abordar\u00e1 la ense\u00f1anza de la ecolog\u00eda con especial foco en el entorno local tendr\u00e1 una instancia de creaci\u00f3n de una propuesta personalizada. La actividad es arancelada y tendr\u00e1 un segundo encuentro el s\u00e1bado 15.<\/p>\n<p data-prosemirror-content-type=\"node\" data-prosemirror-node-name=\"paragraph\" data-prosemirror-node-block=\"true\">El lunes 10 de marzo llega el curso \u201cViveros escolares de nativas\u201d. Esta propuesta se dar\u00e1 en dos instancias independientes, una de las cuales tiene lugar este d\u00eda a las 18:00 horas, de manera virtual.<\/p>\n<p data-prosemirror-content-type=\"node\" data-prosemirror-node-name=\"paragraph\" data-prosemirror-node-block=\"true\">La actividad tambi\u00e9n est\u00e1 destinada a docentes, de todos los niveles, que deseen incursionar en el cultivo de plantas nativas. Tambi\u00e9n tiene costo, con un cupo de 25 personas.<\/p>\n<p data-prosemirror-content-type=\"node\" data-prosemirror-node-name=\"paragraph\" data-prosemirror-node-block=\"true\">Este mes dos diplomaturas iniciar\u00e1n su cursado. Se trata de la Diplomatura en Paisajismo y la Diplomatura en Educaci\u00f3n Ambiental. Ambas son gratuitas.<\/p>\n<p data-prosemirror-content-type=\"node\" data-prosemirror-node-name=\"paragraph\" data-prosemirror-node-block=\"true\">La Diplomatura en Paisajismo abordar\u00e1 tem\u00e1ticas como el dise\u00f1o, planimetr\u00eda y renders, t\u00e9cnicas de iluminaci\u00f3n y selecci\u00f3n de especies. El cursado virtual comienza el mi\u00e9rcoles 12 y el virtual el jueves 13, ambos a las 14:00 horas.<\/p>\n<p data-prosemirror-content-type=\"node\" data-prosemirror-node-name=\"paragraph\" data-prosemirror-node-block=\"true\">La Diplomatura en Educaci\u00f3n Ambiental tratar\u00e1 la participaci\u00f3n social, la toma de conciencia y posterior transformaci\u00f3n sociocultural. Empezar\u00e1 el 18 de marzo con modalidad presencial desde las 09:00 horas.<\/p>\n<p data-prosemirror-content-type=\"node\" data-prosemirror-node-name=\"paragraph\" data-prosemirror-node-block=\"true\">Por \u00faltimo, quienes asistan al taller \u201cFlores que vuelan\u201d aprender\u00e1n sobre las mariposas y el rol esencial que juegan como polinizadores, facilitando la reproducci\u00f3n de muchas especies vegetales y manteniendo el equilibrio ecol\u00f3gico.<\/p>\n<p data-prosemirror-content-type=\"node\" data-prosemirror-node-name=\"paragraph\" data-prosemirror-node-block=\"true\">Ser\u00e1 el s\u00e1bado 15 de marzo, en el marco del Mes de las Mariposas, con un costo de $4500 (gratis para menores de 12 a\u00f1os). Comenzar\u00e1 a las 09:00 horas.<\/p>\n<p data-prosemirror-content-type=\"node\" data-prosemirror-node-name=\"paragraph\" data-prosemirror-node-block=\"true\">Todas las inscripciones se pueden realizar en este <a href=\"https:\/\/ambiente.cordoba.gob.ar\/ula\/agenda\/\">enlace<\/a>. Todas las actividades presenciales son en el campus de la <a href=\"https:\/\/maps.app.goo.gl\/ccky8Lt4D96XZnCu6\">ULA<\/a>.<\/p>\n","protected":false},"excerpt":{"rendered":"<p>Las propuestas son virtuales y presenciales, con opciones gratuitas y otras aranceladas. El mes de marzo en la Universidad Libre del Ambiente se vive con actividades variadas, tanto para grandes como para chicos, en diferentes modalidades. La propuesta es diversa y ya est\u00e1n abiertas las inscripciones para todo lo que se puede hacer en las [&hellip;]<\/p>\n","protected":false},"author":1,"featured_media":162963,"comment_status":"closed","ping_status":"closed","sticky":false,"template":"","format":"standard","meta":[],"categories":[44],"tags":[],"_links":{"self":[{"href":"http:\/\/cordobadirecto.com\/index.php\/wp-json\/wp\/v2\/posts\/162962"}],"collection":[{"href":"http:\/\/cordobadirecto.com\/index.php\/wp-json\/wp\/v2\/posts"}],"about":[{"href":"http:\/\/cordobadirecto.com\/index.php\/wp-json\/wp\/v2\/types\/post"}],"author":[{"embeddable":true,"href":"http:\/\/cordobadirecto.com\/index.php\/wp-json\/wp\/v2\/users\/1"}],"replies":[{"embeddable":true,"href":"http:\/\/cordobadirecto.com\/index.php\/wp-json\/wp\/v2\/comments?post=162962"}],"version-history":[{"count":0,"href":"http:\/\/cordobadirecto.com\/index.php\/wp-json\/wp\/v2\/posts\/162962\/revisions"}],"wp:featuredmedia":[{"embeddable":true,"href":"http:\/\/cordobadirecto.com\/index.php\/wp-json\/wp\/v2\/media\/162963"}],"wp:attachment":[{"href":"http:\/\/cordobadirecto.com\/index.php\/wp-json\/wp\/v2\/media?parent=162962"}],"wp:term":[{"taxonomy":"category","embeddable":true,"href":"http:\/\/cordobadirecto.com\/index.php\/wp-json\/wp\/v2\/categories?post=162962"},{"taxonomy":"post_tag","embeddable":true,"href":"http:\/\/cordobadirecto.com\/index.php\/wp-json\/wp\/v2\/tags?post=162962"}],"curies":[{"name":"wp","href":"https:\/\/api.w.org\/{rel}","templated":true}]}}