{"id":162964,"date":"2025-03-05T20:02:04","date_gmt":"2025-03-05T20:02:04","guid":{"rendered":"https:\/\/es.digitaltrends.com\/?p=1059767"},"modified":"2025-03-05T20:02:04","modified_gmt":"2025-03-05T20:02:04","slug":"andor-2-nuevo-avance-muestra-la-espectacularidad-del-fin-de-la-serie","status":"publish","type":"post","link":"http:\/\/cordobadirecto.com\/index.php\/2025\/03\/05\/andor-2-nuevo-avance-muestra-la-espectacularidad-del-fin-de-la-serie\/","title":{"rendered":"Andor 2: nuevo avance muestra la espectacularidad del fin de la serie"},"content":{"rendered":"<p data-pm-slice=\"1 1 []\">El camino hacia la rebeli\u00f3n se intensifica en la<a href=\"https:\/\/es.digitaltrends.com\/entretenimiento\/diego-luna-cassian-andor-comprometido-rebelion\/\"><strong>&nbsp;temporada 2&nbsp;<em>de Andor<\/em><\/strong><\/a>.<\/p>\n<p>Disney lanz\u00f3 un vistazo especial a la temporada 2 de&nbsp;<em>Andor<\/em>, que presenta acceso detr\u00e1s de escena a los pr\u00f3ximos episodios y entrevistas con el elenco y el equipo. Sin embargo, el momento m\u00e1s notable ocurre cuando el video corta a Ghorman y destaca a una multitud de manifestantes que cantan al un\u00edsono contra las fuerzas imperiales.<\/p>\n<p>En el canon de <a href=\"https:\/\/es.digitaltrends.com\/entretenimiento\/star-wars-diez-datos-sorprendentes\/\"><strong>Star Wars<\/strong><\/a>, Ghorman es el sitio de la Masacre de Ghorman. En el 2 ABY, las fuerzas imperiales abren fuego y masacran a un grupo de manifestantes pac\u00edficos en Ghorman. Los terribles acontecimientos hacen que la senadora Mon Mothma de Chandrila renuncie al Senado y condene al emperador Sheev Palpatine. La renuncia de Mothma y su posterior discurso sirven como un grito de guerra por la libertad y un punto de lanzamiento para la Alianza Rebelde.<\/p>\n<p>La temporada 2 de&nbsp;<em>Andor&nbsp;<\/em>narrar\u00e1 el viaje de Cassian Andor (Diego Luna), el ex ladr\u00f3n que pronto se convertir\u00e1 en un l\u00edder integral en la Alianza Rebelde. Mientras tanto, el Imperio Gal\u00e1ctico contin\u00faa trabajando en la Estrella de la Muerte a medida que se acerca su finalizaci\u00f3n.<\/p>\n<p data-pm-slice=\"1 1 []\">\u00abEstos 12 episodios nos van a llevar durante los pr\u00f3ximos cuatro a\u00f1os a Rogue One\u00bb, dice el creador de&nbsp;<em>Andor,<\/em>&nbsp;Tony Gilroy, en el look especial. \u00abLa complejidad del espect\u00e1culo, las posibilidades del espect\u00e1culo. Tiene que ser con todo\u00bb.<\/p>\n<figure id=\"attachment_3871872\" class=\"wp-caption alignnone\" aria-describedby=\"caption-attachment-3871872\"><img decoding=\"async\" class=\"size-large wp-image-3871872 h-lightbox is-zoomable dt-lazy-load dt-lazy-loaded h-lightbox is-zoomable\" src=\"http:\/\/cordobadirecto.com\/wp-content\/uploads\/2025\/03\/andor-2-nuevo-avance-muestra-la-espectacularidad-del-fin-de-la-serie.jpg\" alt=\"Un grupo de personajes de Andor miran fijamente el p\u00f3ster.\" data-dt-lazy-src><figcaption id=\"caption-attachment-3871872\" class=\"wp-caption-text\"><span class=\"credit\">Disney\/Lucasfilm<\/span><\/figcaption><\/figure>\n<p>Adem\u00e1s de Luna, la temporada 2 de&nbsp;<em>Andor&nbsp;<\/em>est\u00e1 protagonizada por Stellan Skarsg\u00e5rd, Genevieve O\u2019Reilly, Denise Gough, Kyle Soller, Adria Arjona, Faye Marsay, Varada Sethu, Elizabeth Dulau, Alan Tudyk, Ben Mendelsohn y Forest Whitaker.<\/p>\n<p><em>Andor<\/em>&nbsp;es la serie&nbsp;de Star Wars&nbsp;m\u00e1s aclamada por la cr\u00edtica, y la temporada 1 recibi\u00f3 tres nominaciones al Emmy, incluida la de Mejor Serie Dram\u00e1tica.<\/p>\n<p>La temporada 2 de&nbsp;<em>Andor&nbsp;<\/em>se lanzar\u00e1 en cuatro cap\u00edtulos de tres episodios cada uno. El primer cap\u00edtulo se transmite el 22 de abril de 2025 en Disney+.<\/p>\n<p> <span id=\"publisher-md\" itemprop=\"publisher\" itemscope itemtype=\"https:\/\/schema.org\/Organization\"> <span itemprop=\"url\" itemtype=\"https:\/\/schema.org\/Url\" content=\"https:\/\/es.digitaltrends.com\"> <span itemprop=\"logo\" itemscope itemtype=\"https:\/\/schema.org\/ImageObject\"> <meta itemprop=\"url\" content=\"https:\/\/cdn.dtcn.com\/dt\/dt-logo-small.png\"> <meta itemprop=\"width\" content=\"0\"> <meta itemprop=\"height\" content=\"0\"> <\/span> <meta itemprop=\"name\" content=\"Digital Trends Espa\u00f1ol\"> <\/span> <span itemprop=\"image\" itemscope itemtype=\"https:\/\/schema.org\/ImageObject\"> <meta itemprop=\"url\" content=\"https:\/\/es.digitaltrends.com\/wp-content\/uploads\/2025\/03\/Andor-2.jpeg?p=1\"> <\/span> <\/span> <\/p>\n","protected":false},"excerpt":{"rendered":"<p>El camino hacia la rebeli\u00f3n se intensifica en la&nbsp;temporada 2&nbsp;de Andor. Disney lanz\u00f3 un vistazo especial a la temporada 2 de&nbsp;Andor, que presenta acceso detr\u00e1s de escena a los pr\u00f3ximos episodios y entrevistas con el elenco y el equipo. Sin embargo, el momento m\u00e1s notable ocurre cuando el video corta a Ghorman y destaca a [&hellip;]<\/p>\n","protected":false},"author":1,"featured_media":162965,"comment_status":"closed","ping_status":"closed","sticky":false,"template":"","format":"standard","meta":[],"categories":[18],"tags":[],"_links":{"self":[{"href":"http:\/\/cordobadirecto.com\/index.php\/wp-json\/wp\/v2\/posts\/162964"}],"collection":[{"href":"http:\/\/cordobadirecto.com\/index.php\/wp-json\/wp\/v2\/posts"}],"about":[{"href":"http:\/\/cordobadirecto.com\/index.php\/wp-json\/wp\/v2\/types\/post"}],"author":[{"embeddable":true,"href":"http:\/\/cordobadirecto.com\/index.php\/wp-json\/wp\/v2\/users\/1"}],"replies":[{"embeddable":true,"href":"http:\/\/cordobadirecto.com\/index.php\/wp-json\/wp\/v2\/comments?post=162964"}],"version-history":[{"count":0,"href":"http:\/\/cordobadirecto.com\/index.php\/wp-json\/wp\/v2\/posts\/162964\/revisions"}],"wp:featuredmedia":[{"embeddable":true,"href":"http:\/\/cordobadirecto.com\/index.php\/wp-json\/wp\/v2\/media\/162965"}],"wp:attachment":[{"href":"http:\/\/cordobadirecto.com\/index.php\/wp-json\/wp\/v2\/media?parent=162964"}],"wp:term":[{"taxonomy":"category","embeddable":true,"href":"http:\/\/cordobadirecto.com\/index.php\/wp-json\/wp\/v2\/categories?post=162964"},{"taxonomy":"post_tag","embeddable":true,"href":"http:\/\/cordobadirecto.com\/index.php\/wp-json\/wp\/v2\/tags?post=162964"}],"curies":[{"name":"wp","href":"https:\/\/api.w.org\/{rel}","templated":true}]}}