{"id":162966,"date":"2025-03-06T03:34:58","date_gmt":"2025-03-06T03:34:58","guid":{"rendered":"http:\/\/cordobadirecto.com\/index.php\/2025\/03\/06\/alarma-en-economia-la-inflacion-de-alimentos-en-cordoba-reboto-y-llego-al-3\/"},"modified":"2025-03-06T03:34:58","modified_gmt":"2025-03-06T03:34:58","slug":"alarma-en-economia-la-inflacion-de-alimentos-en-cordoba-reboto-y-llego-al-3","status":"publish","type":"post","link":"http:\/\/cordobadirecto.com\/index.php\/2025\/03\/06\/alarma-en-economia-la-inflacion-de-alimentos-en-cordoba-reboto-y-llego-al-3\/","title":{"rendered":"Alarma en <b>Econom\u00eda<\/b>: La inflaci\u00f3n de alimentos en <b>C\u00f3rdoba<\/b> rebot\u00f3 y lleg\u00f3 al 3%"},"content":{"rendered":"<p>La suba de la carne impact\u00f3 fuerte en la canasta b\u00e1sica, que super\u00f3 el 1,3 mill\u00f3n de pesos. <\/p>\n","protected":false},"excerpt":{"rendered":"<p>La suba de la carne impact\u00f3 fuerte en la canasta b\u00e1sica, que super\u00f3 el 1,3 mill\u00f3n de pesos.<\/p>\n","protected":false},"author":1,"featured_media":0,"comment_status":"closed","ping_status":"closed","sticky":false,"template":"","format":"standard","meta":[],"categories":[40],"tags":[],"_links":{"self":[{"href":"http:\/\/cordobadirecto.com\/index.php\/wp-json\/wp\/v2\/posts\/162966"}],"collection":[{"href":"http:\/\/cordobadirecto.com\/index.php\/wp-json\/wp\/v2\/posts"}],"about":[{"href":"http:\/\/cordobadirecto.com\/index.php\/wp-json\/wp\/v2\/types\/post"}],"author":[{"embeddable":true,"href":"http:\/\/cordobadirecto.com\/index.php\/wp-json\/wp\/v2\/users\/1"}],"replies":[{"embeddable":true,"href":"http:\/\/cordobadirecto.com\/index.php\/wp-json\/wp\/v2\/comments?post=162966"}],"version-history":[{"count":0,"href":"http:\/\/cordobadirecto.com\/index.php\/wp-json\/wp\/v2\/posts\/162966\/revisions"}],"wp:attachment":[{"href":"http:\/\/cordobadirecto.com\/index.php\/wp-json\/wp\/v2\/media?parent=162966"}],"wp:term":[{"taxonomy":"category","embeddable":true,"href":"http:\/\/cordobadirecto.com\/index.php\/wp-json\/wp\/v2\/categories?post=162966"},{"taxonomy":"post_tag","embeddable":true,"href":"http:\/\/cordobadirecto.com\/index.php\/wp-json\/wp\/v2\/tags?post=162966"}],"curies":[{"name":"wp","href":"https:\/\/api.w.org\/{rel}","templated":true}]}}