{"id":162991,"date":"2025-03-04T16:38:33","date_gmt":"2025-03-04T16:38:33","guid":{"rendered":"https:\/\/www.bbc.com\/mundo\/articles\/c70wxnlw2yro#2"},"modified":"2025-03-04T16:38:33","modified_gmt":"2025-03-04T16:38:33","slug":"es-inconcebible-que-no-se-piense-en-el-dano-que-se-va-a-causar-la-respuesta-de-sheinbaum-a-los-aranceles-impuestos-por-trump","status":"publish","type":"post","link":"http:\/\/cordobadirecto.com\/index.php\/2025\/03\/04\/es-inconcebible-que-no-se-piense-en-el-dano-que-se-va-a-causar-la-respuesta-de-sheinbaum-a-los-aranceles-impuestos-por-trump\/","title":{"rendered":"&#8220;Es inconcebible que no se piense en el da\u00f1o que se va a causar&#8221;: la respuesta de Sheinbaum a los aranceles impuestos por Trump"},"content":{"rendered":"<figure class=\"bbc-1qn0xuy\" readability=\"1.5\">\n<div class=\"bbc-j1srjl\" readability=\"8\"><img loading=\"lazy\" src=\"http:\/\/cordobadirecto.com\/wp-content\/uploads\/2025\/03\/es-inconcebible-que-no-se-piense-en-el-dano-que-se-va-a-causar-la-respuesta-de-sheinbaum-a-los-aranceles-impuestos-por-trump.webp\" srcset=\"http:\/\/cordobadirecto.com\/wp-content\/uploads\/2025\/03\/es-inconcebible-que-no-se-piense-en-el-dano-que-se-va-a-causar-la-respuesta-de-sheinbaum-a-los-aranceles-impuestos-por-trump-27.webp 240w, http:\/\/cordobadirecto.com\/wp-content\/uploads\/2025\/03\/es-inconcebible-que-no-se-piense-en-el-dano-que-se-va-a-causar-la-respuesta-de-sheinbaum-a-los-aranceles-impuestos-por-trump-28.webp 320w, http:\/\/cordobadirecto.com\/wp-content\/uploads\/2025\/03\/es-inconcebible-que-no-se-piense-en-el-dano-que-se-va-a-causar-la-respuesta-de-sheinbaum-a-los-aranceles-impuestos-por-trump-29.webp 480w, http:\/\/cordobadirecto.com\/wp-content\/uploads\/2025\/03\/es-inconcebible-que-no-se-piense-en-el-dano-que-se-va-a-causar-la-respuesta-de-sheinbaum-a-los-aranceles-impuestos-por-trump-30.webp 624w, http:\/\/cordobadirecto.com\/wp-content\/uploads\/2025\/03\/es-inconcebible-que-no-se-piense-en-el-dano-que-se-va-a-causar-la-respuesta-de-sheinbaum-a-los-aranceles-impuestos-por-trump-31.webp 800w\" sizes=\"(min-width: 1008px) 760px, 100vw\" alt=\"Claudia Sheimbaum\" width=\"1024\" height=\"576\" class=\"bbc-139onq\"><\/p>\n<p class=\"bbc-by8ykd\" role=\"text\"><span class=\"bbc-m04vo2\">Fuente de la imagen, <\/span><span lang=\"en-GB\">Getty Images<\/span><\/p>\n<\/div><figcaption class=\"bbc-15f1ujd\" dir=\"ltr\"><span role=\"text\"><span class=\"bbc-m04vo2\">Pie de foto, <\/span><span data-testid=\"caption-paragraph\">La presidenta Claudia Sheinbaum rechaz\u00f3 las medidas arancelarias de EE.UU.<\/span><\/span><\/figcaption><\/figure>\n<section role=\"region\" aria-labelledby=\"article-byline\" class=\"bbc-1vjaf6b\"><strong id=\"article-byline\" aria-hidden=\"true\" class=\"bbc-m04vo2\">Informaci\u00f3n del art\u00edculo<\/strong><\/p>\n<ul role=\"list\" class=\"bbc-1rvtlej\">\n<li><span role=\"text\"><span class=\"bbc-m04vo2\">Autor, <\/span><span class=\"bbc-1ypcc2\">Redacci\u00f3n<\/span><\/span><\/li>\n<li><span role=\"text\"><span class=\"bbc-m04vo2\">T\u00edtulo del autor, <!-- --> <\/span><span class=\"bbc-1y5sx98\">BBC News Mundo<\/span><\/span><\/li>\n<li class=\"bbc-v8pmqw\">\n<p><time datetime=\"2025-03-04\" class=\"bbc-1dafq0j e1mklfmt0\">4 marzo 2025<\/time><\/p>\n<\/li>\n<\/ul>\n<\/section>\n<div dir=\"ltr\" class=\"bbc-19j92fr ebmt73l0\" readability=\"11\">\n<p dir=\"ltr\" class=\"bbc-hhl7in e17g058b0\"><b>La presidenta de M\u00e9xico, Claudia Sheinbaum, anunci\u00f3 este martes que tomar\u00e1 medidas &#8220;arancelarias y no arancelarias&#8221; en respuesta a la decisi\u00f3n de Estados Unidos de imponer aranceles del 25% a las importaciones mexicanas.<\/b><\/p>\n<\/div>\n<div dir=\"ltr\" class=\"bbc-19j92fr ebmt73l0\" readability=\"9\">\n<p dir=\"ltr\" class=\"bbc-hhl7in e17g058b0\">A trav\u00e9s de un comunicado, Sheinbaum rechaz\u00f3 la imposici\u00f3n de impuestos a los productos mexicanos y anunci\u00f3 que el pr\u00f3ximo domingo detallar\u00e1 cu\u00e1les ser\u00e1n las respuestas de su gobierno.<\/p>\n<\/div>\n<div dir=\"ltr\" class=\"bbc-19j92fr ebmt73l0\" readability=\"12\">\n<p dir=\"ltr\" class=\"bbc-hhl7in e17g058b0\">&#8220;Es inconcebible que no se piense en el da\u00f1o que se va a causar tanto a ciudadanos y empresas de los Estados Unidos por el incremento en los precios de los art\u00edculos que se producen en nuestro pa\u00eds, como tambi\u00e9n el da\u00f1o que se va a provocar por detener la creaci\u00f3n de empleos en ambos pa\u00edses&#8221;, se\u00f1ala Sheinbaum.<\/p>\n<\/div>\n<div dir=\"ltr\" class=\"bbc-19j92fr ebmt73l0\" readability=\"11\">\n<p dir=\"ltr\" class=\"bbc-hhl7in e17g058b0\">&#8220;Nadie gana con esta decisi\u00f3n, por el contrario, afecta a los pueblos que representamos&#8221;, a\u00f1ade la nota.<\/p>\n<\/div>\n<div dir=\"ltr\" class=\"bbc-19j92fr ebmt73l0\" readability=\"8\">\n<p dir=\"ltr\" class=\"bbc-hhl7in e17g058b0\">Los aranceles del 25% para las importaciones desde M\u00e9xico y Canad\u00e1 hacia EE.UU. estuvieron en pausa durante un mes.<\/p>\n<\/div>\n<div dir=\"ltr\" class=\"bbc-19j92fr ebmt73l0\" readability=\"11\">\n<p dir=\"ltr\" class=\"bbc-hhl7in e17g058b0\">El presidente Donald Trump dijo que su decisi\u00f3n se daba ante la inacci\u00f3n de los pa\u00edses vecinos en el combate al tr\u00e1fico de drogas, en especial el fentanilo, as\u00ed como la migraci\u00f3n descontrolada en ambas fronteras.<\/p>\n<\/div>\n<div dir=\"ltr\" class=\"bbc-19j92fr ebmt73l0\" readability=\"8\">\n<p dir=\"ltr\" class=\"bbc-hhl7in e17g058b0\">La Casa Blanca inform\u00f3 la noche del lunes que la entrada en vigor de los aranceles viene despu\u00e9s de que ambos pa\u00edses &#8220;no hayan logrado abordar la situaci\u00f3n de manera adecuada&#8221;.<\/p>\n<\/div>\n<figure class=\"bbc-1qn0xuy\" readability=\"1.5\">\n<div class=\"bbc-j1srjl\" readability=\"8\"><img src=\"http:\/\/cordobadirecto.com\/wp-content\/uploads\/2025\/03\/es-inconcebible-que-no-se-piense-en-el-dano-que-se-va-a-causar-la-respuesta-de-sheinbaum-a-los-aranceles-impuestos-por-trump-24.webp\" srcset=\"http:\/\/cordobadirecto.com\/wp-content\/uploads\/2025\/03\/es-inconcebible-que-no-se-piense-en-el-dano-que-se-va-a-causar-la-respuesta-de-sheinbaum-a-los-aranceles-impuestos-por-trump-32.webp 240w, http:\/\/cordobadirecto.com\/wp-content\/uploads\/2025\/03\/es-inconcebible-que-no-se-piense-en-el-dano-que-se-va-a-causar-la-respuesta-de-sheinbaum-a-los-aranceles-impuestos-por-trump-33.webp 320w, http:\/\/cordobadirecto.com\/wp-content\/uploads\/2025\/03\/es-inconcebible-que-no-se-piense-en-el-dano-que-se-va-a-causar-la-respuesta-de-sheinbaum-a-los-aranceles-impuestos-por-trump-34.webp 480w, http:\/\/cordobadirecto.com\/wp-content\/uploads\/2025\/03\/es-inconcebible-que-no-se-piense-en-el-dano-que-se-va-a-causar-la-respuesta-de-sheinbaum-a-los-aranceles-impuestos-por-trump-35.webp 624w, http:\/\/cordobadirecto.com\/wp-content\/uploads\/2025\/03\/es-inconcebible-que-no-se-piense-en-el-dano-que-se-va-a-causar-la-respuesta-de-sheinbaum-a-los-aranceles-impuestos-por-trump-36.webp 800w\" sizes=\"(min-width: 1008px) 760px, 100vw\" alt=\"Donald Trump\" loading=\"lazy\" width=\"1000\" height=\"562\" class=\"bbc-139onq\"><\/p>\n<p class=\"bbc-by8ykd\" role=\"text\"><span class=\"bbc-m04vo2\">Fuente de la imagen, <\/span><span lang=\"en-GB\">Reuters<\/span><\/p>\n<\/div><figcaption class=\"bbc-15f1ujd\" dir=\"ltr\"><span role=\"text\"><span class=\"bbc-m04vo2\">Pie de foto, <\/span><span data-testid=\"caption-paragraph\">Donald Trump anunci\u00f3 el lunes que no habr\u00eda m\u00e1s pausa en la implementaci\u00f3n de aranceles.<\/span><\/span><\/figcaption><\/figure>\n<div dir=\"ltr\" class=\"bbc-19j92fr ebmt73l0\" readability=\"10\">\n<p dir=\"ltr\" class=\"bbc-hhl7in e17g058b0\">Sobre M\u00e9xico en particular, la Casa Blanca se\u00f1al\u00f3 que los carteles de la droga &#8220;operan sin obst\u00e1culos debido a una relaci\u00f3n intolerable con el gobierno&#8221; y que las autoridades de ese pa\u00eds dan &#8220;refugio&#8221; a los narcotraficantes.<\/p>\n<\/div>\n<div dir=\"ltr\" class=\"bbc-19j92fr ebmt73l0\" readability=\"9\">\n<p dir=\"ltr\" class=\"bbc-hhl7in e17g058b0\">&#8220;Esta alianza con el gobierno mexicano pone en peligro la seguridad nacional de Estados Unidos y debemos erradicar la influencia de estos peligrosos carteles&#8221;, a\u00f1adi\u00f3 la Casa Blanca.<\/p>\n<\/div>\n<div dir=\"ltr\" class=\"bbc-19j92fr ebmt73l0\" readability=\"9\">\n<p dir=\"ltr\" class=\"bbc-hhl7in e17g058b0\">Sheinbaum dijo que este comunicado es &#8220;ofensivo, difamatorio y sin sustento&#8221; y neg\u00f3 las afirmaciones.<\/p>\n<\/div>\n<div dir=\"ltr\" class=\"bbc-19j92fr ebmt73l0\" readability=\"9\">\n<p dir=\"ltr\" class=\"bbc-hhl7in e17g058b0\">Expres\u00f3 que no pretende iniciar una guerra econ\u00f3mica, &#8220;pero es inconcebible que no se piense en el da\u00f1o que se va a causar&#8221;.<\/p>\n<\/div>\n<div dir=\"ltr\" class=\"bbc-19j92fr ebmt73l0\" readability=\"9\">\n<p dir=\"ltr\" class=\"bbc-hhl7in e17g058b0\">&#8220;Por ello hemos decidido responder con medidas arancelarias y no arancelarias&#8221;, anunci\u00f3. Los detalles los dar\u00e1 a conocer en una asamblea p\u00fablica en la principal plaza de Ciudad de M\u00e9xico.<\/p>\n<\/div>\n<div dir=\"ltr\" class=\"bbc-19j92fr ebmt73l0\" readability=\"9.0961538461538\">\n<p dir=\"ltr\" class=\"bbc-hhl7in e17g058b0\"><a href=\"https:\/\/www.bbc.com\/mundo\/articles\/cpv4jmrkx28o\" class=\"focusIndicatorReducedWidth bbc-n8oauk e1p3sufg0\">Canad\u00e1 tambi\u00e9n anunci\u00f3 medidas rec\u00edprocas<\/a> de aranceles que se impondr\u00e1n sobre el comercio estadounidense valorado en US$155.000 millones. China, que recibi\u00f3 impuestos del 10% adicionales a otro 10% en febrero, tambi\u00e9n public\u00f3 una respuesta arancelaria.<\/p>\n<\/div>\n<figure class=\"bbc-1qn0xuy\" readability=\"1.5\">\n<div class=\"bbc-j1srjl\" readability=\"8\"><img src=\"http:\/\/cordobadirecto.com\/wp-content\/uploads\/2025\/03\/es-inconcebible-que-no-se-piense-en-el-dano-que-se-va-a-causar-la-respuesta-de-sheinbaum-a-los-aranceles-impuestos-por-trump-25.webp\" srcset=\"http:\/\/cordobadirecto.com\/wp-content\/uploads\/2025\/03\/es-inconcebible-que-no-se-piense-en-el-dano-que-se-va-a-causar-la-respuesta-de-sheinbaum-a-los-aranceles-impuestos-por-trump-37.webp 240w, http:\/\/cordobadirecto.com\/wp-content\/uploads\/2025\/03\/es-inconcebible-que-no-se-piense-en-el-dano-que-se-va-a-causar-la-respuesta-de-sheinbaum-a-los-aranceles-impuestos-por-trump-38.webp 320w, http:\/\/cordobadirecto.com\/wp-content\/uploads\/2025\/03\/es-inconcebible-que-no-se-piense-en-el-dano-que-se-va-a-causar-la-respuesta-de-sheinbaum-a-los-aranceles-impuestos-por-trump-39.webp 480w, http:\/\/cordobadirecto.com\/wp-content\/uploads\/2025\/03\/es-inconcebible-que-no-se-piense-en-el-dano-que-se-va-a-causar-la-respuesta-de-sheinbaum-a-los-aranceles-impuestos-por-trump-40.webp 624w, http:\/\/cordobadirecto.com\/wp-content\/uploads\/2025\/03\/es-inconcebible-que-no-se-piense-en-el-dano-que-se-va-a-causar-la-respuesta-de-sheinbaum-a-los-aranceles-impuestos-por-trump-41.webp 800w\" sizes=\"(min-width: 1008px) 760px, 100vw\" alt=\"Trabajadores en una f\u00e1brica de veh\u00edculos en M\u00e9xico\" loading=\"lazy\" width=\"1024\" height=\"638\" class=\"bbc-139onq\"><\/p>\n<p class=\"bbc-by8ykd\" role=\"text\"><span class=\"bbc-m04vo2\">Fuente de la imagen, <\/span><span lang=\"en-GB\">Getty Images<\/span><\/p>\n<\/div><figcaption class=\"bbc-15f1ujd\" dir=\"ltr\"><span role=\"text\"><span class=\"bbc-m04vo2\">Pie de foto, <\/span><span data-testid=\"caption-paragraph\">La industria automotriz ser\u00e1 una de las m\u00e1s afectadas por la imposici\u00f3n arancelaria.<\/span><\/span><\/figcaption><\/figure>\n<p><h2 id=\"El-plan-de-Sheinbaum\" tabindex=\"-1\" class=\"bbc-1lgzob2 eglt09e0\">El plan de Sheinbaum<\/h2>\n<\/p>\n<div dir=\"ltr\" class=\"bbc-19j92fr ebmt73l0\" readability=\"8\">\n<p dir=\"ltr\" class=\"bbc-hhl7in e17g058b0\">La presidenta de M\u00e9xico expuso en su comunicado los logros que tuvo en los \u00faltimos meses en el combate al narcotr\u00e1fico y la llegada de migrantes a la frontera con Estados Unidos.<\/p>\n<\/div>\n<div dir=\"ltr\" class=\"bbc-19j92fr ebmt73l0\" readability=\"13\">\n<p dir=\"ltr\" class=\"bbc-hhl7in e17g058b0\">Asegur\u00f3 que las incautaciones de fentanilo reportadas por EE.UU. se redujeron en un 50% por el combate a su tr\u00e1fico y distribuci\u00f3n, as\u00ed como la incautaci\u00f3n en M\u00e9xico de 121,4 toneladas de drogas, incluidas m\u00e1s de 1,3 millones de dosis de fentanilo.<\/p>\n<\/div>\n<div dir=\"ltr\" class=\"bbc-19j92fr ebmt73l0\" readability=\"17\">\n<p dir=\"ltr\" class=\"bbc-hhl7in e17g058b0\">&#8220;Por ello somos enf\u00e1ticos: no hay motivo, raz\u00f3n ni justificaci\u00f3n que soporte esta decisi\u00f3n que afectar\u00e1 a nuestros pueblos y naciones. Lo hemos dicho de diferentes formas, cooperaci\u00f3n y coordinaci\u00f3n, s\u00ed; subordinaci\u00f3n, intervencionismo, no. A M\u00e9xico se le respeta, somos naciones iguales&#8221;, dijo Sheinbaum.<\/p>\n<\/div>\n<div dir=\"ltr\" class=\"bbc-19j92fr ebmt73l0\" readability=\"9.6443661971831\">\n<p dir=\"ltr\" class=\"bbc-hhl7in e17g058b0\">Ante el impacto econ\u00f3mico que se espera para el pa\u00eds, la presidenta asegur\u00f3 que continuar\u00e1 fortaleciendo el mercado interno, la creaci\u00f3n de empleos y <a href=\"https:\/\/www.bbc.com\/mundo\/articles\/cre8ze0dvdno\" class=\"focusIndicatorReducedWidth bbc-n8oauk e1p3sufg0\">la implementaci\u00f3n del Plan M\u00e9xico<\/a> que present\u00f3 el mes pasado para fortalecer las inversiones p\u00fablicas y privadas en el pa\u00eds.<\/p>\n<\/div>\n<div dir=\"ltr\" class=\"bbc-19j92fr ebmt73l0\" readability=\"16\">\n<p dir=\"ltr\" class=\"bbc-hhl7in e17g058b0\">&#8220;Hago un llamado al pueblo de M\u00e9xico, a todas y a todos, a enfrentar juntos este desaf\u00edo. A mantenernos con unidad. Reitero, es tiempo de la defensa de M\u00e9xico y su soberan\u00eda. Debemos estar atentos y tener tranquilidad, cabeza fr\u00eda, es muy fuerte y poderoso nuestro pueblo y nuestra bendita Naci\u00f3n&#8221;, dijo la presidenta.<\/p>\n<\/div>\n<div dir=\"ltr\" class=\"bbc-19j92fr ebmt73l0\" readability=\"10\">\n<p dir=\"ltr\" class=\"bbc-hhl7in e17g058b0\">Ante las preguntas de los reporteros esta ma\u00f1ana, Sheinbaum evit\u00f3 adelantar cu\u00e1les ser\u00e1n las medidas &#8220;arancelarias y no arancelarias&#8221; que anunci\u00f3. Convoc\u00f3 a la asamblea del domingo para conocerlos.<\/p>\n<\/div>\n<div dir=\"ltr\" class=\"bbc-19j92fr ebmt73l0\" readability=\"7\">\n<p dir=\"ltr\" class=\"bbc-hhl7in e17g058b0\">Y comunic\u00f3 que tiene una llamada programada para esta semana con el presidente Trump.<\/p>\n<\/div>\n<p><h2 id=\"Los-planes-A-B-y-C-de-Sheinbaum\" tabindex=\"-1\" class=\"bbc-1lgzob2 eglt09e0\">Los planes A, B y C de Sheinbaum<\/h2>\n<\/p>\n<div dir=\"ltr\" class=\"bbc-19j92fr ebmt73l0\" readability=\"8\">\n<p dir=\"ltr\" class=\"bbc-hhl7in e17g058b0\"><i class=\"bbc-h1y5j7 eih42320\"><b>An\u00e1lisis de Daniel Pardo, corresponsal de BBC Mundo en M\u00e9xico<\/b><\/i><\/p>\n<\/div>\n<div dir=\"ltr\" class=\"bbc-19j92fr ebmt73l0\" readability=\"9\">\n<p dir=\"ltr\" class=\"bbc-hhl7in e17g058b0\">Sheinbaum anunci\u00f3 que el domingo dar\u00e1 a conocer los detalles de los aranceles, y con esos logra dos cosas.<\/p>\n<\/div>\n<div dir=\"ltr\" class=\"bbc-19j92fr ebmt73l0\" readability=\"13\">\n<p dir=\"ltr\" class=\"bbc-hhl7in e17g058b0\">Por un lado, le da al anuncio, que ser\u00eda en la monumental plaza del Z\u00f3calo, un aspecto grandioso, apelando a despertar el fervor nacional en rechazo a unos aranceles que para muchos son como un ataque frontal a la estrecha relaci\u00f3n comercial y cultural que los pa\u00edses comparten hace d\u00e9cadas.<\/p>\n<\/div>\n<div dir=\"ltr\" class=\"bbc-19j92fr ebmt73l0\" readability=\"11\">\n<p dir=\"ltr\" class=\"bbc-hhl7in e17g058b0\">Pero con posponer el anuncio, Sheinbaum tambi\u00e9n le da a Trump, y sobre todo a los equipos negociadores, tiempo para dialogar en busca de concesiones para evitar los aranceles.<\/p>\n<\/div>\n<div dir=\"ltr\" class=\"bbc-19j92fr ebmt73l0\" readability=\"13\">\n<p dir=\"ltr\" class=\"bbc-hhl7in e17g058b0\">En la mesa de negociaci\u00f3n Sheinbaum tiene, como record\u00f3 en su declaraci\u00f3n del martes, varias cartas a su favor: haber entregado a las autoridades estadounidenses a 29 capos del narcotr\u00e1fico, haber reducido el flujo de migrantes sin papeles en la frontera y haber incautado en cantidades in\u00e9ditas decenas de toneladas de fentanilo.<\/p>\n<\/div>\n<div dir=\"ltr\" class=\"bbc-19j92fr ebmt73l0\" readability=\"11\">\n<p dir=\"ltr\" class=\"bbc-hhl7in e17g058b0\">Si ante todo esto Trump insiste en poner los aranceles, lo que tambi\u00e9n ser\u00eda un golpe para su econom\u00eda y sus votantes sensibles a la inflaci\u00f3n, Sheinbaum ha dicho que tiene varios planes seg\u00fan el tipo de aranceles impuestos por Washington.<\/p>\n<\/div>\n<div dir=\"ltr\" class=\"bbc-19j92fr ebmt73l0\" readability=\"14\">\n<p dir=\"ltr\" class=\"bbc-hhl7in e17g058b0\">Esto contempla apoyar a las empresas afectadas, firmar nuevos tratados comerciales y de inversiones con pa\u00edses como Canad\u00e1 y China y promover una expansi\u00f3n del aparato industrial local, cosas que, por cierto, con aranceles o no, Sheinbaum ya est\u00e1 adelantando.<\/p>\n<\/div>\n<figure class=\"bbc-1qn0xuy\">\n<div class=\"bbc-j1srjl\"><img src=\"http:\/\/cordobadirecto.com\/wp-content\/uploads\/2025\/03\/es-inconcebible-que-no-se-piense-en-el-dano-que-se-va-a-causar-la-respuesta-de-sheinbaum-a-los-aranceles-impuestos-por-trump-26.webp\" srcset=\"http:\/\/cordobadirecto.com\/wp-content\/uploads\/2025\/03\/es-inconcebible-que-no-se-piense-en-el-dano-que-se-va-a-causar-la-respuesta-de-sheinbaum-a-los-aranceles-impuestos-por-trump-42.webp 240w, http:\/\/cordobadirecto.com\/wp-content\/uploads\/2025\/03\/es-inconcebible-que-no-se-piense-en-el-dano-que-se-va-a-causar-la-respuesta-de-sheinbaum-a-los-aranceles-impuestos-por-trump-43.webp 320w, http:\/\/cordobadirecto.com\/wp-content\/uploads\/2025\/03\/es-inconcebible-que-no-se-piense-en-el-dano-que-se-va-a-causar-la-respuesta-de-sheinbaum-a-los-aranceles-impuestos-por-trump-44.webp 480w, http:\/\/cordobadirecto.com\/wp-content\/uploads\/2025\/03\/es-inconcebible-que-no-se-piense-en-el-dano-que-se-va-a-causar-la-respuesta-de-sheinbaum-a-los-aranceles-impuestos-por-trump-45.webp 624w, http:\/\/cordobadirecto.com\/wp-content\/uploads\/2025\/03\/es-inconcebible-que-no-se-piense-en-el-dano-que-se-va-a-causar-la-respuesta-de-sheinbaum-a-los-aranceles-impuestos-por-trump-46.webp 800w\" sizes=\"(min-width: 1008px) 760px, 100vw\" alt=\"L\u00ednea gris\" loading=\"lazy\" width=\"800\" height=\"100\" class=\"bbc-139onq\"><\/div>\n<\/figure>\n<div dir=\"ltr\" class=\"bbc-19j92fr ebmt73l0\" readability=\"6.9206349206349\">\n<p dir=\"ltr\" class=\"bbc-hhl7in e17g058b0\"><a href=\"https:\/\/www.bbc.com\/mundo\/send\/u184973209\" class=\"focusIndicatorReducedWidth bbc-n8oauk e1p3sufg0\"><i class=\"bbc-h1y5j7 eih42320\">Suscr\u00edbete aqu\u00ed<\/i><\/a><i class=\"bbc-h1y5j7 eih42320\"> a nuestro nuevo newsletter para recibir cada viernes una selecci\u00f3n de nuestro mejor contenido de la semana.<\/i><\/p>\n<\/div>\n<div dir=\"ltr\" class=\"bbc-19j92fr ebmt73l0\" readability=\"8\">\n<p dir=\"ltr\" class=\"bbc-hhl7in e17g058b0\"><i class=\"bbc-h1y5j7 eih42320\">Y recuerda que puedes recibir notificaciones en nuestra app. Descarga la \u00faltima versi\u00f3n y act\u00edvalas.<\/i><\/p>\n<\/div>\n","protected":false},"excerpt":{"rendered":"<p>Fuente de la imagen, Getty Images Pie de foto, La presidenta Claudia Sheinbaum rechaz\u00f3 las medidas arancelarias de EE.UU. Informaci\u00f3n del art\u00edculo Autor, Redacci\u00f3n T\u00edtulo del autor, BBC News Mundo 4 marzo 2025 La presidenta de M\u00e9xico, Claudia Sheinbaum, anunci\u00f3 este martes que tomar\u00e1 medidas &#8220;arancelarias y no arancelarias&#8221; en respuesta a la decisi\u00f3n de [&hellip;]<\/p>\n","protected":false},"author":1,"featured_media":0,"comment_status":"closed","ping_status":"closed","sticky":false,"template":"","format":"standard","meta":[],"categories":[24],"tags":[],"_links":{"self":[{"href":"http:\/\/cordobadirecto.com\/index.php\/wp-json\/wp\/v2\/posts\/162991"}],"collection":[{"href":"http:\/\/cordobadirecto.com\/index.php\/wp-json\/wp\/v2\/posts"}],"about":[{"href":"http:\/\/cordobadirecto.com\/index.php\/wp-json\/wp\/v2\/types\/post"}],"author":[{"embeddable":true,"href":"http:\/\/cordobadirecto.com\/index.php\/wp-json\/wp\/v2\/users\/1"}],"replies":[{"embeddable":true,"href":"http:\/\/cordobadirecto.com\/index.php\/wp-json\/wp\/v2\/comments?post=162991"}],"version-history":[{"count":0,"href":"http:\/\/cordobadirecto.com\/index.php\/wp-json\/wp\/v2\/posts\/162991\/revisions"}],"wp:attachment":[{"href":"http:\/\/cordobadirecto.com\/index.php\/wp-json\/wp\/v2\/media?parent=162991"}],"wp:term":[{"taxonomy":"category","embeddable":true,"href":"http:\/\/cordobadirecto.com\/index.php\/wp-json\/wp\/v2\/categories?post=162991"},{"taxonomy":"post_tag","embeddable":true,"href":"http:\/\/cordobadirecto.com\/index.php\/wp-json\/wp\/v2\/tags?post=162991"}],"curies":[{"name":"wp","href":"https:\/\/api.w.org\/{rel}","templated":true}]}}