{"id":162992,"date":"2025-03-05T22:22:50","date_gmt":"2025-03-05T22:22:50","guid":{"rendered":"https:\/\/www.ole.com.ar\/autos\/sebastian-vettel-race-of-champions-sidney_0_tW44QzgIr5.html"},"modified":"2025-03-05T22:22:50","modified_gmt":"2025-03-05T22:22:50","slug":"sebastian-vettel-el-tetracampeon-de-formula-1-correra-en-un-evento-mundial","status":"publish","type":"post","link":"http:\/\/cordobadirecto.com\/index.php\/2025\/03\/05\/sebastian-vettel-el-tetracampeon-de-formula-1-correra-en-un-evento-mundial\/","title":{"rendered":"Sebastian Vettel, el tetracampe\u00f3n de F\u00f3rmula 1, correr\u00e1 en un evento mundial"},"content":{"rendered":"<p><time class=\"createDate\" datetime=\"2025-03-05T19:22:50-03:00\">05\/03\/2025 19:22hs.<\/time><\/p>\n<div id=\"storyBody\">\n<div class=\"custom-text \" readability=\"40.906367041199\">\n<p>Lewis Hamilton, quien cumpli\u00f3 40 a\u00f1os en enero, y Fernando Alonso, de 43, presentan un claro contraste en relaci\u00f3n al resto de una parrilla repleta de rookies y, a su vez, dejan en claro que <strong>la edad es tan solo un n\u00famero<\/strong>. Es por esto que un alem\u00e1n de 37 volver\u00e1 a tomar el volante para una competencia internacional. \u00bfNico Hulkenberg? No, no es el flamante piloto de Sauber. Se trata de la leyenda <strong><a href=\"https:\/\/www.ole.com.ar\/tema\/sebastian-vettel.html\" title=\"Sebastian Vettel\" alt=\"Sebastian Vettel\" class=\"slug\">Sebastian Vettel<\/a><\/strong>, el cuatro veces campe\u00f3n de la <strong><a href=\"https:\/\/www.ole.com.ar\/tema\/formula-1.html\" title=\"F\u00f3rmula 1\" alt=\"F\u00f3rmula 1\" class=\"slug\">F\u00f3rmula 1<\/a><\/strong> que pisar\u00e1 suelo australiano para ser parte de la <strong>Race of Champions<\/strong>.<\/p>\n<\/div>\n<div class=\"custom-text \" readability=\"42\">\n<p>El oriundo de Heppenheim porta una formidable trayectoria en la M\u00e1xima, en la que conquist\u00f3 el t\u00edtulo en <strong>2010<\/strong>, <strong>2011<\/strong>, <strong>2012 <\/strong>y <strong>2013 <\/strong>(todos bajo la tutela de Red Bull) y logr\u00f3 53 victorias, 122 podios y 57 poles. Sin embargo, tambi\u00e9n tiene un nutrido palmar\u00e9s fuera de la F1. Por ejemplo, cuenta con <strong>una consagraci\u00f3n en la misma RoC del 2015<\/strong>, edici\u00f3n que se realiz\u00f3 en Londres.<\/p>\n<\/div>\n<p><h2><strong>Cu\u00e1ndo es y por d\u00f3nde ver la Race of Champions<\/strong><\/h2>\n<\/p>\n<div class=\"custom-text \" readability=\"34\">\n<p>Vettel volver\u00e1 a formar parte del listado de pilotos que correr\u00e1n en la Race of Champions este <strong>viernes<\/strong> y <strong>s\u00e1bado<\/strong> en el Parque Ol\u00edmpico de Sydney. La carrera <strong>dar\u00e1 inicio a las 5.30<\/strong> de la madrugada argentina y se podr\u00e1 ver en vivo a trav\u00e9s de la p\u00e1gina web oficial del certamen.<\/p>\n<\/div>\n<div class=\"sc-e7b891c4-0 ifHnQL image-embed\"><img alt=\"As\u00ed es el coche que el alem\u00e1n utilizar\u00e1 durante el certamen. (Foto: Johaness Eisele - AFP)\" loading=\"lazy\" width=\"720\" height=\"100\" decoding=\"async\" data-nimg=\"1\" src=\"http:\/\/cordobadirecto.com\/wp-content\/uploads\/2025\/03\/sebastian-vettel-el-tetracampeon-de-formula-1-correra-en-un-evento-mundial.jpg\"><span class=\"epigraphe\">As\u00ed es el coche que el alem\u00e1n utilizar\u00e1 durante el certamen. (Foto: Johaness Eisele &#8211; AFP)<\/span><\/div>\n<div class=\"custom-text \" readability=\"45\">\n<p>En este evento, cada naci\u00f3n participante contar\u00e1 con un piloto de rally y otro de pista (F\u00f3rmula 1, NASCAR, IndyCar, etc.) que competir\u00e1n por un premio individual y uno que se consigue en equipo. Otras veces han participado figuras de la M\u00e1xima, como <strong>Michael Schumacher<\/strong>, <strong>Alain Prost<\/strong>, <strong>Romain Grosjean<\/strong>, <strong>Jenson Button<\/strong>, <strong>Juan Pablo Montoya<\/strong> y <strong>Felipe Massa<\/strong>. Tambi\u00e9n tuvo a un argentino al volante en 2017: <strong>Gabriel Glusman<\/strong>, quien corri\u00f3 para el equipo RoC Facto Latinoam\u00e9rica.<\/p>\n<\/div>\n<p><h2><strong>Vettel ya est\u00e1 calentando motores<\/strong><\/h2>\n<\/p>\n<div class=\"sc-734b4696-1 kFfZtB\" readability=\"6\">\n<div class=\"sc-d00d9e74-0 hnHYbk\" type=\"embed\">\n<div class=\"sc-d00d9e74-1 iKVbz videoText\" id=\"contentTitleembedFH1K6yUu\" type=\"embed\"><svg fill=\"#ffffff\"><symbol id=\"play\" viewBox=\"0 0 512 512\"><path d=\"M512 256C512 397.4 397.4 512 256 512C114.6 512 0 397.4 0 256C0 114.6 114.6 0 256 0C397.4 0 512 114.6 512 256zM176 168V344C176 352.7 180.7 360.7 188.3 364.9C195.8 369.2 205.1 369 212.5 364.5L356.5 276.5C363.6 272.1 368 264.4 368 256C368 247.6 363.6 239.9 356.5 235.5L212.5 147.5C205.1 142.1 195.8 142.8 188.3 147.1C180.7 151.3 176 159.3 176 168V168z\" \/><\/symbol><use xlink:href=\"#play\" \/><\/svg><\/p>\n<div class=\"right\">\n<p>Sebastian Vettel<!-- --> &#8211; <span>&nbsp;<\/span><\/p>\n<h2 class=\"title-vid\">As\u00ed se prepara Vettel para la Race of Champions<\/h2>\n<\/div>\n<\/div>\n<p><span class=\"back\" id=\"spanBackembedFH1K6yUu\"><\/span><\/div>\n<div class=\"JWvideoNota_title\" readability=\"7\">\n<p>Cr\u00e9ditos: @RaceofChampions<\/p>\n<\/div>\n<\/div>\n<div class=\"sc-a7166897-0 eoLsBE\" readability=\"6\">\n<section readability=\"2\"><picture><img alt=\"El llamativo gesto de Briatore del que todos hablan: \u00bfun gui\u00f1o para Colapinto?\" loading=\"lazy\" width=\"290\" height=\"290\" decoding=\"async\" data-nimg=\"1\" src=\"http:\/\/cordobadirecto.com\/wp-content\/uploads\/2025\/03\/sebastian-vettel-el-tetracampeon-de-formula-1-correra-en-un-evento-mundial-1.jpg\"><\/picture>\n<p><span>Mir\u00e1 tambi\u00e9n<\/span><\/p>\n<hr>\n<h3>El llamativo gesto de Briatore del que todos hablan: \u00bfun gui\u00f1o para Colapinto?<\/h3>\n<\/p>\n<\/section>\n<\/div>\n<div class=\"sc-a7166897-0 eoLsBE\" readability=\"6\">\n<section readability=\"2\"><picture><img alt=\"La mala noticia que recibieron los fan\u00e1ticos de Franco Colapinto\" loading=\"lazy\" width=\"290\" height=\"290\" decoding=\"async\" data-nimg=\"1\" src=\"http:\/\/cordobadirecto.com\/wp-content\/uploads\/2025\/03\/sebastian-vettel-el-tetracampeon-de-formula-1-correra-en-un-evento-mundial-2.jpg\"><\/picture>\n<p><span>Mir\u00e1 tambi\u00e9n<\/span><\/p>\n<hr>\n<h3>La mala noticia que recibieron los fan\u00e1ticos de Franco Colapinto<\/h3>\n<\/p>\n<\/section>\n<\/div>\n<div class=\"sc-a7166897-0 eoLsBE\" readability=\"6\">\n<section readability=\"2\"><picture><img alt=\"El Kun Ag\u00fcero y su nueva aventura: ser\u00e1 piloto de carreras en la F\u00f3rmula E\" loading=\"lazy\" width=\"290\" height=\"290\" decoding=\"async\" data-nimg=\"1\" src=\"http:\/\/cordobadirecto.com\/wp-content\/uploads\/2025\/03\/sebastian-vettel-el-tetracampeon-de-formula-1-correra-en-un-evento-mundial-3.jpg\"><\/picture>\n<p><span>Mir\u00e1 tambi\u00e9n<\/span><\/p>\n<hr>\n<h3>El Kun Ag\u00fcero y su nueva aventura: ser\u00e1 piloto de carreras en la F\u00f3rmula E<\/h3>\n<\/p>\n<\/section>\n<\/div>\n<\/div>\n","protected":false},"excerpt":{"rendered":"<p>05\/03\/2025 19:22hs. Lewis Hamilton, quien cumpli\u00f3 40 a\u00f1os en enero, y Fernando Alonso, de 43, presentan un claro contraste en relaci\u00f3n al resto de una parrilla repleta de rookies y, a su vez, dejan en claro que la edad es tan solo un n\u00famero. Es por esto que un alem\u00e1n de 37 volver\u00e1 a tomar [&hellip;]<\/p>\n","protected":false},"author":1,"featured_media":162993,"comment_status":"closed","ping_status":"closed","sticky":false,"template":"","format":"standard","meta":[],"categories":[21],"tags":[],"_links":{"self":[{"href":"http:\/\/cordobadirecto.com\/index.php\/wp-json\/wp\/v2\/posts\/162992"}],"collection":[{"href":"http:\/\/cordobadirecto.com\/index.php\/wp-json\/wp\/v2\/posts"}],"about":[{"href":"http:\/\/cordobadirecto.com\/index.php\/wp-json\/wp\/v2\/types\/post"}],"author":[{"embeddable":true,"href":"http:\/\/cordobadirecto.com\/index.php\/wp-json\/wp\/v2\/users\/1"}],"replies":[{"embeddable":true,"href":"http:\/\/cordobadirecto.com\/index.php\/wp-json\/wp\/v2\/comments?post=162992"}],"version-history":[{"count":0,"href":"http:\/\/cordobadirecto.com\/index.php\/wp-json\/wp\/v2\/posts\/162992\/revisions"}],"wp:featuredmedia":[{"embeddable":true,"href":"http:\/\/cordobadirecto.com\/index.php\/wp-json\/wp\/v2\/media\/162993"}],"wp:attachment":[{"href":"http:\/\/cordobadirecto.com\/index.php\/wp-json\/wp\/v2\/media?parent=162992"}],"wp:term":[{"taxonomy":"category","embeddable":true,"href":"http:\/\/cordobadirecto.com\/index.php\/wp-json\/wp\/v2\/categories?post=162992"},{"taxonomy":"post_tag","embeddable":true,"href":"http:\/\/cordobadirecto.com\/index.php\/wp-json\/wp\/v2\/tags?post=162992"}],"curies":[{"name":"wp","href":"https:\/\/api.w.org\/{rel}","templated":true}]}}