{"id":162994,"date":"2025-03-05T14:53:51","date_gmt":"2025-03-05T14:53:51","guid":{"rendered":"https:\/\/www.ole.com.ar\/autos\/llamativo-gesto-briatore-guino-colapinto-doohan_0_DUtjIXbIex.html"},"modified":"2025-03-05T14:53:51","modified_gmt":"2025-03-05T14:53:51","slug":"el-llamativo-gesto-de-briatore-del-que-todos-hablan-un-guino-para-colapinto","status":"publish","type":"post","link":"http:\/\/cordobadirecto.com\/index.php\/2025\/03\/05\/el-llamativo-gesto-de-briatore-del-que-todos-hablan-un-guino-para-colapinto\/","title":{"rendered":"El llamativo gesto de Briatore del que todos hablan: \u00bfun gui\u00f1o para Colapinto?"},"content":{"rendered":"<p><time class=\"createDate\" datetime=\"2025-03-05T11:53:51-03:00\">05\/03\/2025 11:53hs.<\/time><\/p>\n<div id=\"storyBody\">\n<div class=\"custom-text \" readability=\"35.625\">\n<p>Desde que se confirm\u00f3 el desembarco de<strong><a href=\"https:\/\/www.ole.com.ar\/tema\/franco-colapinto.html\" title=\"Franco Colapinto\" alt=\"Franco Colapinto\" class=\"slug\"> Franco Colapinto<\/a><\/strong> como piloto de reserva de <strong><a href=\"https:\/\/www.ole.com.ar\/tema\/alpine.html\" title=\"Alpine\" alt=\"Alpine\" class=\"slug\">Alpine<\/a><\/strong>, no hay d\u00eda en el que el mundo del deporte motor no tenga noticias que involucren al argentino y a su futuro dentro del equipo. Cualquier gui\u00f1o o gesto que venga desde alguno de los integrantes de la escuder\u00eda francesa, y que tenga que ver puntualmente con <strong>esa bendita butaca a la que aspira el pilarense pero que actualmente ocupa <a href=\"https:\/\/www.ole.com.ar\/tema\/jack-doohan.html\" title=\"Jack Doohan\" alt=\"Jack Doohan\" class=\"slug\">Jack Doohan<\/a>,<\/strong> r\u00e1pidamente rebota en Argentina y hace aumentar a\u00fan m\u00e1s la ansiedad y las expectativas. <\/p>\n<\/div>\n<div class=\"custom-text \" readability=\"34.144329896907\">\n<p>Y eso fue exactamente lo que ocurri\u00f3 con <strong><a href=\"https:\/\/www.ole.com.ar\/tema\/flavio-briatore.html\" title=\"Flavio Briatore\" alt=\"Flavio Briatore\" class=\"slug\">Flavio Briatore<\/a><\/strong>, quien dio que hablar con un particular gesto cuando <strong>le consultaron por el futuro de Doohan. <\/strong>Tal como relat\u00f3 el medio suizo Blick, al asesor estrella de Alpine le preguntaron directamente <strong>&#8220;\u00bfcu\u00e1ndo se le acaba el tiempo a Doohan?&#8221;. <\/strong><\/p>\n<\/div>\n<div class=\"sc-e7b891c4-0 ifHnQL image-embed\"><img alt=\"La foto que subi\u00f3 Briatore junto a Colapinto y el resto de los pilotos de Alpine.\" loading=\"lazy\" width=\"720\" height=\"100\" decoding=\"async\" data-nimg=\"1\" src=\"http:\/\/cordobadirecto.com\/wp-content\/uploads\/2025\/03\/el-llamativo-gesto-de-briatore-del-que-todos-hablan-un-guino-para-colapinto.jpg\"><span class=\"epigraphe\">La foto que subi\u00f3 Briatore junto a Colapinto y el resto de los pilotos de Alpine.<\/span><\/div>\n<div class=\"custom-text \" readability=\"38\">\n<p><strong>\u00bfCu\u00e1l fue la respuesta del empresario italiano? Mir\u00f3 su reloj.<\/strong> Este gesto, que tranquilamente se podr\u00eda haber interpretado como una simple manera de esquivar una pregunta inc\u00f3moda, tuvo otro significado para los medios de todo el mundo, que<strong> r\u00e1pidamente lo tomaron como un gui\u00f1o a Franco. Un indicio de que el tiempo se acaba para Doohan.<\/strong><\/p>\n<\/div>\n<div class=\"sc-734b4696-1 kFfZtB\">\n<div class=\"sc-d00d9e74-0 hnHYbk\" type=\"embed\">\n<div class=\"sc-d00d9e74-1 iKVbz videoText\" id=\"contentTitleembedkYlvfpmD\" type=\"embed\"><svg fill=\"#ffffff\"><symbol id=\"play\" viewBox=\"0 0 512 512\"><path d=\"M512 256C512 397.4 397.4 512 256 512C114.6 512 0 397.4 0 256C0 114.6 114.6 0 256 0C397.4 0 512 114.6 512 256zM176 168V344C176 352.7 180.7 360.7 188.3 364.9C195.8 369.2 205.1 369 212.5 364.5L356.5 276.5C363.6 272.1 368 264.4 368 256C368 247.6 363.6 239.9 356.5 235.5L212.5 147.5C205.1 142.1 195.8 142.8 188.3 147.1C180.7 151.3 176 159.3 176 168V168z\" \/><\/symbol><use xlink:href=\"#play\" \/><\/svg><\/p>\n<div class=\"right\">\n<p>Franco Colapinto<!-- --> &#8211; <span>&nbsp;<\/span><\/p>\n<h2 class=\"title-vid\">La aparici\u00f3n de Colapinto en el trailer de Drive To Survive<\/h2>\n<\/div>\n<\/div>\n<p><span class=\"back\" id=\"spanBackembedkYlvfpmD\"><\/span><\/div>\n<div class=\"JWvideoNota_title\">\n<p>Fuente: @Formula1<\/p>\n<\/div>\n<\/div>\n<p><h2><strong>Colapinto sigue compitiendo por una butaca, pero su manager pis\u00f3 el freno&#8230;<\/strong><\/h2>\n<\/p>\n<div class=\"custom-text \" readability=\"41\">\n<p>Aunque el deseo de todos los argentinos es que Franco Colapinto se gane la titularidad cuanto antes, para lo que necesitar\u00e1 que uno de los titulares deje un puesto vacante (el \u00fanico que podr\u00eda ceder su lugar es Jack Doohan, siendo Gasly la figura del equipo), <strong>el entorno del argentino quiere que eso pase naturalmente y en la pista, y no amedrentando virtualmente a los protagonistas<\/strong>. En ese sentido, el que se posicion\u00f3 en defensa de los pilotos y de los intereses de su representado fue<strong> Jamie Campbell-Walter, manager del pilarense.<\/strong><\/p>\n<\/div>\n<div class=\"custom-text \" readability=\"42\">\n<p>&#8220;<strong>Los haters creen que est\u00e1n ayudando a Franco, pero le est\u00e1n haciendo m\u00e1s da\u00f1o que bien: insultos al equipo, a Jack (Doohan) y a veces a otros seguidores de Alpine. <\/strong>Franco y todos los que lo apoyamos somos fans de todo el equipo, Pierre (Gasly) y Jack. Comp\u00f3rtense con pasi\u00f3n pero sin insultos ni arrogancia. El momento de Franco llegar\u00e1, pero no de esta manera, conseguir\u00e1n lo contrario&#8221;, escribi\u00f3 el brit\u00e1nico v\u00eda X (ex Twitter). Con un retuit, Colapinto respald\u00f3 su postura.<\/p>\n<\/div>\n<\/div>\n","protected":false},"excerpt":{"rendered":"<p>05\/03\/2025 11:53hs. Desde que se confirm\u00f3 el desembarco de Franco Colapinto como piloto de reserva de Alpine, no hay d\u00eda en el que el mundo del deporte motor no tenga noticias que involucren al argentino y a su futuro dentro del equipo. Cualquier gui\u00f1o o gesto que venga desde alguno de los integrantes de la [&hellip;]<\/p>\n","protected":false},"author":1,"featured_media":162995,"comment_status":"closed","ping_status":"closed","sticky":false,"template":"","format":"standard","meta":[],"categories":[21],"tags":[],"_links":{"self":[{"href":"http:\/\/cordobadirecto.com\/index.php\/wp-json\/wp\/v2\/posts\/162994"}],"collection":[{"href":"http:\/\/cordobadirecto.com\/index.php\/wp-json\/wp\/v2\/posts"}],"about":[{"href":"http:\/\/cordobadirecto.com\/index.php\/wp-json\/wp\/v2\/types\/post"}],"author":[{"embeddable":true,"href":"http:\/\/cordobadirecto.com\/index.php\/wp-json\/wp\/v2\/users\/1"}],"replies":[{"embeddable":true,"href":"http:\/\/cordobadirecto.com\/index.php\/wp-json\/wp\/v2\/comments?post=162994"}],"version-history":[{"count":0,"href":"http:\/\/cordobadirecto.com\/index.php\/wp-json\/wp\/v2\/posts\/162994\/revisions"}],"wp:featuredmedia":[{"embeddable":true,"href":"http:\/\/cordobadirecto.com\/index.php\/wp-json\/wp\/v2\/media\/162995"}],"wp:attachment":[{"href":"http:\/\/cordobadirecto.com\/index.php\/wp-json\/wp\/v2\/media?parent=162994"}],"wp:term":[{"taxonomy":"category","embeddable":true,"href":"http:\/\/cordobadirecto.com\/index.php\/wp-json\/wp\/v2\/categories?post=162994"},{"taxonomy":"post_tag","embeddable":true,"href":"http:\/\/cordobadirecto.com\/index.php\/wp-json\/wp\/v2\/tags?post=162994"}],"curies":[{"name":"wp","href":"https:\/\/api.w.org\/{rel}","templated":true}]}}