{"id":162996,"date":"2025-03-06T10:10:41","date_gmt":"2025-03-06T10:10:41","guid":{"rendered":"https:\/\/www.ole.com.ar\/futbol-ascenso\/ascenso-primera-nacional-levi-almirante-brown_0_SJqe7YexGk.html"},"modified":"2025-03-06T10:10:41","modified_gmt":"2025-03-06T10:10:41","slug":"de-quedar-apartado-en-san-martin-de-tucuman-a-ser-refuerzo-de-otro-club-del-nacional","status":"publish","type":"post","link":"http:\/\/cordobadirecto.com\/index.php\/2025\/03\/06\/de-quedar-apartado-en-san-martin-de-tucuman-a-ser-refuerzo-de-otro-club-del-nacional\/","title":{"rendered":"De quedar apartado en San Mart\u00edn de Tucum\u00e1n a ser refuerzo de otro club del Nacional"},"content":{"rendered":"<p><span class=\"createDate\">05\/03\/2025 17:41hs.<\/span><time class=\"modificatedDate\" datetime=\"2025-03-05T18:11:39-03:00\"> Actualizado al 05\/03\/2025 18:11hs.<\/time><\/p>\n<div id=\"storyBody\">\n<div class=\"custom-text \" readability=\"30.592885375494\">\n<p>La situaci\u00f3n empez\u00f3 a subsanar de tal manera que todas las partes quedaron conformes. Es que claro, despu\u00e9s de haberse desvinculado de <a href=\"https:\/\/www.ole.com.ar\/tema\/san-martin-tucuman.html\" title=\"San Mart\u00edn Tucum\u00e1n\" alt=\"San Mart\u00edn Tucum\u00e1n\" class=\"slug\">San Mart\u00edn de Tucum\u00e1n<\/a> -con pol\u00e9mica de por medio-, <strong>un defensor se sum\u00f3 a los entrenamientos de <a href=\"https:\/\/www.ole.com.ar\/tema\/almirante-brown.html\" title=\"Almirante Brown\" alt=\"Almirante Brown\" class=\"slug\">Almirante Brown<\/a><\/strong>.<\/p>\n<\/div>\n<div class=\"custom-text \" readability=\"37\">\n<p>El futbolista en cuesti\u00f3n es <strong>M\u00e1ximo Levi<\/strong>, que este lunes se sum\u00f3 a los entrenamientos de la Fragata. Seg\u00fan le comentaron fuentes cercanas del club a <strong>Ol\u00e9<\/strong>, si todo est\u00e1 en condiciones, <strong>el defensor de 29 a\u00f1os pondr\u00e1 la firma este jueves <\/strong>y quedar\u00e1 ligado a la instituci\u00f3n. <\/p>\n<\/div>\n<div class=\"sc-e7b891c4-0 ifHnQL image-embed\"><img alt=\"Levi jugar\u00e1 en Almirante (Foto: @maaximolevi).\" loading=\"lazy\" width=\"720\" height=\"100\" decoding=\"async\" data-nimg=\"1\" src=\"http:\/\/cordobadirecto.com\/wp-content\/uploads\/2025\/03\/de-quedar-apartado-en-san-martin-de-tucuman-a-ser-refuerzo-de-otro-club-del-nacional.jpg\"><span class=\"epigraphe\">Levi jugar\u00e1 en Almirante (Foto: @maaximolevi).<\/span><\/div>\n<div class=\"custom-text \" readability=\"38\">\n<p>Lo cierto es que, ya con el mercado de pases cerrado, el Mirasol<strong> tiene un cupo para incorporar por la rotura de ligamentos cruzados que sufri\u00f3 Jonatan Goya<\/strong>. El volante de 35 pirulos, que este a\u00f1o inici\u00f3 un nuevo ciclo en Almirante tras su paso por Riestra, tendr\u00e1 varios meses de recuperaci\u00f3n.<\/p>\n<\/div>\n<p><h2><strong>\u00bfQu\u00e9 pas\u00f3 con Levi en San Mart\u00edn?<\/strong><\/h2>\n<\/p>\n<div class=\"custom-text \" readability=\"38.292452830189\">\n<p>Durante la pretemporada, previo a los dos primeros encuentros del Ciruja &#8211;<a href=\"https:\/\/www.ole.com.ar\/tema\/almagro.html\" title=\"Almagro\" alt=\"Almagro\" class=\"slug\">Almagro<\/a> por la PN y Col\u00f3n por <a href=\"https:\/\/www.ole.com.ar\/tema\/copa-argentina.html\" title=\"Copa Argentina\" alt=\"Copa Argentina\" class=\"slug\">Copa Argentina<\/a>-, <strong>Ariel Martos, entrenador del equipo, decidi\u00f3 apartar al Levi del plantel<\/strong>: &#8220;Yo habl\u00e9 con el jugador, con la comisi\u00f3n directiva y con el plantel: fue separado con fundamentos&#8221;, expres\u00f3 el det\u00e9.<\/p>\n<\/div>\n<div class=\"custom-text \" readability=\"41\">\n<p>Frente a esta situaci\u00f3n, el defensor apunt\u00f3 frente al CT y la CD en redes: &#8220;<strong>Es dif\u00edcil entender la decisi\u00f3n que tomaron de apartarme del plantel sin argumentos v\u00e1lidos<\/strong>. Hacerme entrenar a esta hora es inhumano, no la estoy pasando bien, sino, todo lo contrario&#8221;, solt\u00f3 Levi, con una foto entrenando bajo el sol del mediod\u00eda. <\/p>\n<\/div>\n<div class=\"sc-e7b891c4-0 ifHnQL image-embed\"><img alt=\"La historia de Instagram de M\u00e1ximo Levi (@maaximolevi).\" loading=\"lazy\" width=\"720\" height=\"100\" decoding=\"async\" data-nimg=\"1\" src=\"http:\/\/cordobadirecto.com\/wp-content\/uploads\/2025\/03\/de-quedar-apartado-en-san-martin-de-tucuman-a-ser-refuerzo-de-otro-club-del-nacional-1.jpg\"><span class=\"epigraphe\">La historia de Instagram de M\u00e1ximo Levi (@maaximolevi).<\/span><\/div>\n<div class=\"custom-text \" readability=\"37\">\n<p>Adem\u00e1s, en aquella situaci\u00f3n, agreg\u00f3: &#8220;<strong>Ante todo somos personas y creo que se est\u00e1n olvidando de eso<\/strong>. Gracias a la gente que me acompa\u00f1a en este momento dif\u00edcil&#8221;. Ahora, Levi tiene todo listo para tomarse revancha en Almirante.<\/p>\n<\/div>\n<p><h2><strong>La despedida de Levi de San Mart\u00edn<\/strong><\/h2>\n<\/p>\n<div class=\"custom-text \" readability=\"39\">\n<p>Pese a la salida conflictiva, el defensor tuvo palabras sentidas para con el conjunto tucumano: &#8220;<strong>Me voy con la frente en alto y con la tranquilidad de nunca haber perdido mi esencia<\/strong>, ante todo, ser buena persona. Gracias po todo al hincha, que sin dudas, son incre\u00edbles!&#8221;.<\/p>\n<\/div>\n<div class=\"sc-a7166897-0 eoLsBE\" readability=\"6\">\n<section readability=\"2\"><picture><img alt=\"Estrella del Sur prepara su hist\u00f3rico debut en la Primera C\" loading=\"lazy\" width=\"290\" height=\"290\" decoding=\"async\" data-nimg=\"1\" src=\"http:\/\/cordobadirecto.com\/wp-content\/uploads\/2025\/03\/de-quedar-apartado-en-san-martin-de-tucuman-a-ser-refuerzo-de-otro-club-del-nacional-2.jpg\"><\/picture>\n<p><span>Mir\u00e1 tambi\u00e9n<\/span><\/p>\n<hr>\n<h3>Estrella del Sur prepara su hist\u00f3rico debut en la Primera C<\/h3>\n<\/p>\n<\/section>\n<\/div>\n<div class=\"sc-a7166897-0 eoLsBE\" readability=\"7\">\n<section readability=\"4\"><picture><img alt=\"De Tokio a Comodoro: Taku Kemuyama, el japon\u00e9s que jugar\u00e1 en un equipo del Regional Amateur\" loading=\"lazy\" width=\"290\" height=\"290\" decoding=\"async\" data-nimg=\"1\" src=\"http:\/\/cordobadirecto.com\/wp-content\/uploads\/2025\/03\/de-quedar-apartado-en-san-martin-de-tucuman-a-ser-refuerzo-de-otro-club-del-nacional-3.jpg\"><\/picture>\n<p><span>Mir\u00e1 tambi\u00e9n<\/span><\/p>\n<hr>\n<h3>De Tokio a Comodoro: Taku Kemuyama, el japon\u00e9s que jugar\u00e1 en un equipo del Regional Amateur<\/h3>\n<\/p>\n<\/section>\n<\/div>\n<\/div>\n","protected":false},"excerpt":{"rendered":"<p>05\/03\/2025 17:41hs. Actualizado al 05\/03\/2025 18:11hs. La situaci\u00f3n empez\u00f3 a subsanar de tal manera que todas las partes quedaron conformes. Es que claro, despu\u00e9s de haberse desvinculado de San Mart\u00edn de Tucum\u00e1n -con pol\u00e9mica de por medio-, un defensor se sum\u00f3 a los entrenamientos de Almirante Brown. El futbolista en cuesti\u00f3n es M\u00e1ximo Levi, que [&hellip;]<\/p>\n","protected":false},"author":1,"featured_media":162997,"comment_status":"closed","ping_status":"closed","sticky":false,"template":"","format":"standard","meta":[],"categories":[21],"tags":[],"_links":{"self":[{"href":"http:\/\/cordobadirecto.com\/index.php\/wp-json\/wp\/v2\/posts\/162996"}],"collection":[{"href":"http:\/\/cordobadirecto.com\/index.php\/wp-json\/wp\/v2\/posts"}],"about":[{"href":"http:\/\/cordobadirecto.com\/index.php\/wp-json\/wp\/v2\/types\/post"}],"author":[{"embeddable":true,"href":"http:\/\/cordobadirecto.com\/index.php\/wp-json\/wp\/v2\/users\/1"}],"replies":[{"embeddable":true,"href":"http:\/\/cordobadirecto.com\/index.php\/wp-json\/wp\/v2\/comments?post=162996"}],"version-history":[{"count":0,"href":"http:\/\/cordobadirecto.com\/index.php\/wp-json\/wp\/v2\/posts\/162996\/revisions"}],"wp:featuredmedia":[{"embeddable":true,"href":"http:\/\/cordobadirecto.com\/index.php\/wp-json\/wp\/v2\/media\/162997"}],"wp:attachment":[{"href":"http:\/\/cordobadirecto.com\/index.php\/wp-json\/wp\/v2\/media?parent=162996"}],"wp:term":[{"taxonomy":"category","embeddable":true,"href":"http:\/\/cordobadirecto.com\/index.php\/wp-json\/wp\/v2\/categories?post=162996"},{"taxonomy":"post_tag","embeddable":true,"href":"http:\/\/cordobadirecto.com\/index.php\/wp-json\/wp\/v2\/tags?post=162996"}],"curies":[{"name":"wp","href":"https:\/\/api.w.org\/{rel}","templated":true}]}}