{"id":163002,"date":"2025-03-06T15:01:28","date_gmt":"2025-03-06T15:01:28","guid":{"rendered":"https:\/\/puntoapunto.com.ar\/?p=370697"},"modified":"2025-03-06T15:01:28","modified_gmt":"2025-03-06T15:01:28","slug":"fuerte-repunte-en-la-venta-de-usados-en-los-primeros-dos-meses-las-ventas-crecen-al-40","status":"publish","type":"post","link":"http:\/\/cordobadirecto.com\/index.php\/2025\/03\/06\/fuerte-repunte-en-la-venta-de-usados-en-los-primeros-dos-meses-las-ventas-crecen-al-40\/","title":{"rendered":"Fuerte repunte en la venta de usados: en los primeros dos meses las ventas crecen al 40%"},"content":{"rendered":"<div><img src=\"http:\/\/cordobadirecto.com\/wp-content\/uploads\/2025\/03\/fuerte-repunte-en-la-venta-de-usados-en-los-primeros-dos-meses-las-ventas-crecen-al-40.jpg\" class=\"ff-og-image-inserted\"><\/div>\n<p>El comercio automotor comenz\u00f3 el 2025 con dinamismo. En febrero se transfirieron en la provincia de C\u00f3rdoba 17.934 veh\u00edculos usados, un 36,8% m\u00e1s que en el mismo mes de 2024 cuando se registraron 13.110 unidades, seg\u00fan se desprende de la informaci\u00f3n preliminar que surge de los Registros de Propiedad Automotor.<\/p>\n<p>En tanto, en los dos primeros meses del a\u00f1o se contabilizaron 37.542 unidades en la provincia, un 41,7% m\u00e1s que en enero-noviembre del 2024, cuando se registraron 26.489 unidades.<\/p>\n<p>\u201cEl volumen de transferencias muestra un crecimiento real de entre 15 y 20%. Si bien las variaciones interanuales arrojan cifras m\u00e1s elevadas, enero y febrero del 2024 fueron meses con demanda retra\u00edda a ra\u00edz de la fuerte y brusca suba de precios producto del reciente cambio de gobierno. La cifra mensual promedio de transferencias en la provincia se ubica en torno a 16.000 unidades\u201d, dijo el presidente de la C\u00e1mara del Comercio Automotor de C\u00f3rdoba (CCAC), Federico Miretti.<\/p>\n<p>Y agreg\u00f3: \u201clas cantidades de unidades comercializadas muestran un mercado m\u00e1s consolidado, a ra\u00edz del reacomodamiento de precios hacia la baja gracias a una mayor disponibilidad de unidades, lo que genera un mercado m\u00e1s competitivo, combinado con la disponibilidad de financiaci\u00f3n bancaria del 15% en UVA\u201d.<\/p>\n<p>A su vez, destac\u00f3 que el consumidor ve un contexto m\u00e1s estable, lo cual le permite tomar decisiones de inversi\u00f3n a futuro; sin demorar la decisi\u00f3n de compra o renovaci\u00f3n de unidades.<\/p>\n<p>No obstante, Miretti mencion\u00f3 con preocupaci\u00f3n un incremento de oferta de unidades por parte de comerciantes no inscriptos, lo cual genera un perjuicio para los comercios formales, generadores de empleo y responsables tributarios, y una desprotecci\u00f3n creciente para los consumidores.<\/p>\n<p>Por \u00faltimo, estim\u00f3 que el 2025 se presenta como un mercado con proyecci\u00f3n de crecimiento, con buenas oportunidades para la adquisici\u00f3n y renovaci\u00f3n de unidades.<\/p>\n","protected":false},"excerpt":{"rendered":"<p>El comercio automotor comenz\u00f3 el 2025 con dinamismo. En febrero se transfirieron en la provincia de C\u00f3rdoba 17.934 veh\u00edculos usados, un 36,8% m\u00e1s que en el mismo mes de 2024 cuando se registraron 13.110 unidades, seg\u00fan se desprende de la informaci\u00f3n preliminar que surge de los Registros de Propiedad Automotor. En tanto, en los dos [&hellip;]<\/p>\n","protected":false},"author":1,"featured_media":163003,"comment_status":"closed","ping_status":"closed","sticky":false,"template":"","format":"standard","meta":[],"categories":[25],"tags":[],"_links":{"self":[{"href":"http:\/\/cordobadirecto.com\/index.php\/wp-json\/wp\/v2\/posts\/163002"}],"collection":[{"href":"http:\/\/cordobadirecto.com\/index.php\/wp-json\/wp\/v2\/posts"}],"about":[{"href":"http:\/\/cordobadirecto.com\/index.php\/wp-json\/wp\/v2\/types\/post"}],"author":[{"embeddable":true,"href":"http:\/\/cordobadirecto.com\/index.php\/wp-json\/wp\/v2\/users\/1"}],"replies":[{"embeddable":true,"href":"http:\/\/cordobadirecto.com\/index.php\/wp-json\/wp\/v2\/comments?post=163002"}],"version-history":[{"count":0,"href":"http:\/\/cordobadirecto.com\/index.php\/wp-json\/wp\/v2\/posts\/163002\/revisions"}],"wp:featuredmedia":[{"embeddable":true,"href":"http:\/\/cordobadirecto.com\/index.php\/wp-json\/wp\/v2\/media\/163003"}],"wp:attachment":[{"href":"http:\/\/cordobadirecto.com\/index.php\/wp-json\/wp\/v2\/media?parent=163002"}],"wp:term":[{"taxonomy":"category","embeddable":true,"href":"http:\/\/cordobadirecto.com\/index.php\/wp-json\/wp\/v2\/categories?post=163002"},{"taxonomy":"post_tag","embeddable":true,"href":"http:\/\/cordobadirecto.com\/index.php\/wp-json\/wp\/v2\/tags?post=163002"}],"curies":[{"name":"wp","href":"https:\/\/api.w.org\/{rel}","templated":true}]}}