{"id":163130,"date":"2025-03-09T16:43:33","date_gmt":"2025-03-09T16:43:33","guid":{"rendered":"https:\/\/puntoapunto.com.ar\/?p=370728"},"modified":"2025-03-09T16:43:33","modified_gmt":"2025-03-09T16:43:33","slug":"mujeres-profesionales-en-cordoba-crece-precarizacion-y-solo-el-7-llega-a-cargos-gerenciales","status":"publish","type":"post","link":"http:\/\/cordobadirecto.com\/index.php\/2025\/03\/09\/mujeres-profesionales-en-cordoba-crece-precarizacion-y-solo-el-7-llega-a-cargos-gerenciales\/","title":{"rendered":"Mujeres profesionales en C\u00f3rdoba: crece precarizaci\u00f3n y s\u00f3lo el 7% llega a cargos gerenciales"},"content":{"rendered":"<p>&nbsp;<!-- \u00a1O bien no hay banners, estan desactivados o no estan programados para esta ubicaci\u00f3n! -->\n<\/p>\n<p>&nbsp;\n<\/p>\n<p>En el marco del D\u00eda Internacional de la Mujer Trabajadora, el Observatorio de Profesionales (OPF) de FEPUC analiz\u00f3 la situaci\u00f3n laboral de las profesionales en la provincia de C\u00f3rdoba. El estudio, basado en los resultados de la&nbsp;Encuesta de Condiciones Laborales 2024&nbsp;realizada a 4.636 profesionales, expone la&nbsp;mayor precarizaci\u00f3n contractual y sobre-empleo horario en las mujeres, adem\u00e1s se registr\u00f3 una mayor vulnerabilidad en las condiciones de trabajo de las profesionales m\u00e1s j\u00f3venes.<\/p>\n<p><u>&nbsp;<\/u><\/p>\n<div><img decoding=\"async\" class=\"aligncenter wp-image-370730 size-large\" src=\"http:\/\/cordobadirecto.com\/wp-content\/uploads\/2025\/03\/mujeres-profesionales-en-cordoba-crece-precarizacion-y-solo-el-7-llega-a-cargos-gerenciales.jpg\" alt width=\"819\" height=\"1024\" srcset=\"http:\/\/cordobadirecto.com\/wp-content\/uploads\/2025\/03\/mujeres-profesionales-en-cordoba-crece-precarizacion-y-solo-el-7-llega-a-cargos-gerenciales.jpg 819w, http:\/\/cordobadirecto.com\/wp-content\/uploads\/2025\/03\/mujeres-profesionales-en-cordoba-crece-precarizacion-y-solo-el-7-llega-a-cargos-gerenciales-2.jpg 240w, http:\/\/cordobadirecto.com\/wp-content\/uploads\/2025\/03\/mujeres-profesionales-en-cordoba-crece-precarizacion-y-solo-el-7-llega-a-cargos-gerenciales-3.jpg 768w, http:\/\/cordobadirecto.com\/wp-content\/uploads\/2025\/03\/mujeres-profesionales-en-cordoba-crece-precarizacion-y-solo-el-7-llega-a-cargos-gerenciales-4.jpg 750w, http:\/\/cordobadirecto.com\/wp-content\/uploads\/2025\/03\/mujeres-profesionales-en-cordoba-crece-precarizacion-y-solo-el-7-llega-a-cargos-gerenciales-5.jpg 1080w\" sizes=\"(max-width: 819px) 100vw, 819px\" loading=\"lazy\"><br \/><b><\/b><\/div>\n<div readability=\"23\">\n<p>Las mujeres representan el 60% de los profesionales en C\u00f3rdoba, y el 61% de ellas trabaja en el sector de salud y comunidad. La mayor\u00eda (80%) se desempe\u00f1a en el \u00e1mbito privado y el 63% no tiene relaci\u00f3n de dependencia, lo que limita su acceso a derechos laborales b\u00e1sicos como licencias por maternidad, vacaciones o aguinaldo. Esta situaci\u00f3n refleja la segregaci\u00f3n ocupacional como un factor estructural de desigualdad en el mercado laboral.\n<\/p>\n<p>\u201cSi bien hubo muchos cambios en mejoras de condiciones laborales para las mujeres trabajadoras en estos a\u00f1os, debemos dejar en claro que esas mejoras y garant\u00edas de derechos se han aplicado principalmente en el trabajo formal, en las actividades m\u00e1s reguladas y sobre todo en aquellas que se rigen por convenios colectivos de trabajo.&nbsp;Seis de cada 10 mujeres profesionales no tienen una relaci\u00f3n de dependencia, por lo tanto no tienen un Convenio Colectivo que las represente. Aqu\u00ed se abre un gran desaf\u00edo para las entidades profesionales y otros colectivos de representaci\u00f3n\u201d, se\u00f1al\u00f3 la&nbsp;presidenta de FEPUC, Eugenia Peisino.\n<\/p>\n<\/div>\n<p><strong>Brecha de ingresos: 36% menos para las mujeres<\/strong><\/p>\n<div readability=\"19\">\n<p>La inequidad en los ingresos persiste y se agrava en el sector profesional. Mientras que la Encuesta Permanente de Hogares del Indec registr\u00f3 una brecha de ingresos del 27,4% en 2024, el estudio del Observatorio de FEPUC revel\u00f3 que las mujeres profesionales de C\u00f3rdoba perciben un 36% menos que sus colegas varones. Sin embargo, dado que las mujeres trabajan en promedio menos horas y con el fin de explicar mejor la brecha que existe en los ingresos, el estudio profundiza el an\u00e1lisis hasta lograr identificar el ingreso promedio por hora de trabajo.<!-- \u00a1O bien no hay banners, estan desactivados o no estan programados para esta ubicaci\u00f3n! -->\n<\/p>\n<p>Concluyendo que&nbsp;el ingreso por hora&nbsp;de trabajo remunerado de las mujeres cordobesas es un&nbsp;31% menos que la hora de los varones.&nbsp;Es decir, las&nbsp;mujeres perciben menores ingresos a\u00fan por la misma cantidad de horas de trabajo que los varones.\n<\/p>\n<\/div>\n<p>La disparidad salarial tambi\u00e9n var\u00eda seg\u00fan la edad: la menor diferencia se registra en profesionales menores de 30 a\u00f1os, pero se maximiza entre los 30 y 50, coincidiendo con la etapa de mayor carga de tareas de cuidado y responsabilidades familiares. Finalmente, con relaci\u00f3n a las brechas de ingresos tambi\u00e9n se evidencia que las profesiones m\u00e1s feminizadas, en las que el 75% o m\u00e1s son mujeres (por ejemplo: Nutrici\u00f3n, Fonoaudiolog\u00eda, Psicopedagog\u00eda, Enfermer\u00eda, Kinesioterapia, entre otras), tienen ingresos que son un 41% menos que los de profesiones masculinizadas como las Ingenier\u00edas, Agronom\u00eda, Higiene y Seguridad, entre otras.<\/p>\n<p><strong>Precarizaci\u00f3n contractual y monotributizaci\u00f3n<\/strong><\/p>\n<p>El 24% de las mujeres profesionales trabajan en condiciones precarias, con contratos de locaci\u00f3n de servicio o de manera informal, porcentaje que se eleva al 47% en menores de 30 a\u00f1os. Estas modalidades de contrataci\u00f3n limitan el acceso a derechos laborales y refuerzan la posici\u00f3n de vulnerabilidad econ\u00f3mica.<\/p>\n<p>La flexibilidad laboral y la monotributizaci\u00f3n se consolidaron como tendencias desde la pandemia, afectando principalmente a las mujeres:&nbsp;81% de las profesionales independientes son monotributistas, con el 70% en las categor\u00edas m\u00e1s bajas. En contraste, el 16% de los varones se encuentra registrado como Responsable Inscripto, accediendo a una mejor situaci\u00f3n fiscal y de ingresos.<\/p>\n<p><strong>Sobre-empleo horario<\/strong><\/p>\n<p>El sobre-empleo horario se ha convertido en una estrategia de las mujeres profesionales para compensar las desigualdades salariales y la inflaci\u00f3n.&nbsp;En 2024, el 31% de ellas trabaj\u00f3 10 horas o m\u00e1s diarias,&nbsp;mostrando un incremento sostenido en las jornadas extendidas. Mientras que&nbsp;en 2019 era el 19%.<\/p>\n<div readability=\"12\"><img loading=\"lazy\" decoding=\"async\" class=\"alignnone size-medium wp-image-370731\" src=\"http:\/\/cordobadirecto.com\/wp-content\/uploads\/2025\/03\/mujeres-profesionales-en-cordoba-crece-precarizacion-y-solo-el-7-llega-a-cargos-gerenciales-1.jpg\" alt width=\"240\" height=\"300\" srcset=\"http:\/\/cordobadirecto.com\/wp-content\/uploads\/2025\/03\/mujeres-profesionales-en-cordoba-crece-precarizacion-y-solo-el-7-llega-a-cargos-gerenciales-1.jpg 240w, http:\/\/cordobadirecto.com\/wp-content\/uploads\/2025\/03\/mujeres-profesionales-en-cordoba-crece-precarizacion-y-solo-el-7-llega-a-cargos-gerenciales-6.jpg 819w, http:\/\/cordobadirecto.com\/wp-content\/uploads\/2025\/03\/mujeres-profesionales-en-cordoba-crece-precarizacion-y-solo-el-7-llega-a-cargos-gerenciales-7.jpg 768w, http:\/\/cordobadirecto.com\/wp-content\/uploads\/2025\/03\/mujeres-profesionales-en-cordoba-crece-precarizacion-y-solo-el-7-llega-a-cargos-gerenciales-8.jpg 750w, http:\/\/cordobadirecto.com\/wp-content\/uploads\/2025\/03\/mujeres-profesionales-en-cordoba-crece-precarizacion-y-solo-el-7-llega-a-cargos-gerenciales-9.jpg 1080w\" sizes=\"auto, (max-width: 240px) 100vw, 240px\"><br \/>Adem\u00e1s, el pluriempleo es una realidad para 4 de cada 10 mujeres, quienes combinan trabajos independientes con docencia o desempe\u00f1an funciones tanto en el sector p\u00fablico como en el privado. Estos datos reflejan un \u00abclima de \u00e9poca\u00bb donde el aumento de la carga laboral es una respuesta forzada ante la brecha de ingresos y las dificultades de ascenso en el \u00e1mbito profesional.<\/div>\n<div readability=\"14\">\n<p>El estudio confirma la persistencia del \u00abtecho de cristal\u00bb en el acceso de las mujeres a posiciones de liderazgo.&nbsp;Solo 26% de ellas alcanza cargos jer\u00e1rquicos, frente al 42% de los hombres,&nbsp;y apenas 7% logra posiciones gerenciales, en comparaci\u00f3n con el 17% de los varones.\n<\/p>\n<p><strong>Regulaci\u00f3n versus desregularizaci\u00f3n laboral<\/strong>\n<\/p>\n<\/div>\n<p>La regulaci\u00f3n laboral juega un papel clave en la reducci\u00f3n de la brecha. En los&nbsp;sectores con convenios colectivos de trabajo, la desigualdad salarial se reduce al 26%, mientras que en los trabajos informales asciende al 48%. En la locaci\u00f3n de servicios, donde se factura todos los meses a la misma organizaci\u00f3n sin acceder a los beneficios de una relaci\u00f3n de dependencia, la brecha es del 28%.<\/p>\n<p>\u201cEstos datos evidencian la urgencia de dise\u00f1ar pol\u00edticas p\u00fablicas y estrategias que garanticen la equidad de g\u00e9nero en el sector profesional.&nbsp;Si consideramos que cada vez son m\u00e1s las mujeres que se incorporan al mercado profesional cerrar las brechas econ\u00f3micas por g\u00e9nero es crucial para el logro de los derechos de las mujeres y tambi\u00e9n para avanzar en el desarrollo del pa\u00eds\u201d, concluy\u00f3 la&nbsp;presidenta de FEPUC, Eugenia Peisino.<\/p>\n<div class=\"g g-38\">\n<div class=\"g-dyn a-12 c-1\"><a class=\"gofollow\" data-track=\"MTIsMzgsMSw2MA==\" href=\"https:\/\/hospitalprivado.com.ar\/blog\/institucional\/somos-la-primera-institucion-del-interior-del-pais-en-acreditar-joint-commission-international.html\" target=\"_blank\" rel=\"noopener\"><img src=\"http:\/\/cordobadirecto.com\/wp-content\/uploads\/2025\/03\/mujeres-profesionales-en-cordoba-crece-precarizacion-y-solo-el-7-llega-a-cargos-gerenciales.gif\" loading=\"lazy\"><\/a><\/div>\n<\/div>\n","protected":false},"excerpt":{"rendered":"<p>&nbsp; &nbsp; En el marco del D\u00eda Internacional de la Mujer Trabajadora, el Observatorio de Profesionales (OPF) de FEPUC analiz\u00f3 la situaci\u00f3n laboral de las profesionales en la provincia de C\u00f3rdoba. El estudio, basado en los resultados de la&nbsp;Encuesta de Condiciones Laborales 2024&nbsp;realizada a 4.636 profesionales, expone la&nbsp;mayor precarizaci\u00f3n contractual y sobre-empleo horario en las [&hellip;]<\/p>\n","protected":false},"author":1,"featured_media":163131,"comment_status":"closed","ping_status":"closed","sticky":false,"template":"","format":"standard","meta":[],"categories":[25],"tags":[],"_links":{"self":[{"href":"http:\/\/cordobadirecto.com\/index.php\/wp-json\/wp\/v2\/posts\/163130"}],"collection":[{"href":"http:\/\/cordobadirecto.com\/index.php\/wp-json\/wp\/v2\/posts"}],"about":[{"href":"http:\/\/cordobadirecto.com\/index.php\/wp-json\/wp\/v2\/types\/post"}],"author":[{"embeddable":true,"href":"http:\/\/cordobadirecto.com\/index.php\/wp-json\/wp\/v2\/users\/1"}],"replies":[{"embeddable":true,"href":"http:\/\/cordobadirecto.com\/index.php\/wp-json\/wp\/v2\/comments?post=163130"}],"version-history":[{"count":0,"href":"http:\/\/cordobadirecto.com\/index.php\/wp-json\/wp\/v2\/posts\/163130\/revisions"}],"wp:featuredmedia":[{"embeddable":true,"href":"http:\/\/cordobadirecto.com\/index.php\/wp-json\/wp\/v2\/media\/163131"}],"wp:attachment":[{"href":"http:\/\/cordobadirecto.com\/index.php\/wp-json\/wp\/v2\/media?parent=163130"}],"wp:term":[{"taxonomy":"category","embeddable":true,"href":"http:\/\/cordobadirecto.com\/index.php\/wp-json\/wp\/v2\/categories?post=163130"},{"taxonomy":"post_tag","embeddable":true,"href":"http:\/\/cordobadirecto.com\/index.php\/wp-json\/wp\/v2\/tags?post=163130"}],"curies":[{"name":"wp","href":"https:\/\/api.w.org\/{rel}","templated":true}]}}