{"id":163135,"date":"2025-03-07T11:25:13","date_gmt":"2025-03-07T11:25:13","guid":{"rendered":"https:\/\/cordoba.gob.ar\/?p=75241"},"modified":"2025-03-07T11:25:13","modified_gmt":"2025-03-07T11:25:13","slug":"la-municipalidad-de-cordoba-y-las-universidades-ya-planifican-la-proxima-conferencia-del-observatorio-internacional-de-la-democracia-participativa","status":"publish","type":"post","link":"http:\/\/cordobadirecto.com\/index.php\/2025\/03\/07\/la-municipalidad-de-cordoba-y-las-universidades-ya-planifican-la-proxima-conferencia-del-observatorio-internacional-de-la-democracia-participativa\/","title":{"rendered":"La Municipalidad de C\u00f3rdoba y las universidades ya planifican la pr\u00f3xima Conferencia del Observatorio Internacional de la Democracia Participativa"},"content":{"rendered":"<div><img src=\"http:\/\/cordobadirecto.com\/wp-content\/uploads\/2025\/03\/la-municipalidad-de-cordoba-y-las-universidades-ya-planifican-la-proxima-conferencia-del-observatorio-internacional-de-la-democracia-participativa.jpg\" class=\"ff-og-image-inserted\"><\/div>\n<ul>\n<li data-prosemirror-content-type=\"node\" data-prosemirror-node-name=\"paragraph\" data-prosemirror-node-block=\"true\"><strong><strong>El evento se realizar\u00e1 el 21, 22 y 23 de mayo en nuestra ciudad.<\/strong><\/strong><br \/>\n<hr>\n<\/li>\n<\/ul>\n<p data-prosemirror-content-type=\"node\" data-prosemirror-node-name=\"paragraph\" data-prosemirror-node-block=\"true\">El intendente Daniel Passerini recibi\u00f3 a representantes de ocho universidades de la ciudad en el marco de los preparativos para la 24\u00b0 Conferencia del Observatorio Internacional de la Democracia Participativa (OIDP).<\/p>\n<p data-prosemirror-content-type=\"node\" data-prosemirror-node-name=\"paragraph\" data-prosemirror-node-block=\"true\">\u201cQueremos que en mayo la discusi\u00f3n nos deje conclusiones que podamos aplicar en C\u00f3rdoba para dar respuestas a la gente. Demostremos que la pol\u00edtica es capaz de transformar la realidad y de generar propuestas concretas\u201d, asegur\u00f3 el intendente.<\/p>\n<p data-prosemirror-content-type=\"node\" data-prosemirror-node-name=\"paragraph\" data-prosemirror-node-block=\"true\">Desde octubre, Passerini ejerce la presidencia pro t\u00e9mpore del OIDP, una red internacional de ciudades unidas en torno a la democracia participativa.<\/p>\n<p data-prosemirror-content-type=\"node\" data-prosemirror-node-name=\"paragraph\" data-prosemirror-node-block=\"true\">Por primera vez, esta conferencia se realizar\u00e1 en nuestra ciudad, que ya se consolid\u00f3 como una de las grandes anfitrionas de importantes eventos a nivel internacional.<\/p>\n<p data-prosemirror-content-type=\"node\" data-prosemirror-node-name=\"paragraph\" data-prosemirror-node-block=\"true\">Tendr\u00e1 lugar bajo el lema \u201cConectar, integrar y humanizar: Las ciudades ante el desaf\u00edo de generar comunidad\u201d y tres ejes tem\u00e1ticos:<\/p>\n<ul class=\"ak-ul\" data-prosemirror-content-type=\"node\" data-prosemirror-node-name=\"bulletList\" data-prosemirror-node-block=\"true\" readability=\"1\">\n<li data-prosemirror-content-type=\"node\" data-prosemirror-node-name=\"listItem\" data-prosemirror-node-block=\"true\" readability=\"-1\">\n<p data-prosemirror-content-type=\"node\" data-prosemirror-node-name=\"paragraph\" data-prosemirror-node-block=\"true\">La participaci\u00f3n ciudadana para la construcci\u00f3n de comunidad<\/p>\n<\/li>\n<li data-prosemirror-content-type=\"node\" data-prosemirror-node-name=\"listItem\" data-prosemirror-node-block=\"true\" readability=\"0\">\n<p data-prosemirror-content-type=\"node\" data-prosemirror-node-name=\"paragraph\" data-prosemirror-node-block=\"true\">Descentralizaci\u00f3n administrativa, operativa y pol\u00edtica de las ciudades<\/p>\n<\/li>\n<li data-prosemirror-content-type=\"node\" data-prosemirror-node-name=\"listItem\" data-prosemirror-node-block=\"true\" readability=\"0\">\n<p data-prosemirror-content-type=\"node\" data-prosemirror-node-name=\"paragraph\" data-prosemirror-node-block=\"true\">Ciudadan\u00eda y gobierno en la era digital: nuevas tecnolog\u00edas y los desaf\u00edos de la inteligencia artificial en la gesti\u00f3n p\u00fablica<\/p>\n<\/li>\n<\/ul>\n<p data-prosemirror-content-type=\"node\" data-prosemirror-node-name=\"paragraph\" data-prosemirror-node-block=\"true\">Estuvieron presentes por parte de la UNC el decano de la Facultad de Derecho, Guillermo Barrera Buteler, y el secretario de Graduados, Agust\u00edn Cohen; la rectora normalizadora de la UPC, Julia Oliva C\u00faneo, y el vicerrector normalizador, Daniel Artaza; el decano del Instituto Acad\u00e9mico Pedag\u00f3gico de Ciencias Sociales de la UNVM, Gabriel Suarez; la vicerrectora de Investigaci\u00f3n, Innovaci\u00f3n y Posgrado de la Universidad Blas Pascal, Pamela C\u00e1ceres.<\/p>\n<p data-prosemirror-content-type=\"node\" data-prosemirror-node-name=\"paragraph\" data-prosemirror-node-block=\"true\">Tambi\u00e9n participaron el director del MBA en ICDA de la Universidad Cat\u00f3lica de C\u00f3rdoba, Mariano Mosquera; la directora de la Carrera de Contador P\u00fablico de la universidad Siglo 21, Anal\u00eda Nievas el secretario de Extensi\u00f3n del Instituto Aeron\u00e1utico Universitario, Daniel Rodr\u00edguez; el director General del Instituto Latinoamericano de Gobierno y Pol\u00edticas P\u00fablicas (ILAGOP), Pablo Eduardo Neder.<\/p>\n<p data-prosemirror-content-type=\"node\" data-prosemirror-node-name=\"paragraph\" data-prosemirror-node-block=\"true\">Las universidades realizaron sus aportes como representantes del Consejo Acad\u00e9mico Consultivo de esta 24\u00b0 edici\u00f3n, compartiendo estrategias y experiencias propias con el fin de enriquecer el encuentro.<\/p>\n<p data-prosemirror-content-type=\"node\" data-prosemirror-node-name=\"paragraph\" data-prosemirror-node-block=\"true\">De la reuni\u00f3n tambi\u00e9n participaron el secretario de Participaci\u00f3n Ciudadana y Juventud, Juan Domingo Viola; de Gobierno, Fiscalizaci\u00f3n y Control, Rodrigo Fern\u00e1ndez: su par de Integraci\u00f3n Regional y Vinculaci\u00f3n Institucional, Alberto Ambrosio; y el director ejecutivo del IPLAMU, Juan Carlos Mansilla.<\/p>\n<p data-prosemirror-content-type=\"node\" data-prosemirror-node-name=\"paragraph\" data-prosemirror-node-block=\"true\">La elecci\u00f3n de C\u00f3rdoba para ser sede de este evento refleja el gran compromiso asumido por nuestra ciudad en los \u00faltimos a\u00f1os con la participaci\u00f3n ciudadana, la descentralizaci\u00f3n y las pol\u00edticas p\u00fablicas impulsadas por y para los vecinos.<\/p>\n<p data-prosemirror-content-type=\"node\" data-prosemirror-node-name=\"paragraph\" data-prosemirror-node-block=\"true\">La conferencia tendr\u00e1 lugar en nuestra ciudad los pr\u00f3ximos 21, 22 y 23 de mayo. Las inscripciones gratuitas ya est\u00e1n habilitadas en el <a href=\"https:\/\/yoparticipo.cordoba.gob.ar\/oidp\/\">sitio web<\/a>.<\/p>\n","protected":false},"excerpt":{"rendered":"<p>El evento se realizar\u00e1 el 21, 22 y 23 de mayo en nuestra ciudad. El intendente Daniel Passerini recibi\u00f3 a representantes de ocho universidades de la ciudad en el marco de los preparativos para la 24\u00b0 Conferencia del Observatorio Internacional de la Democracia Participativa (OIDP). \u201cQueremos que en mayo la discusi\u00f3n nos deje conclusiones que [&hellip;]<\/p>\n","protected":false},"author":1,"featured_media":163136,"comment_status":"closed","ping_status":"closed","sticky":false,"template":"","format":"standard","meta":[],"categories":[44],"tags":[],"_links":{"self":[{"href":"http:\/\/cordobadirecto.com\/index.php\/wp-json\/wp\/v2\/posts\/163135"}],"collection":[{"href":"http:\/\/cordobadirecto.com\/index.php\/wp-json\/wp\/v2\/posts"}],"about":[{"href":"http:\/\/cordobadirecto.com\/index.php\/wp-json\/wp\/v2\/types\/post"}],"author":[{"embeddable":true,"href":"http:\/\/cordobadirecto.com\/index.php\/wp-json\/wp\/v2\/users\/1"}],"replies":[{"embeddable":true,"href":"http:\/\/cordobadirecto.com\/index.php\/wp-json\/wp\/v2\/comments?post=163135"}],"version-history":[{"count":0,"href":"http:\/\/cordobadirecto.com\/index.php\/wp-json\/wp\/v2\/posts\/163135\/revisions"}],"wp:featuredmedia":[{"embeddable":true,"href":"http:\/\/cordobadirecto.com\/index.php\/wp-json\/wp\/v2\/media\/163136"}],"wp:attachment":[{"href":"http:\/\/cordobadirecto.com\/index.php\/wp-json\/wp\/v2\/media?parent=163135"}],"wp:term":[{"taxonomy":"category","embeddable":true,"href":"http:\/\/cordobadirecto.com\/index.php\/wp-json\/wp\/v2\/categories?post=163135"},{"taxonomy":"post_tag","embeddable":true,"href":"http:\/\/cordobadirecto.com\/index.php\/wp-json\/wp\/v2\/tags?post=163135"}],"curies":[{"name":"wp","href":"https:\/\/api.w.org\/{rel}","templated":true}]}}