{"id":163170,"date":"2025-03-10T17:20:01","date_gmt":"2025-03-10T17:20:01","guid":{"rendered":"http:\/\/cordobadirecto.com\/index.php\/2025\/03\/10\/baja-palabra-como-se-gesto-la-foto-de-llaryora-con-el-ministro-toto-caputo-la-voz\/"},"modified":"2025-03-10T17:20:01","modified_gmt":"2025-03-10T17:20:01","slug":"baja-palabra-como-se-gesto-la-foto-de-llaryora-con-el-ministro-toto-caputo-la-voz","status":"publish","type":"post","link":"http:\/\/cordobadirecto.com\/index.php\/2025\/03\/10\/baja-palabra-como-se-gesto-la-foto-de-llaryora-con-el-ministro-toto-caputo-la-voz\/","title":{"rendered":"Baja palabra. C\u00f3mo se gest\u00f3 la foto de Llaryora con el ministro \u201cToto\u201d Caputo &#8211; La Voz"},"content":{"rendered":"<p>&#8230; <b>Econom\u00eda<\/b> y Gesti\u00f3n P\u00fablica de <b>C\u00f3rdoba<\/b>, Guillermo Acosta. &#8230; Passerini anunci\u00f3 ahora la construcci\u00f3n de una <b>nueva<\/b> escuela en el barrio Villa In\u00e9s. <\/p>\n","protected":false},"excerpt":{"rendered":"<p>&#8230; Econom\u00eda y Gesti\u00f3n P\u00fablica de C\u00f3rdoba, Guillermo Acosta. &#8230; Passerini anunci\u00f3 ahora la construcci\u00f3n de una nueva escuela en el barrio Villa In\u00e9s.<\/p>\n","protected":false},"author":1,"featured_media":0,"comment_status":"closed","ping_status":"closed","sticky":false,"template":"","format":"standard","meta":[],"categories":[40],"tags":[],"_links":{"self":[{"href":"http:\/\/cordobadirecto.com\/index.php\/wp-json\/wp\/v2\/posts\/163170"}],"collection":[{"href":"http:\/\/cordobadirecto.com\/index.php\/wp-json\/wp\/v2\/posts"}],"about":[{"href":"http:\/\/cordobadirecto.com\/index.php\/wp-json\/wp\/v2\/types\/post"}],"author":[{"embeddable":true,"href":"http:\/\/cordobadirecto.com\/index.php\/wp-json\/wp\/v2\/users\/1"}],"replies":[{"embeddable":true,"href":"http:\/\/cordobadirecto.com\/index.php\/wp-json\/wp\/v2\/comments?post=163170"}],"version-history":[{"count":0,"href":"http:\/\/cordobadirecto.com\/index.php\/wp-json\/wp\/v2\/posts\/163170\/revisions"}],"wp:attachment":[{"href":"http:\/\/cordobadirecto.com\/index.php\/wp-json\/wp\/v2\/media?parent=163170"}],"wp:term":[{"taxonomy":"category","embeddable":true,"href":"http:\/\/cordobadirecto.com\/index.php\/wp-json\/wp\/v2\/categories?post=163170"},{"taxonomy":"post_tag","embeddable":true,"href":"http:\/\/cordobadirecto.com\/index.php\/wp-json\/wp\/v2\/tags?post=163170"}],"curies":[{"name":"wp","href":"https:\/\/api.w.org\/{rel}","templated":true}]}}