{"id":163171,"date":"2025-03-10T21:00:28","date_gmt":"2025-03-10T21:00:28","guid":{"rendered":"https:\/\/cordoba.gob.ar\/?p=75333"},"modified":"2025-03-10T21:00:28","modified_gmt":"2025-03-10T21:00:28","slug":"passerini-acompano-a-llaryora-en-el-llamado-a-licitacion-de-los-ultimos-tramos-de-la-autopista-nacional-ruta-19-que-conectara-cordoba-y-san-francisco","status":"publish","type":"post","link":"http:\/\/cordobadirecto.com\/index.php\/2025\/03\/10\/passerini-acompano-a-llaryora-en-el-llamado-a-licitacion-de-los-ultimos-tramos-de-la-autopista-nacional-ruta-19-que-conectara-cordoba-y-san-francisco\/","title":{"rendered":"Passerini acompa\u00f1\u00f3 a Llaryora en el llamado a licitaci\u00f3n de los \u00faltimos tramos de la Autopista Nacional Ruta 19, que conectar\u00e1 C\u00f3rdoba y San Francisco"},"content":{"rendered":"<div><img src=\"http:\/\/cordobadirecto.com\/wp-content\/uploads\/2025\/03\/passerini-acompano-a-llaryora-en-el-llamado-a-licitacion-de-los-ultimos-tramos-de-la-autopista-nacional-ruta-19-que-conectara-cordoba-y-san-francisco.jpg\" class=\"ff-og-image-inserted\"><\/div>\n<ul class=\"ak-ul\" data-prosemirror-content-type=\"node\" data-prosemirror-node-name=\"bulletList\" data-prosemirror-node-block=\"true\" readability=\"2\">\n<li data-prosemirror-content-type=\"node\" data-prosemirror-node-name=\"listItem\" data-prosemirror-node-block=\"true\" readability=\"-1\">\n<p data-prosemirror-content-type=\"node\" data-prosemirror-node-name=\"paragraph\" data-prosemirror-node-block=\"true\"><strong>La inversi\u00f3n alcanza los $167 mil millones.<\/strong><\/p>\n<\/li>\n<li data-prosemirror-content-type=\"node\" data-prosemirror-node-name=\"listItem\" data-prosemirror-node-block=\"true\" readability=\"2\">\n<p data-prosemirror-content-type=\"node\" data-prosemirror-node-name=\"paragraph\" data-prosemirror-node-block=\"true\"><strong>La obra mejorar\u00e1 la seguridad vial, potenciar\u00e1 la producci\u00f3n, el turismo y fortalecer\u00e1 la conexi\u00f3n con Santa Fe y el Mercosur.<\/strong><\/p>\n<\/li>\n<li data-prosemirror-content-type=\"node\" data-prosemirror-node-name=\"listItem\" data-prosemirror-node-block=\"true\" readability=\"0\">\n<p data-prosemirror-content-type=\"node\" data-prosemirror-node-name=\"paragraph\" data-prosemirror-node-block=\"true\"><strong>Los dos tramos restantes unen Arroyito con Santiago Temple, y San Francisco a Ca\u00f1ada Jeanmaire.<\/strong><\/p>\n<\/li>\n<\/ul>\n<hr>\n<p data-prosemirror-content-type=\"node\" data-prosemirror-node-name=\"paragraph\" data-prosemirror-node-block=\"true\">El intendente Daniel Passerini particip\u00f3 este lunes en el llamado a licitaci\u00f3n de una obra fundamental que realizar\u00e1 el Gobierno Provincial: la finalizaci\u00f3n de los dos tramos restantes de la autopista en la Ruta Nacional 19. El anuncio fue realizado por el gobernador Mart\u00edn Llaryora en el Centro C\u00edvico del Bicentenario.<\/p>\n<p data-prosemirror-content-type=\"node\" data-prosemirror-node-name=\"paragraph\" data-prosemirror-node-block=\"true\">La inversi\u00f3n ser\u00e1 de 167 mil millones de pesos y los trabajos garantizar\u00e1n una conexi\u00f3n segura y eficiente entre C\u00f3rdoba Capital y los departamentos R\u00edo Primero, R\u00edo Segundo y San Justo, hasta la localidad de San Francisco.<\/p>\n<p data-prosemirror-content-type=\"node\" data-prosemirror-node-name=\"paragraph\" data-prosemirror-node-block=\"true\">De esta manera, el Gobierno de C\u00f3rdoba asume el compromiso de continuar hasta finalizar esta autopista clave, responsabilidad de competencia original del Estado Nacional.<\/p>\n<p data-prosemirror-content-type=\"node\" data-prosemirror-node-name=\"paragraph\" data-prosemirror-node-block=\"true\">\u201cEn un d\u00eda hist\u00f3rico, importante para C\u00f3rdoba, para Santa Fe, para Regi\u00f3n Centro y para el Mercosur\u201d, fundament\u00f3 Llaryora durante el acto de llamado a licitaci\u00f3n.<\/p>\n<p data-prosemirror-content-type=\"node\" data-prosemirror-node-name=\"paragraph\" data-prosemirror-node-block=\"true\">El gobernador resalt\u00f3 la importancia productiva y humana de los trabajos de infraestructura: \u201cHoy le venimos a decir a todos nuestros vecinos y tambi\u00e9n a todos los argentinos que no podemos ni vamos a esperar m\u00e1s, vamos a poner fin a la ruta de la muerte transform\u00e1ndola en la ruta de la vida y el progreso\u201d<\/p>\n<p data-prosemirror-content-type=\"node\" data-prosemirror-node-name=\"paragraph\" data-prosemirror-node-block=\"true\">Por su parte, el intendente Passerini destac\u00f3 el trabajo junto al gobernador Llaryora, en una obra que calific\u00f3 de \u201cnecesaria, fundamental y estrat\u00e9gica\u201d.<\/p>\n<p data-prosemirror-content-type=\"node\" data-prosemirror-node-name=\"paragraph\" data-prosemirror-node-block=\"true\">\u201cFederalismo, regionalizaci\u00f3n, integraci\u00f3n potencial con el Mercosur son todas cuestiones que los gobiernos nacionales lamentablemente hace muchos a\u00f1os desconocen, pero que nuestra provincia no solo necesita, sino que las ejecuta\u201d, expres\u00f3 Passerini durante el acto.<\/p>\n<p data-prosemirror-content-type=\"node\" data-prosemirror-node-name=\"paragraph\" data-prosemirror-node-block=\"true\">El titular del Palacio 6 de Julio tambi\u00e9n valor\u00f3 la fuerte inversi\u00f3n en la materia realizada por los gobiernos provinciales en los \u00faltimos 25 a\u00f1os. \u201cC\u00f3rdoba demuestra que las obras de infraestructura y la obra p\u00fablica son una necesidad y es un mandato de la gente para que nuestra provincia se desarrolle, para que nuestros pueblos se integren y fundamentalmente para que se genere trabajo\u201d, detall\u00f3.<\/p>\n<p data-prosemirror-content-type=\"node\" data-prosemirror-node-name=\"paragraph\" data-prosemirror-node-block=\"true\">Del acto particip\u00f3 tambi\u00e9n el ministro de Infraestructura y Servicios P\u00fablicos, Fabi\u00e1n L\u00f3pez, junto a los intendentes de San Francisco y Arroyito, Dami\u00e1n Bernarte y Gustavo Benedetti, respectivamente.<\/p>\n<p data-prosemirror-content-type=\"node\" data-prosemirror-node-name=\"paragraph\" data-prosemirror-node-block=\"true\">Adem\u00e1s, estuvieron presentes, los ministros de Gobierno, Manuel Calvo; de Vinculaci\u00f3n Comunitaria, Daniel Pastore; de Cooperativas y Mutuales, Gustavo Brand\u00e1n; de Desarrollo Social y Promoci\u00f3n del Empleo, Laura Jure; el diputado nacional, Ignacio Garc\u00eda Aresca; el presidente de Caminos de las Sierras, Julio Ba\u00f1uelos; los secretarios generales de UOCRA, N\u00e9stor Chavarr\u00eda, y de los mandos medios de la construcci\u00f3n y peajes, Gustavo Rossi; e intendentes y jefes comunales de localidades de los departamentos Col\u00f3n, R\u00edo Primero, R\u00edo Segundo y San Justo.<\/p>\n<p data-prosemirror-content-type=\"node\" data-prosemirror-node-name=\"paragraph\" data-prosemirror-node-block=\"true\"><strong data-prosemirror-content-type=\"mark\" data-prosemirror-mark-name=\"strong\">La obra<\/strong><\/p>\n<p data-prosemirror-content-type=\"node\" data-prosemirror-node-name=\"paragraph\" data-prosemirror-node-block=\"true\">Tristemente conocida como \u201cLa ruta de la muerte\u201d, la obra de infraestructura busca transformarla en una autov\u00eda que impulse la producci\u00f3n, el turismo y mejore la seguridad vial, fortaleciendo la conexi\u00f3n de C\u00f3rdoba con Santa Fe y el Mercosur.<\/p>\n<p data-prosemirror-content-type=\"node\" data-prosemirror-node-name=\"paragraph\" data-prosemirror-node-block=\"true\">Actualmente, por esa arteria circulan m\u00e1s de 3 millones de veh\u00edculos por a\u00f1o y une C\u00f3rdoba Capital con la localidad de Santo Tom\u00e9, en Santa Fe. Es una v\u00eda de comunicaci\u00f3n estrat\u00e9gica utilizada tanto por el tr\u00e1nsito nacional como internacional.<\/p>\n<p data-prosemirror-content-type=\"node\" data-prosemirror-node-name=\"paragraph\" data-prosemirror-node-block=\"true\">En total, los trabajos se desarrollar\u00e1n a lo largo de 62,9 kil\u00f3metros divididos en dos segmentos: Arroyito \u2013 Santiago Temple y San Francisco \u2013 Ca\u00f1ada Jeanmaire. La autopista tendr\u00e1 dos carriles por sentido de circulaci\u00f3n con control total de accesos y colectoras.<\/p>\n<p data-prosemirror-content-type=\"node\" data-prosemirror-node-name=\"paragraph\" data-prosemirror-node-block=\"true\">El primero comprende la construcci\u00f3n de 29,4 kil\u00f3metros que unen el distribuidor ubicado a la altura de Arroyito y las calzadas ya construidas en la zona pr\u00f3xima a la localidad de Santiago Temple.<\/p>\n<p data-prosemirror-content-type=\"node\" data-prosemirror-node-name=\"paragraph\" data-prosemirror-node-block=\"true\">El segundo es un tramo de 34 kil\u00f3metros de extensi\u00f3n que se desarrollar\u00e1 entre la ciudad de San Francisco y Ca\u00f1ada JeanMaire.<\/p>\n<p data-prosemirror-content-type=\"node\" data-prosemirror-node-name=\"paragraph\" data-prosemirror-node-block=\"true\">La obra se ejecutar\u00e1 entre el&nbsp; distribuidor ubicado en la intersecci\u00f3n de la Ruta Nacional 158 hasta el empalme con las calzadas ya construidas del tramo siguiente, en la zona de Ca\u00f1ada Jeanmaire. Consistir\u00e1 en la construcci\u00f3n de traza nueva y duplicaci\u00f3n de calzada existente, de acuerdo al sector.<\/p>\n","protected":false},"excerpt":{"rendered":"<p>La inversi\u00f3n alcanza los $167 mil millones. La obra mejorar\u00e1 la seguridad vial, potenciar\u00e1 la producci\u00f3n, el turismo y fortalecer\u00e1 la conexi\u00f3n con Santa Fe y el Mercosur. Los dos tramos restantes unen Arroyito con Santiago Temple, y San Francisco a Ca\u00f1ada Jeanmaire. El intendente Daniel Passerini particip\u00f3 este lunes en el llamado a licitaci\u00f3n [&hellip;]<\/p>\n","protected":false},"author":1,"featured_media":163172,"comment_status":"closed","ping_status":"closed","sticky":false,"template":"","format":"standard","meta":[],"categories":[44],"tags":[],"_links":{"self":[{"href":"http:\/\/cordobadirecto.com\/index.php\/wp-json\/wp\/v2\/posts\/163171"}],"collection":[{"href":"http:\/\/cordobadirecto.com\/index.php\/wp-json\/wp\/v2\/posts"}],"about":[{"href":"http:\/\/cordobadirecto.com\/index.php\/wp-json\/wp\/v2\/types\/post"}],"author":[{"embeddable":true,"href":"http:\/\/cordobadirecto.com\/index.php\/wp-json\/wp\/v2\/users\/1"}],"replies":[{"embeddable":true,"href":"http:\/\/cordobadirecto.com\/index.php\/wp-json\/wp\/v2\/comments?post=163171"}],"version-history":[{"count":0,"href":"http:\/\/cordobadirecto.com\/index.php\/wp-json\/wp\/v2\/posts\/163171\/revisions"}],"wp:featuredmedia":[{"embeddable":true,"href":"http:\/\/cordobadirecto.com\/index.php\/wp-json\/wp\/v2\/media\/163172"}],"wp:attachment":[{"href":"http:\/\/cordobadirecto.com\/index.php\/wp-json\/wp\/v2\/media?parent=163171"}],"wp:term":[{"taxonomy":"category","embeddable":true,"href":"http:\/\/cordobadirecto.com\/index.php\/wp-json\/wp\/v2\/categories?post=163171"},{"taxonomy":"post_tag","embeddable":true,"href":"http:\/\/cordobadirecto.com\/index.php\/wp-json\/wp\/v2\/tags?post=163171"}],"curies":[{"name":"wp","href":"https:\/\/api.w.org\/{rel}","templated":true}]}}