{"id":16318,"date":"2021-08-31T22:38:24","date_gmt":"2021-08-31T22:38:24","guid":{"rendered":"https:\/\/www.ole.com.ar\/futbol-ascenso\/ferro-instituto_0_MTZ9JGz6i.html"},"modified":"2021-08-31T22:38:24","modified_gmt":"2021-08-31T22:38:24","slug":"ferro-gano-y-se-subio-al-trencito","status":"publish","type":"post","link":"http:\/\/cordobadirecto.com\/index.php\/2021\/08\/31\/ferro-gano-y-se-subio-al-trencito\/","title":{"rendered":"Ferro gan\u00f3 y se subi\u00f3 al trencito"},"content":{"rendered":"<div><img src=\"http:\/\/cordobadirecto.com\/wp-content\/uploads\/2021\/08\/ferro-gano-y-se-subio-al-trencito.jpg\" class=\"ff-og-image-inserted\"><\/div>\n<p>Con el tren a punto de salir de la estaci\u00f3n rumbo a la pelea del campeonato, Ferro dio un golpe de tim\u00f3n y decidi\u00f3 cambiar de conductor. Hace un par de fechas nom\u00e1s, la dirigencia se inclin\u00f3 por finalizar el ciclo de Diego Osella y llamar a dos especialistas de la categor\u00eda: la dupla Orsi-G\u00f3mez. Si bien les cost\u00f3 el comienzo (empate con G\u00fcemes y derrota con Mor\u00f3n en sus dos primeras presentaciones), los entrenadores le dieron un cambio de cara a un equipo que le sobra jerarqu\u00eda pero que le faltaban muchos condimentos necesarios para subirse al vag\u00f3n a tiempo. Y si necesitaba algo para confirmar esa mejor\u00eda en la actitud, lo demostr\u00f3 frente a Instituto en Caballito: dio vuelta el resultado, lleg\u00f3 a cuatro partidos sin derrotas y qued\u00f3 cerquita de los puestos de clasificaci\u00f3n al Reducido.<\/p>\n<p>Oeste demostr\u00f3 tener dos caras: una en el primer tiempo y otra muy diferente en el complemento, un aspecto que debe mejorar para evitar sufrir de m\u00e1s. En el PT, la Gloria se apoder\u00f3 de la pelota y, con la tranquilidad de la apertura del marcador por medio del penal de Hugo Vera Oviedo, jug\u00f3 con la desesperaci\u00f3n de un rival que estuvo perdido en su propia casa.<\/p>\n<p>Y entonces el Verde reaccion\u00f3 en la segunda parte. Clave fue la aparici\u00f3n goleadora de Emiliano Ellac\u00f3pulos, uno de los m\u00e1s regulares en los \u00faltimos encuentros. A falta de Brian Fern\u00e1ndez, el volante se hizo cargo de la 10 y no le pes\u00f3 la responsabilidad: meti\u00f3 el empate parcial que surgi\u00f3 efecto de golpe an\u00edmico. A partir de ah\u00ed, el equipo mejor\u00f3, encontr\u00f3 los espacios que no tuvo antes y, con un doblete de Tom\u00e1s Molina, le dio forma a un triunfazo para convencerse de que todav\u00eda es posible luchar por uno de los ascensos a la Liga Profesional. Y como si faltara alg\u00fan condimento, en la pr\u00f3xima fecha se enfrentar\u00e1 a Barracas, el l\u00edder del torneo.<\/p>\n<p> <opta-widget sport=\"football\" widget=\"timeline\" competition=\"627\" season=\"2021\" match=\"2233892\" template=\"normal\" live=\"true\" orientation=\"horizontal\" vertical_timebar_height=\"260\" show_match_header=\"true\" show_score=\"true\" show_crests=\"true\" show_assists=\"all\" show_team_formation=\"true\" show_clock=\"true\" show_period_dividers=\"true\" show_halftime_score=\"false\" show_date=\"true\" date_format=\"dddd D MMMM YYYY\" show_attendance=\"true\" show_images=\"true\" show_referee=\"true\" show_venue=\"true\" show_cards=\"all\" show_goals=\"true\" show_penalties_missed=\"true\" show_subs=\"false\" show_goals_combined=\"false\" show_shootouts=\"false\" show_competition_name=\"true\" competition_naming=\"full\" team_naming=\"full\" player_naming=\"full\" show_live=\"true\" show_logo=\"false\" show_title=\"true\" breakpoints=\"400, 700\"><\/opta-widget><opta-widget sport=\"football\" widget=\"matchstats\" competition=\"627\" season=\"2021\" match=\"2233892\" template=\"lineups\" live=\"true\" side=\"both\" column_count=\"1\" side_by_side=\"true\" show_match_header=\"true\" show_score=\"true\" show_halftime_score=\"false\" show_crests=\"false\" show_team_formation=\"true\" show_competition_name=\"true\" show_date=\"false\" date_format=\"dddd D MMMM YYYY\" order_by=\"position\" group_by_position=\"false\" show_position=\"true\" show_images=\"false\" show_key=\"false\" show_starters=\"true\" show_goalkeepers=\"true\" show_defenders=\"true\" show_midfielders=\"true\" show_forwards=\"true\" show_subs=\"true\" show_unused_subs=\"false\" show_managers=\"true\" show_captain=\"false\" show_match_events=\"true\" competition_naming=\"full\" team_naming=\"full\" player_naming=\"full\" show_live=\"false\" show_logo=\"false\" show_title=\"true\" breakpoints=\"400, 700\"><\/opta-widget><opta-widget widget=\"commentary\" competition=\"627\" season=\"2021\" match=\"2233892\" template=\"normal\" live=\"true\" data_type=\"auto\" order_by=\"time_descending\" show_event_icons=\"true\" show_minor_events=\"true\" fixed_height_comments=\"300\" show_live=\"true\" show_logo=\"false\" show_title=\"true\" breakpoints=\"400\" sport=\"football\"><\/opta-widget><opta-widget sport=\"football\" widget=\"heatmap\" competition=\"627\" season=\"2021\" match=\"2233892\" preselected_player template=\"normal\" live=\"true\" show_maps=\"all\" orientation=\"horizontal\" side=\"both\" dimension=\"2D\" one_direction=\"false\" show_match_header=\"true\" show_score=\"true\" show_halftime_score=\"false\" show_crests=\"false\" show_team_formation=\"true\" show_competition_name=\"true\" show_date=\"true\" date_format=\"dddd D MMMM YYYY\" show_team_sheets=\"true\" show_subs=\"true\" show_position=\"true\" show_timecontrols=\"true\" show_timecontrols_buttons=\"true\" show_timecontrols_bar=\"true\" show_tooltips=\"false\" competition_naming=\"full\" team_naming=\"full\" player_naming=\"full\" show_logo=\"false\" show_title=\"true\" breakpoints=\"400, 700\"><\/opta-widget><opta-widget sport=\"football\" widget=\"standings\" competition=\"627\" season=\"2021\" match=\"2233892\" team template=\"normal\" live=\"true\" default_nav=\"1\" side=\"combined\" data_detail=\"default\" show_key=\"false\" show_crests=\"false\" points_in_first_column=\"false\" lose_before_draw=\"false\" show_form=\"0\" competition_naming=\"full\" team_naming=\"full\" date_format=\"dddd D MMMM YYYY\" sorting=\"true\" show_live=\"false\" show_relegation_average=\"true\" show_logo=\"false\" show_title=\"true\" breakpoints=\"300\"><\/opta-widget> <\/p>\n<div class=\"entry-tags\">\n<h2>TEMAS QUE APARECEN EN ESTA NOTA<\/h2>\n<\/p><\/div>\n","protected":false},"excerpt":{"rendered":"<p>Con el tren a punto de salir de la estaci\u00f3n rumbo a la pelea del campeonato, Ferro dio un golpe de tim\u00f3n y decidi\u00f3 cambiar de conductor. Hace un par de fechas nom\u00e1s, la dirigencia se inclin\u00f3 por finalizar el ciclo de Diego Osella y llamar a dos especialistas de la categor\u00eda: la dupla Orsi-G\u00f3mez. [&hellip;]<\/p>\n","protected":false},"author":1,"featured_media":16319,"comment_status":"closed","ping_status":"closed","sticky":false,"template":"","format":"standard","meta":[],"categories":[21],"tags":[],"_links":{"self":[{"href":"http:\/\/cordobadirecto.com\/index.php\/wp-json\/wp\/v2\/posts\/16318"}],"collection":[{"href":"http:\/\/cordobadirecto.com\/index.php\/wp-json\/wp\/v2\/posts"}],"about":[{"href":"http:\/\/cordobadirecto.com\/index.php\/wp-json\/wp\/v2\/types\/post"}],"author":[{"embeddable":true,"href":"http:\/\/cordobadirecto.com\/index.php\/wp-json\/wp\/v2\/users\/1"}],"replies":[{"embeddable":true,"href":"http:\/\/cordobadirecto.com\/index.php\/wp-json\/wp\/v2\/comments?post=16318"}],"version-history":[{"count":0,"href":"http:\/\/cordobadirecto.com\/index.php\/wp-json\/wp\/v2\/posts\/16318\/revisions"}],"wp:featuredmedia":[{"embeddable":true,"href":"http:\/\/cordobadirecto.com\/index.php\/wp-json\/wp\/v2\/media\/16319"}],"wp:attachment":[{"href":"http:\/\/cordobadirecto.com\/index.php\/wp-json\/wp\/v2\/media?parent=16318"}],"wp:term":[{"taxonomy":"category","embeddable":true,"href":"http:\/\/cordobadirecto.com\/index.php\/wp-json\/wp\/v2\/categories?post=16318"},{"taxonomy":"post_tag","embeddable":true,"href":"http:\/\/cordobadirecto.com\/index.php\/wp-json\/wp\/v2\/tags?post=16318"}],"curies":[{"name":"wp","href":"https:\/\/api.w.org\/{rel}","templated":true}]}}