{"id":163200,"date":"2025-03-11T10:41:43","date_gmt":"2025-03-11T10:41:43","guid":{"rendered":"https:\/\/www.ole.com.ar\/futbol-ascenso\/ascenso-primera-nacional-gimnasia-tiro-ferro_0_mwUDzAeOOy.html"},"modified":"2025-03-11T10:41:43","modified_gmt":"2025-03-11T10:41:43","slug":"ferro-consiguio-el-primer-triunfo-del-ano-se-le-dio-vuelta-a-gimnasia-y-tiro","status":"publish","type":"post","link":"http:\/\/cordobadirecto.com\/index.php\/2025\/03\/11\/ferro-consiguio-el-primer-triunfo-del-ano-se-le-dio-vuelta-a-gimnasia-y-tiro\/","title":{"rendered":"Ferro consigui\u00f3 el primer triunfo del a\u00f1o: se le dio vuelta a Gimnasia y Tiro"},"content":{"rendered":"<p><span class=\"createDate\">02\/03\/2025 21:13hs.<\/span><time class=\"modificatedDate\" datetime=\"2025-03-02T21:39:03-03:00\"> Actualizado al 02\/03\/2025 21:39hs.<\/time><\/p>\n<div id=\"storyBody\">\n<div class=\"custom-text \" readability=\"37\">\n<p>Necesitaba encontrarse con la victoria. Necesitaba dejar atr\u00e1s el flojo inicio en la temporada. <strong>Ferro se arm\u00f3 para pelear bien arriba, pero ven\u00eda defraudando en los primeros partidos de la Primera Nacional. Y cuando parec\u00eda que en Salta iba por el mismo camino, el equipo reaccion\u00f3 en el complemento por medio de Rodrigo Ayala encendido y celebr\u00f3 ante Gimnasia y Tiro.<\/strong><\/p>\n<\/div>\n<div class=\"custom-text \" readability=\"36\">\n<p><strong>El Verde entr\u00f3 dormido en el Norte y comenz\u00f3 perdiendo en el primer tiempo por una distracci\u00f3n en una pelota parada y la aparici\u00f3n goleadora de Nicol\u00e1s Rinaldi. <\/strong>La desventaja hizo que la visita no hiciera pie en la cancha, le costara acomodarse al tr\u00e1mite del juego y le quedara demasiado lejos el arco de Federico Abad\u00eda.<\/p>\n<\/div>\n<div class=\"sc-e7b891c4-0 ifHnQL image-embed\"><img alt=\"Ferro se hizo fuerte en Salta. (Foto: Prensa Ferro).\" loading=\"lazy\" width=\"720\" height=\"100\" decoding=\"async\" data-nimg=\"1\" src=\"http:\/\/cordobadirecto.com\/wp-content\/uploads\/2025\/03\/ferro-consiguio-el-primer-triunfo-del-ano-se-le-dio-vuelta-a-gimnasia-y-tiro.jpg\"><span class=\"epigraphe\">Ferro se hizo fuerte en Salta. (Foto: Prensa Ferro).<\/span><\/div>\n<div class=\"custom-text \" readability=\"38\">\n<p>La situaci\u00f3n cambi\u00f3 en la segunda parte,<strong> cuando Ayala se hizo cargo de un tiro libre que se termin\u00f3 metiendo tras el desv\u00edo clave en Nicol\u00e1s Cont\u00edn, el ex delantero de Gimnasia de La Plata. Ah\u00ed, Oeste fue a la carga y se top\u00f3 con un golazo del ex lateral de San Telmo: captur\u00f3 una pelota perdida en el borde del \u00e1rea grande y le dio un zurdazo que se clav\u00f3 en el \u00e1ngulo. Ayala ten\u00e9s la victoria.<\/strong><\/p>\n<\/div>\n<p><h2><strong>Habl\u00f3 el DT<\/strong><\/h2>\n<\/p>\n<div class=\"custom-text \" readability=\"38\">\n<p>Pu\u00f1o apretado, sonrisa de oreja a oreja y mucha felicidad. As\u00ed se lo vio a Alfredo Grelak luego del triunfazo que logr\u00f3 Oeste contra Gimnasia y Tiro. \u201c<strong>Me da satisfacci\u00f3n por el gran esfuerzo que hicieron los chicos. Hoy (por ayer) se consigui\u00f3 un buen resultado en una cancha muy dif\u00edcil. Me voy contento, este es el camino correcto<\/strong>\u201d, le dijo el entrenador a El Show de Ferro.<\/p>\n<\/div>\n<div class=\"sc-a7166897-0 eoLsBE\" readability=\"6.5\">\n<section readability=\"3\"><picture><img alt=\"Sin Bra\u00f1a y ya con Perazzo, Chicago gan\u00f3 su primer partido en el campeonato\" loading=\"lazy\" width=\"290\" height=\"290\" decoding=\"async\" data-nimg=\"1\" src=\"http:\/\/cordobadirecto.com\/wp-content\/uploads\/2025\/03\/ferro-consiguio-el-primer-triunfo-del-ano-se-le-dio-vuelta-a-gimnasia-y-tiro-1.jpg\"><\/picture>\n<p><span>Mir\u00e1 tambi\u00e9n<\/span><\/p>\n<hr>\n<h3>Sin Bra\u00f1a y ya con Perazzo, Chicago gan\u00f3 su primer partido en el campeonato<\/h3>\n<\/p>\n<\/section>\n<\/div>\n<div class=\"sc-a7166897-0 eoLsBE\" readability=\"6.5\">\n<section readability=\"3\"><picture><img alt=\"La lista de 33 preseleccionados de la Selecci\u00f3n para los cl\u00e1sicos ante Uruguay y Brasil\" loading=\"lazy\" width=\"290\" height=\"290\" decoding=\"async\" data-nimg=\"1\" src=\"http:\/\/cordobadirecto.com\/wp-content\/uploads\/2025\/03\/ferro-consiguio-el-primer-triunfo-del-ano-se-le-dio-vuelta-a-gimnasia-y-tiro-2.jpg\"><\/picture>\n<p><span>Mir\u00e1 tambi\u00e9n<\/span><\/p>\n<hr>\n<h3>La lista de 33 preseleccionados de la Selecci\u00f3n para los cl\u00e1sicos ante Uruguay y Brasil<\/h3>\n<\/p>\n<\/section>\n<\/div>\n<div class=\"sc-a7166897-0 eoLsBE\" readability=\"6\">\n<section readability=\"2\"><picture><img alt=\"Video: Angileri debut\u00f3 con asistencia y gan\u00f3 el Corinthians de Ram\u00f3n D\u00edaz\" loading=\"lazy\" width=\"290\" height=\"290\" decoding=\"async\" data-nimg=\"1\" src=\"http:\/\/cordobadirecto.com\/wp-content\/uploads\/2025\/03\/ferro-consiguio-el-primer-triunfo-del-ano-se-le-dio-vuelta-a-gimnasia-y-tiro-3.jpg\"><\/picture>\n<p><span>Mir\u00e1 tambi\u00e9n<\/span><\/p>\n<hr>\n<h3>Video: Angileri debut\u00f3 con asistencia y gan\u00f3 el Corinthians de Ram\u00f3n D\u00edaz<\/h3>\n<\/p>\n<\/section>\n<\/div>\n<div class=\"sc-a7166897-0 eoLsBE\" readability=\"6\">\n<section readability=\"2\"><picture><img alt=\"Hurac\u00e1n le gan\u00f3 a V\u00e9lez y lo dej\u00f3 sin t\u00e9cnico\" loading=\"lazy\" width=\"290\" height=\"290\" decoding=\"async\" data-nimg=\"1\" src=\"http:\/\/cordobadirecto.com\/wp-content\/uploads\/2025\/03\/ferro-consiguio-el-primer-triunfo-del-ano-se-le-dio-vuelta-a-gimnasia-y-tiro-4.jpg\"><\/picture>\n<p><span>Mir\u00e1 tambi\u00e9n<\/span><\/p>\n<hr>\n<h3>Hurac\u00e1n le gan\u00f3 a V\u00e9lez y lo dej\u00f3 sin t\u00e9cnico<\/h3>\n<\/p>\n<\/section>\n<\/div>\n<\/div>\n","protected":false},"excerpt":{"rendered":"<p>02\/03\/2025 21:13hs. Actualizado al 02\/03\/2025 21:39hs. Necesitaba encontrarse con la victoria. Necesitaba dejar atr\u00e1s el flojo inicio en la temporada. Ferro se arm\u00f3 para pelear bien arriba, pero ven\u00eda defraudando en los primeros partidos de la Primera Nacional. Y cuando parec\u00eda que en Salta iba por el mismo camino, el equipo reaccion\u00f3 en el complemento [&hellip;]<\/p>\n","protected":false},"author":1,"featured_media":163201,"comment_status":"closed","ping_status":"closed","sticky":false,"template":"","format":"standard","meta":[],"categories":[21],"tags":[],"_links":{"self":[{"href":"http:\/\/cordobadirecto.com\/index.php\/wp-json\/wp\/v2\/posts\/163200"}],"collection":[{"href":"http:\/\/cordobadirecto.com\/index.php\/wp-json\/wp\/v2\/posts"}],"about":[{"href":"http:\/\/cordobadirecto.com\/index.php\/wp-json\/wp\/v2\/types\/post"}],"author":[{"embeddable":true,"href":"http:\/\/cordobadirecto.com\/index.php\/wp-json\/wp\/v2\/users\/1"}],"replies":[{"embeddable":true,"href":"http:\/\/cordobadirecto.com\/index.php\/wp-json\/wp\/v2\/comments?post=163200"}],"version-history":[{"count":0,"href":"http:\/\/cordobadirecto.com\/index.php\/wp-json\/wp\/v2\/posts\/163200\/revisions"}],"wp:featuredmedia":[{"embeddable":true,"href":"http:\/\/cordobadirecto.com\/index.php\/wp-json\/wp\/v2\/media\/163201"}],"wp:attachment":[{"href":"http:\/\/cordobadirecto.com\/index.php\/wp-json\/wp\/v2\/media?parent=163200"}],"wp:term":[{"taxonomy":"category","embeddable":true,"href":"http:\/\/cordobadirecto.com\/index.php\/wp-json\/wp\/v2\/categories?post=163200"},{"taxonomy":"post_tag","embeddable":true,"href":"http:\/\/cordobadirecto.com\/index.php\/wp-json\/wp\/v2\/tags?post=163200"}],"curies":[{"name":"wp","href":"https:\/\/api.w.org\/{rel}","templated":true}]}}