{"id":163202,"date":"2025-03-10T20:03:06","date_gmt":"2025-03-10T20:03:06","guid":{"rendered":"https:\/\/es.digitaltrends.com\/?p=1060830"},"modified":"2025-03-10T20:03:06","modified_gmt":"2025-03-10T20:03:06","slug":"como-la-ceo-de-bluesky-jay-graber-barrio-el-piso-con-mark-zuckerberg","status":"publish","type":"post","link":"http:\/\/cordobadirecto.com\/index.php\/2025\/03\/10\/como-la-ceo-de-bluesky-jay-graber-barrio-el-piso-con-mark-zuckerberg\/","title":{"rendered":"C\u00f3mo la CEO de Bluesky, Jay Graber, barri\u00f3 el piso con Mark Zuckerberg"},"content":{"rendered":"<p>Un episodio bastante particular se produjo este fin de semana en el mundo de la tecnolog\u00eda, o m\u00e1s bien en esas se\u00f1ales anal\u00f3gicas que rodean su existencia. Ya que la elegante iron\u00eda se hizo presente en el escenario del <a href=\"https:\/\/es.digitaltrends.com\/entretenimiento\/another-simple-favor-anna-kendrick-y-blake-lively-abriran-sxsw-2025\/\"><strong>SXSW 2025<\/strong><\/a>&nbsp;(festival donde convergen lo tech, con entretenimiento).<\/p>\n<p>Fue de una manera muy sutil, que la CEO de <a href=\"https:\/\/es.digitaltrends.com\/sociales\/que-es-bluesky\/\"><strong>Bluesky<\/strong><\/a>, Jay Graber, le dio un golpe de nocaut a <a href=\"https:\/\/es.digitaltrends.com\/tendencias\/libros-recomendados-mark-zuckerberg\/\"><strong>Mark Zuckerberg<\/strong><\/a>&nbsp;y todo lo que representa el CEO de Meta.<\/p>\n<div class=\"b-connatix b-connatix--video\" id=\"dt-cnx-container-67cf462bd440f\">\n<div class=\"b-connatix__label\"> Recommended Videos <\/div>\n<div class=\"b-connatix__container\"> <\/div>\n<\/div>\n<p>Todo el trabajo lo hizo su desplante, y una camiseta negra con la leyenda en lat\u00edn: <em>Mundus sine caesaribus.<\/em><\/p>\n<h2>Pero vamos al origen de este round entre Jay Graber y Mark Zuckerberg<\/h2>\n<p>Todo ha comenzado con una camiseta negra de Mark Zuckerberg, quien se ha comparado directamente con el emperador romano Julio C\u00e9sar. Su propia camiseta dec\u00eda <em>Aut Zuck aut nihil<\/em>, que es un juego de palabras con la frase latina&nbsp;<em>aut Caesar aut nihil<\/em>: \u00abO C\u00e9sar o nada\u00bb.<\/p>\n<figure id=\"attachment_1060832\" aria-describedby=\"caption-attachment-1060832\" class=\"wp-caption alignnone\"><img src=\"http:\/\/cordobadirecto.com\/wp-content\/uploads\/2025\/03\/como-la-ceo-de-bluesky-jay-graber-barrio-el-piso-con-mark-zuckerberg.gif\" data-dt-lazy-src=\"https:\/\/es.digitaltrends.com\/wp-content\/uploads\/2025\/03\/Jay-Graber-vs.-Mark-Zuckerberg.jpeg?fit=735%2C530&amp;p=1\" decoding=\"async\" class=\" size-full wp-image-1060832 h-lightbox is-zoomable dt-lazy-load dt-lazy-pending\" alt><figcaption id=\"caption-attachment-1060832\" class=\"wp-caption-text\"><span class=\"credit\">Imagen utilizada con permiso del titular de los derechos de autor<\/span><\/figcaption><\/figure>\n<p>La polera de Graber, que copia directamente el estilo de una camisa que Zuckerberg us\u00f3 en el escenario recientemente, dice <em>Mundus sine caesaribus<\/em>. O, \u00abun mundo sin C\u00e9sares\u00bb.<\/p>\n<p>Todo el mensaje m\u00e1s profundo es el origen y fin que tienen estas plataformas de redes sociales:<\/p>\n<p>Bluesky, como red social descentralizada, est\u00e1 construida sobre un marco de c\u00f3digo abierto, y de esa manera difiere de las plataformas heredadas como Facebook en que los usuarios tienen una ventana directa y transparente a c\u00f3mo se est\u00e1 construyendo la plataforma.<\/p>\n<p>\u00abSi un multimillonario viniera y comprara Bluesky, o se hiciera cargo de ella, o si ma\u00f1ana decidiera cambiar las cosas de una manera que a la gente realmente no le gustara, entonces podr\u00edan desembolsarse y pasar a otra aplicaci\u00f3n\u00bb, explic\u00f3 Graber en SXSW. \u00abYa hay aplicaciones en la red que te dan otra forma de ver la red, o tambi\u00e9n puedes construir una nueva. Y esa apertura garantiza que siempre exista la posibilidad de pasar a una nueva alternativa\u00bb.<\/p>\n<p>Mientras que la plataforma de Graber se acerca a los&nbsp;<a href=\"https:\/\/bsky.jazco.dev\/stats\" target=\"_blank\" rel=\"nofollow noopener\" data-t=\"{&quot;n&quot;:&quot;destination&quot;,&quot;t&quot;:13,&quot;b&quot;:1,&quot;c.t&quot;:7}\">33 millones de usuarios totales<\/a>, Meta tiene&nbsp;<a href=\"https:\/\/investor.atmeta.com\/investor-news\/press-release-details\/2025\/Meta-Reports-Fourth-Quarter-and-Full-Year-2024-Results\/default.aspx\" target=\"_blank\" rel=\"nofollow noopener\" data-t=\"{&quot;n&quot;:&quot;destination&quot;,&quot;t&quot;:13,&quot;b&quot;:1,&quot;c.t&quot;:7}\">3.35 mil millones de usuarios activos diarios<\/a>&nbsp;en todos sus productos: Instagram, WhatsApp y Facebook. Para Meta, eso es alrededor del 40% de la poblaci\u00f3n mundial.<\/p>\n<p> <span id=\"publisher-md\" itemprop=\"publisher\" itemscope itemtype=\"https:\/\/schema.org\/Organization\"> <span itemprop=\"url\" itemtype=\"https:\/\/schema.org\/Url\" content=\"https:\/\/es.digitaltrends.com\"> <span itemprop=\"logo\" itemscope itemtype=\"https:\/\/schema.org\/ImageObject\"> <meta itemprop=\"url\" content=\"https:\/\/cdn.dtcn.com\/dt\/dt-logo-small.png\"> <meta itemprop=\"width\" content=\"0\"> <meta itemprop=\"height\" content=\"0\"> <\/span> <meta itemprop=\"name\" content=\"Digital Trends Espa\u00f1ol\"> <\/span> <span itemprop=\"image\" itemscope itemtype=\"https:\/\/schema.org\/ImageObject\"> <meta itemprop=\"url\" content=\"https:\/\/es.digitaltrends.com\/wp-content\/uploads\/2025\/03\/Jay-Graber.jpeg?p=1\"> <\/span> <\/span> <\/p>\n","protected":false},"excerpt":{"rendered":"<p>Un episodio bastante particular se produjo este fin de semana en el mundo de la tecnolog\u00eda, o m\u00e1s bien en esas se\u00f1ales anal\u00f3gicas que rodean su existencia. Ya que la elegante iron\u00eda se hizo presente en el escenario del SXSW 2025&nbsp;(festival donde convergen lo tech, con entretenimiento). Fue de una manera muy sutil, que la [&hellip;]<\/p>\n","protected":false},"author":1,"featured_media":163203,"comment_status":"closed","ping_status":"closed","sticky":false,"template":"","format":"standard","meta":[],"categories":[26],"tags":[],"_links":{"self":[{"href":"http:\/\/cordobadirecto.com\/index.php\/wp-json\/wp\/v2\/posts\/163202"}],"collection":[{"href":"http:\/\/cordobadirecto.com\/index.php\/wp-json\/wp\/v2\/posts"}],"about":[{"href":"http:\/\/cordobadirecto.com\/index.php\/wp-json\/wp\/v2\/types\/post"}],"author":[{"embeddable":true,"href":"http:\/\/cordobadirecto.com\/index.php\/wp-json\/wp\/v2\/users\/1"}],"replies":[{"embeddable":true,"href":"http:\/\/cordobadirecto.com\/index.php\/wp-json\/wp\/v2\/comments?post=163202"}],"version-history":[{"count":0,"href":"http:\/\/cordobadirecto.com\/index.php\/wp-json\/wp\/v2\/posts\/163202\/revisions"}],"wp:featuredmedia":[{"embeddable":true,"href":"http:\/\/cordobadirecto.com\/index.php\/wp-json\/wp\/v2\/media\/163203"}],"wp:attachment":[{"href":"http:\/\/cordobadirecto.com\/index.php\/wp-json\/wp\/v2\/media?parent=163202"}],"wp:term":[{"taxonomy":"category","embeddable":true,"href":"http:\/\/cordobadirecto.com\/index.php\/wp-json\/wp\/v2\/categories?post=163202"},{"taxonomy":"post_tag","embeddable":true,"href":"http:\/\/cordobadirecto.com\/index.php\/wp-json\/wp\/v2\/tags?post=163202"}],"curies":[{"name":"wp","href":"https:\/\/api.w.org\/{rel}","templated":true}]}}