{"id":163213,"date":"2025-03-12T00:02:27","date_gmt":"2025-03-12T00:02:27","guid":{"rendered":"https:\/\/puntoapunto.com.ar\/?p=370860"},"modified":"2025-03-12T00:02:27","modified_gmt":"2025-03-12T00:02:27","slug":"expoagro-impuestos-retenciones-y-obra-publica-copan-la-agenda-del-dia-1","status":"publish","type":"post","link":"http:\/\/cordobadirecto.com\/index.php\/2025\/03\/12\/expoagro-impuestos-retenciones-y-obra-publica-copan-la-agenda-del-dia-1\/","title":{"rendered":"Expoagro: impuestos, retenciones y obra p\u00fablica copan la agenda del d\u00eda 1"},"content":{"rendered":"<p>&nbsp;<!-- \u00a1O bien no hay banners, estan desactivados o no estan programados para esta ubicaci\u00f3n! -->\n<\/p>\n<p>&nbsp;\n<\/p>\n<p>La ciudad de San Nicol\u00e1s es nuevamente sede de la muestra agroindustrial a cielo abierto m\u00e1s importante de la regi\u00f3n, donde confluyen las expectativas y proyectos del sector productivo argentino.\n<\/p>\n<p>Durante la ma\u00f1ana del martes, la primera de cuatro jornadas, se llev\u00f3 a cabo el acto inaugural, al que asistieron funcionarios de los tres niveles, dirigentes del sector, empresarios del agro, miembros del directorio de Exponenciar. Tras el tradicional corte de cintas, se dio inicio oficial a Expoagro 2025, una edici\u00f3n hist\u00f3rica que cuenta con 700 expositores y numerosos productores y especialistas del sector.\n<\/p>\n<p>La Capital Nacional de los Agronegocios es el epicentro de los v\u00ednculos del ecosistema productivo y, como tal, recibe cada a\u00f1o a la pol\u00edtica para transmitir sus inquietudes,&nbsp; proyectos y expectativas. En el acto de inauguraci\u00f3n, estuvieron presentes el ex presidente Mauricio Macri; el jefe de gabinete, Guillermo Francos; y los gobernadores Maximiliano Pullaro (Santa Fe), Ignacio Torres (Chubut), Mart\u00edn Llaryora (C\u00f3rdoba), Gustavo Vald\u00e9s (Corrientes) y Rogelio Frigerio (Entre R\u00edos).<!-- \u00a1O bien no hay banners, estan desactivados o no estan programados para esta ubicaci\u00f3n! -->\n<\/p>\n<p><strong>La baja de retenciones, un punto central<\/strong><\/p>\n<p>Los referentes de la pol\u00edtica hicieron eco del hist\u00f3rico reclamo del sector productivo nacional, la baja de retenciones. El ex presidente Mauricio Macri, se\u00f1al\u00f3 que son \u201cun impuesto perverso\u201d y remarc\u00f3 la importancia de que sean \u201celiminados de forma definitiva\u201d, ya que considera que el campo atraviesa un momento comprometedor.\n<\/p>\n<p>\u201cEntre la baja de precios, los aumentos de costos internos y el clima, el campo est\u00e1 muy ajustado\u201d, lament\u00f3 el fundador del PRO, que no olvid\u00f3 dar su respaldo al Gobierno nacional. \u201cLo que necesitamos es acelerar m\u00e1s la motosierra, bajar los costos in\u00fatiles del Estado y as\u00ed producir m\u00e1s, generar m\u00e1s empleo y exportar m\u00e1s\u201d, agreg\u00f3, y observ\u00f3 que aunque la administraci\u00f3n de Javier Milei \u201cha hecho un esfuerzo muy positivo, el campo necesita m\u00e1s\u201d.\n<\/p>\n<p>En la misma l\u00ednea se expres\u00f3 el gobernador de Entre R\u00edos, Rogelio Frigerio, af\u00edn al espacio que comanda el ex presidente. \u201cA la hora de bajar impuestos, la prioridad tienen que ser las retenciones, pero no hay que descuidar el equilibrio de las cuentas p\u00fablicas\u201d, expres\u00f3.\n<\/p>\n<p><img decoding=\"async\" class=\"wp-image-11140302 size-large aligncenter\" src=\"http:\/\/cordobadirecto.com\/wp-content\/uploads\/2025\/03\/expoagro-impuestos-retenciones-y-obra-publica-copan-la-agenda-del-dia-1.jpg\" sizes=\"(max-width: 1024px) 100vw, 1024px\" srcset=\"http:\/\/cordobadirecto.com\/wp-content\/uploads\/2025\/03\/expoagro-impuestos-retenciones-y-obra-publica-copan-la-agenda-del-dia-1.jpg 1024w, http:\/\/cordobadirecto.com\/wp-content\/uploads\/2025\/03\/expoagro-impuestos-retenciones-y-obra-publica-copan-la-agenda-del-dia-1-1.jpg 300w, http:\/\/cordobadirecto.com\/wp-content\/uploads\/2025\/03\/expoagro-impuestos-retenciones-y-obra-publica-copan-la-agenda-del-dia-1-2.jpg 768w, http:\/\/cordobadirecto.com\/wp-content\/uploads\/2025\/03\/expoagro-impuestos-retenciones-y-obra-publica-copan-la-agenda-del-dia-1-3.jpg 1536w, http:\/\/cordobadirecto.com\/wp-content\/uploads\/2025\/03\/expoagro-impuestos-retenciones-y-obra-publica-copan-la-agenda-del-dia-1-4.jpg 2048w\" alt width=\"1024\" height=\"449\" loading=\"lazy\">\n<\/p>\n<p>\u201cHoy sin retenciones estar\u00edamos batiendo r\u00e9cords en innovaci\u00f3n y producci\u00f3n\u201d, agreg\u00f3 Mart\u00edn Llaryora, gobernador de C\u00f3rdoba, que se sum\u00f3 al debate econ\u00f3mico con el caso testimonial de su provincia. \u201cEl esquema impositivo de C\u00f3rdoba se vuelca al campo. Por eso es que lo que pagan los productores vuelve a ellos\u201d, destac\u00f3.\n<\/p>\n<p>De todos modos, asegur\u00f3 que las medidas anunciadas por el Palacio de Hacienda \u201cson una buena se\u00f1al porque apuntan a estabilizar la macroeconom\u00eda, bajar la inflaci\u00f3n y sostener el super\u00e1vit\u201d.\n<\/p>\n<p>Por su parte, el mandatario santafesino, Maximiliano Pullaro, tambi\u00e9n dio cuenta del esquema empleado en su provincia: \u201cEn Santa Fe bajamos tributos y logramos equilibrio fiscal sin cobrarle ingresos brutos al campo\u201d, explic\u00f3, con relaci\u00f3n al \u201cefecto derrame\u201d que implica darle herramientas al sector productivo. \u201cCuando al campo le va bien y se le inyectan recursos, a la econom\u00eda le va bien\u201d, agreg\u00f3.\n<\/p>\n<p>Ignacio Torres, gobernador de la provincia de Chubut, tambi\u00e9n asisti\u00f3 al acto inaugural y recorri\u00f3 el predio. \u201cNo siempre viene una provincia patag\u00f3nica a Expoagro. M\u00e1s all\u00e1 de Chubut, estamos representando a la regi\u00f3n\u201d, se\u00f1al\u00f3.\n<\/p>\n<p>Al igual que sus pares, Torres trajo al epicentro de los agronegocios los pedidos y proyectos de su territorio y expres\u00f3 que Chubut atraviesa \u201cel mismo dilema que se presenta en toda provincia exportadora, entre el atraso cambiario y el alivio fiscal\u201d. Asimismo, en referencia a los debates que atraviesa el sector, agreg\u00f3 que su administraci\u00f3n \u201cle est\u00e1 quitando el pie de encima a la producci\u00f3n y al trabajo, y est\u00e1 promoviendo una agenda de desarrollo propia\u201d.\n<\/p>\n<p>En presencia de los dem\u00e1s funcionarios, el jefe de Gabinete de Ministros Guillermo Francos, puso pa\u00f1os fr\u00edos sobre la discusi\u00f3n y asegur\u00f3 que \u201clo que se va a preservar es el equilibrio fiscal\u201d. En un claro pedido de paciencia al sector, explic\u00f3 que \u201ces un tema que tienen que analizarlo en el Ministerio de Econom\u00eda para ver si la p\u00e9rdida fiscal que resulta de la eliminaci\u00f3n del impuesto permite sostener el equilibrio de las cuentas\u201d.\n<\/p>\n<p>No obstante, asegur\u00f3 a los productores que quitar las retenciones \u201ces uno de los caminos\u201d que vislumbra el Gobierno y descart\u00f3 que haya una devaluaci\u00f3n en los pr\u00f3ximos meses. \u201cEl d\u00f3lar va a seguir como est\u00e1, m\u00e1s all\u00e1 de la presi\u00f3n de algunos sectores\u201d, se\u00f1al\u00f3 el jefe de gabinete.\n<\/p>\n<p><strong>El interior productivo reclama obra p\u00fablica<\/strong>\n<\/p>\n<p>En vistas de asegurar el equilibrio de las cuentas p\u00fablicas, uno de los ejes centrales del plan econ\u00f3mico del Palacio de Hacienda ha sido reducir los gastos de capital, y el freno a la obra p\u00fablica ha permitido cerrar el 2024 con super\u00e1vits gemelos.\n<\/p>\n<p>Sin embargo, parte de los pedidos que trajeron los gobernadores del interior y referentes del sector productivo se nuclean alrededor del estado de la infraestructura. \u201cCuando hablamos de sistema productivo, no s\u00f3lo hablamos de precios, costos e impuestos, sino tambi\u00e9n de la inversi\u00f3n que tiene que hacer el Estado nacional\u201d, apunt\u00f3 Maximiliano Pullaro, que lament\u00f3 el \u201cmal estado que tienen las rutas nacionales en la provincia de Santa Fe\u201d.\n<\/p>\n<p>Por su parte, Llaryora se refiri\u00f3 al esquema implementado en su provincia para asegurar recursos al agro. \u201cEn C\u00f3rdoba tenemos consorcios y un Fondo de Desarrollo Agropecuario en el que trabajamos los sectores p\u00fablico y privado. El 98% de ese fondo sirve exclusivamente para fondear al campo en sus obras\u201d, explic\u00f3.\n<\/p>\n<p>Al reclamo de los gobernadores se sum\u00f3 el ex presidente. \u201cAnte la falta de institucionalidad que tenemos hoy, es importante volver a poner presupuestos sobre la mesa\u201d, expres\u00f3 Macri, que considera que \u201cse necesita obra p\u00fablica y es el Estado el que debe licitar\u201d.\n<\/p>\n<p>\u201cNecesitamos que el estado nacional entienda que cuando se habla de producci\u00f3n, se habla de infraestructura\u201d, resumi\u00f3 el gobernador santafesino.\n<\/p>\n<div class=\"g g-38\">\n<div class=\"g-dyn a-12 c-1\"><a class=\"gofollow\" data-track=\"MTIsMzgsMSw2MA==\" href=\"https:\/\/hospitalprivado.com.ar\/blog\/institucional\/somos-la-primera-institucion-del-interior-del-pais-en-acreditar-joint-commission-international.html\" target=\"_blank\" rel=\"noopener\"><img src=\"http:\/\/cordobadirecto.com\/wp-content\/uploads\/2025\/03\/expoagro-impuestos-retenciones-y-obra-publica-copan-la-agenda-del-dia-1.gif\" loading=\"lazy\"><\/a><\/div>\n<\/div>\n","protected":false},"excerpt":{"rendered":"<p>&nbsp; &nbsp; La ciudad de San Nicol\u00e1s es nuevamente sede de la muestra agroindustrial a cielo abierto m\u00e1s importante de la regi\u00f3n, donde confluyen las expectativas y proyectos del sector productivo argentino. Durante la ma\u00f1ana del martes, la primera de cuatro jornadas, se llev\u00f3 a cabo el acto inaugural, al que asistieron funcionarios de los [&hellip;]<\/p>\n","protected":false},"author":1,"featured_media":163214,"comment_status":"closed","ping_status":"closed","sticky":false,"template":"","format":"standard","meta":[],"categories":[25],"tags":[],"_links":{"self":[{"href":"http:\/\/cordobadirecto.com\/index.php\/wp-json\/wp\/v2\/posts\/163213"}],"collection":[{"href":"http:\/\/cordobadirecto.com\/index.php\/wp-json\/wp\/v2\/posts"}],"about":[{"href":"http:\/\/cordobadirecto.com\/index.php\/wp-json\/wp\/v2\/types\/post"}],"author":[{"embeddable":true,"href":"http:\/\/cordobadirecto.com\/index.php\/wp-json\/wp\/v2\/users\/1"}],"replies":[{"embeddable":true,"href":"http:\/\/cordobadirecto.com\/index.php\/wp-json\/wp\/v2\/comments?post=163213"}],"version-history":[{"count":0,"href":"http:\/\/cordobadirecto.com\/index.php\/wp-json\/wp\/v2\/posts\/163213\/revisions"}],"wp:featuredmedia":[{"embeddable":true,"href":"http:\/\/cordobadirecto.com\/index.php\/wp-json\/wp\/v2\/media\/163214"}],"wp:attachment":[{"href":"http:\/\/cordobadirecto.com\/index.php\/wp-json\/wp\/v2\/media?parent=163213"}],"wp:term":[{"taxonomy":"category","embeddable":true,"href":"http:\/\/cordobadirecto.com\/index.php\/wp-json\/wp\/v2\/categories?post=163213"},{"taxonomy":"post_tag","embeddable":true,"href":"http:\/\/cordobadirecto.com\/index.php\/wp-json\/wp\/v2\/tags?post=163213"}],"curies":[{"name":"wp","href":"https:\/\/api.w.org\/{rel}","templated":true}]}}