{"id":163215,"date":"2025-03-11T19:25:04","date_gmt":"2025-03-11T19:25:04","guid":{"rendered":"https:\/\/es.digitaltrends.com\/?p=1061213"},"modified":"2025-03-11T19:25:04","modified_gmt":"2025-03-11T19:25:04","slug":"james-cameron-dijo-que-su-esposa-lloro-durante-cuatro-horas-viendo-avatar-fuego-y-cenizas","status":"publish","type":"post","link":"http:\/\/cordobadirecto.com\/index.php\/2025\/03\/11\/james-cameron-dijo-que-su-esposa-lloro-durante-cuatro-horas-viendo-avatar-fuego-y-cenizas\/","title":{"rendered":"James Cameron dijo que su esposa \u00abllor\u00f3 durante cuatro horas\u00bb viendo Avatar: Fuego y cenizas"},"content":{"rendered":"<div><img src=\"http:\/\/cordobadirecto.com\/wp-content\/uploads\/2025\/03\/james-cameron-dijo-que-su-esposa-lloro-durante-cuatro-horas-viendo-avatar-fuego-y-cenizas.jpg\" class=\"ff-og-image-inserted\"><\/div>\n<p>A juzgar por las acciones de la esposa de <a href=\"https:\/\/es.digitaltrends.com\/entretenimiento\/james-cameron-ghosts-hiroshima\/\"><strong>James Cameron<\/strong><\/a>,&nbsp;<em><strong>Avatar: Fuego y cenizas<\/strong><\/em><em>&nbsp;<\/em>ser\u00e1 la historia m\u00e1s emotiva del cineasta en Pandora.<\/p>\n<p>La esposa de Cameron, Suzy Amis Cameron, logr\u00f3 ver un corte de&nbsp;<em>Avatar: Fire and Ash<\/em>, la pr\u00f3xima tercera entrega de la franquicia Avatar. Seg\u00fan Cameron, la emotividad de&nbsp;<em>Fuego y Ceniza&nbsp;<\/em>la hizo llorar.<\/p>\n<div class=\"b-connatix b-connatix--video\" id=\"dt-cnx-container-67d091acbc85a\">\n<div class=\"b-connatix__label\"> Recommended Videos <\/div>\n<div class=\"b-connatix__container\"> <\/div>\n<\/div>\n<p>\u00abMi esposa lo vio todo de punta a punta. Ella se hab\u00eda mantenido alejada de \u00e9l, y yo no le mostraba fragmentos a medida que avanz\u00e1bamos. Esto fue el 22 de diciembre\u00bb, dijo Cameron a&nbsp;<a href=\"https:\/\/www.empireonline.com\/movies\/news\/avatar-3-james-cameron-wife-bawled-four-hours\/\" target=\"_blank\" rel=\"nofollow noopener\">Empire<\/a>. \u00abLlor\u00f3 durante cuatro horas\u00bb.<\/p>\n<p>Cameron ni siquiera pudo recibir una respuesta adecuada de ella debido a su excesiva emotividad.<\/p>\n<p>\u00abElla segu\u00eda tratando de recomponerse, para poder decirme reacciones espec\u00edficas, y luego simplemente lloraba y comenzaba a llorar de nuevo\u00bb, dijo Cameron. \u00abFinalmente, dije: \u2018Cari\u00f1o, tengo que irme a la cama. Lo siento, hablaremos de eso en otro momento&#8217;\u00bb.<\/p>\n<p>Cuando la esposa de Cameron llora durante una proyecci\u00f3n, suele ser una buena se\u00f1al, como lo demuestra su historial comprobado.<\/p>\n<p>\u00abEs un buen referente\u00bb, dijo Cameron. \u00abElla llam\u00f3 la pelota en&nbsp;<em>Titanic<\/em>,&nbsp;<em>Avatar<\/em>&nbsp;y&nbsp;<em>Avatar 2<\/em>. As\u00ed que conf\u00edo en su coraz\u00f3n en ello\u00bb.<\/p>\n<p><em>Fire and Ash&nbsp;<\/em>ser\u00e1 la tercera salida de Cameron en Pandora, despu\u00e9s de&nbsp;<em>Avatar&nbsp;<\/em>de 2009 y&nbsp;<em>Avatar: The Way of Water de<\/em>&nbsp;2022.&nbsp;<em>Avatar 3&nbsp;<\/em>introducir\u00e1 dos nuevos clanes: Tlalim y Mangkwan. Los Tlalim, tambi\u00e9n conocidos como Comerciantes del Viento, son un clan amistoso liderado por Peylak (David Thewlis). Por el contrario, los Mangkwan, tambi\u00e9n conocidos como el Pueblo de las Cenizas, son mucho m\u00e1s conflictivos y representan una amenaza para Jake Sully (Sam Worthington), Neytiri (Zoe Salda\u00f1a) y el resto de su familia.<\/p>\n<p>Cameron dirige&nbsp;<em>Fire and Ash&nbsp;<\/em>a partir de un gui\u00f3n que coescribi\u00f3 con Rick Jaffa y Amanda Silver. Cameron confirm\u00f3 recientemente que&nbsp;<em>la duraci\u00f3n de Avatar 3&nbsp;<\/em>es \u00abun poco m\u00e1s larga\u00bb que los 192 minutos&nbsp;<em>de duraci\u00f3n de Way of Water<\/em>.<\/p>\n<p><em>Avatar: Fire and Ash&nbsp;<\/em>se estrena en cines el 19 de diciembre de 2025.<\/p>\n<p> <span id=\"publisher-md\" itemprop=\"publisher\" itemscope itemtype=\"https:\/\/schema.org\/Organization\"> <span itemprop=\"url\" itemtype=\"https:\/\/schema.org\/Url\" content=\"https:\/\/es.digitaltrends.com\"> <span itemprop=\"logo\" itemscope itemtype=\"https:\/\/schema.org\/ImageObject\"> <meta itemprop=\"url\" content=\"https:\/\/cdn.dtcn.com\/dt\/dt-logo-small.png\"> <meta itemprop=\"width\" content=\"0\"> <meta itemprop=\"height\" content=\"0\"> <\/span> <meta itemprop=\"name\" content=\"Digital Trends Espa\u00f1ol\"> <\/span> <span itemprop=\"image\" itemscope itemtype=\"https:\/\/schema.org\/ImageObject\"> <meta itemprop=\"url\" content=\"https:\/\/es.digitaltrends.com\/wp-content\/uploads\/2025\/03\/Avatar-Fuego-y-Cenizas.jpeg?p=1\"> <\/span> <\/span> <\/p>\n","protected":false},"excerpt":{"rendered":"<p>A juzgar por las acciones de la esposa de James Cameron,&nbsp;Avatar: Fuego y cenizas&nbsp;ser\u00e1 la historia m\u00e1s emotiva del cineasta en Pandora. La esposa de Cameron, Suzy Amis Cameron, logr\u00f3 ver un corte de&nbsp;Avatar: Fire and Ash, la pr\u00f3xima tercera entrega de la franquicia Avatar. Seg\u00fan Cameron, la emotividad de&nbsp;Fuego y Ceniza&nbsp;la hizo llorar. Recommended [&hellip;]<\/p>\n","protected":false},"author":1,"featured_media":163216,"comment_status":"closed","ping_status":"closed","sticky":false,"template":"","format":"standard","meta":[],"categories":[18],"tags":[],"_links":{"self":[{"href":"http:\/\/cordobadirecto.com\/index.php\/wp-json\/wp\/v2\/posts\/163215"}],"collection":[{"href":"http:\/\/cordobadirecto.com\/index.php\/wp-json\/wp\/v2\/posts"}],"about":[{"href":"http:\/\/cordobadirecto.com\/index.php\/wp-json\/wp\/v2\/types\/post"}],"author":[{"embeddable":true,"href":"http:\/\/cordobadirecto.com\/index.php\/wp-json\/wp\/v2\/users\/1"}],"replies":[{"embeddable":true,"href":"http:\/\/cordobadirecto.com\/index.php\/wp-json\/wp\/v2\/comments?post=163215"}],"version-history":[{"count":0,"href":"http:\/\/cordobadirecto.com\/index.php\/wp-json\/wp\/v2\/posts\/163215\/revisions"}],"wp:featuredmedia":[{"embeddable":true,"href":"http:\/\/cordobadirecto.com\/index.php\/wp-json\/wp\/v2\/media\/163216"}],"wp:attachment":[{"href":"http:\/\/cordobadirecto.com\/index.php\/wp-json\/wp\/v2\/media?parent=163215"}],"wp:term":[{"taxonomy":"category","embeddable":true,"href":"http:\/\/cordobadirecto.com\/index.php\/wp-json\/wp\/v2\/categories?post=163215"},{"taxonomy":"post_tag","embeddable":true,"href":"http:\/\/cordobadirecto.com\/index.php\/wp-json\/wp\/v2\/tags?post=163215"}],"curies":[{"name":"wp","href":"https:\/\/api.w.org\/{rel}","templated":true}]}}