{"id":163220,"date":"2025-03-11T18:30:41","date_gmt":"2025-03-11T18:30:41","guid":{"rendered":"https:\/\/cordoba.gob.ar\/?p=75343"},"modified":"2025-03-11T18:30:41","modified_gmt":"2025-03-11T18:30:41","slug":"passerini-inauguro-la-puesta-en-valor-de-la-plaza-de-las-infancias-cordobesas-la-primera-de-la-ciudad-con-un-jardin-vertical-inteligente","status":"publish","type":"post","link":"http:\/\/cordobadirecto.com\/index.php\/2025\/03\/11\/passerini-inauguro-la-puesta-en-valor-de-la-plaza-de-las-infancias-cordobesas-la-primera-de-la-ciudad-con-un-jardin-vertical-inteligente\/","title":{"rendered":"Passerini inaugur\u00f3 la puesta en valor de la Plaza de las Infancias Cordobesas: la primera de la ciudad con un jard\u00edn vertical inteligente"},"content":{"rendered":"<div><img src=\"http:\/\/cordobadirecto.com\/wp-content\/uploads\/2025\/03\/passerini-inauguro-la-puesta-en-valor-de-la-plaza-de-las-infancias-cordobesas-la-primera-de-la-ciudad-con-un-jardin-vertical-inteligente.jpg\" class=\"ff-og-image-inserted\"><\/div>\n<ul>\n<li data-prosemirror-content-type=\"node\" data-prosemirror-node-name=\"paragraph\" data-prosemirror-node-block=\"true\"><strong>El muro de 80 metros cuadrados cuenta con plantas herb\u00e1ceas y crasas, con un repositorio de agua y fertilizantes de suministro remoto.<\/strong><\/li>\n<li data-prosemirror-content-type=\"node\" data-prosemirror-node-name=\"paragraph\" data-prosemirror-node-block=\"true\"><strong><strong>El espacio verde est\u00e1 ubicado en Jujuy entre la Av. Col\u00f3n y la calle 9 de Julio. Desde hoy, tambi\u00e9n abrir\u00e1 los fines de semana.<\/strong><\/strong><br \/>\n<hr>\n<\/li>\n<\/ul>\n<p data-prosemirror-content-type=\"node\" data-prosemirror-node-name=\"paragraph\" data-prosemirror-node-block=\"true\">El intendente Daniel Passerini inaugur\u00f3 las obras de recuperaci\u00f3n de la Plaza de las Infancias Cordobesas, un espacio verde ubicado en pleno centro de la ciudad, que luego de la tan ansiada espera los vecinos y vecinas ya pueden disfrutar nuevamente en un entorno renovado y de calidad.<\/p>\n<p data-prosemirror-content-type=\"node\" data-prosemirror-node-name=\"paragraph\" data-prosemirror-node-block=\"true\">Est\u00e1 ubicada en calle Jujuy, a metros de la Avenida Col\u00f3n, en un sector de la ciudad marcado por la presencia de edificios, negocios y movimiento, donde los espacios de recreaci\u00f3n son necesarios y esperados.<\/p>\n<p data-prosemirror-content-type=\"node\" data-prosemirror-node-name=\"paragraph\" data-prosemirror-node-block=\"true\">\u00abEste es el patio de mucha gente que vive en edificios. Entrar es como ingresar a un pedazo del Parque Sarmiento, el Parque Las Heras o la Plaza Col\u00f3n, cerca de la gente y al alcance de todos\u201d, afirm\u00f3 Passerini en la inauguraci\u00f3n.<\/p>\n<p data-prosemirror-content-type=\"node\" data-prosemirror-node-name=\"paragraph\" data-prosemirror-node-block=\"true\">En la misma l\u00ednea, el intendente destac\u00f3: \u201cQue las plazas sean de calidad y seguras, tanto en el barrio m\u00e1s perif\u00e9rico o el m\u00e1s acomodado, fue una premisa y un pilar del gobernador Mart\u00edn Llaryora cuando gestionamos juntos el municipio. El primero de marzo anunciamos muchas decisiones, consustanciados con el pensamiento y acci\u00f3n de los gobernadores de C\u00f3rdoba de los \u00faltimos 25 a\u00f1os: hacer obras p\u00fablicas es garantizar el desarrollo y el progreso\u00bb.<\/p>\n<p data-prosemirror-content-type=\"node\" data-prosemirror-node-name=\"paragraph\" data-prosemirror-node-block=\"true\">\u00abCelebramos cada espacio generado para que la ciudad lo disfrute. Este es especial, porque tiene un componente fuertemente vecinal y de una organizaci\u00f3n sindical que tiene trayectoria, prestigio y una enorme responsabilidad social\u201d, afirm\u00f3 Passerini en relaci\u00f3n al impulso del Centro Vecinal de barrio Centro para su renovaci\u00f3n y del cuidado que le brindar\u00e1 la Asociaci\u00f3n Gremial de Empleados de Comercio C\u00f3rdoba (AGEC).<\/p>\n<p data-prosemirror-content-type=\"node\" data-prosemirror-node-name=\"paragraph\" data-prosemirror-node-block=\"true\">La Municipalidad de C\u00f3rdoba decidi\u00f3 devolverle la vida a este punto de encuentro, con el nuevo c\u00e9sped y los \u00e1rboles que recientemente se plantaron en el lugar. El lugar ya luce flamantes canteros, veredas, bancos y mesas para el uso de todas las personas que se acerquen a pasar el tiempo en la plaza.<\/p>\n<p data-prosemirror-content-type=\"node\" data-prosemirror-node-name=\"paragraph\" data-prosemirror-node-block=\"true\">Tambi\u00e9n se realizaron tareas de jardiner\u00eda para embellecer el lugar y se colocaron cestos de separaci\u00f3n diferenciada de residuos para contribuir con la limpieza.<\/p>\n<p data-prosemirror-content-type=\"node\" data-prosemirror-node-name=\"paragraph\" data-prosemirror-node-block=\"true\">Una de las novedades es el nuevo sector de los juegos infantiles, que tiene un piso antigolpes de caucho para evitar accidentes en los m\u00e1s peque\u00f1os cuando juegan. Tambi\u00e9n tiene juegos para personas con discapacidad.<\/p>\n<p data-prosemirror-content-type=\"node\" data-prosemirror-node-name=\"paragraph\" data-prosemirror-node-block=\"true\">Est\u00e1 confeccionado con material 100% reciclado, en el marco de las pol\u00edticas de Econom\u00eda Circular que impulsa el municipio. All\u00ed los ni\u00f1os pueden jugar en un trepador, un mangrullo y juegos de resorte.<\/p>\n<p data-prosemirror-content-type=\"node\" data-prosemirror-node-name=\"paragraph\" data-prosemirror-node-block=\"true\">Pero probablemente la mayor novedad de esta intervenci\u00f3n pasa por el Jard\u00edn Vertical Inteligente: un muro de 80 m2 de plantas herb\u00e1ceas y crasas, con un repositorio de agua y fertilizantes de suministro remoto. Esta estructura verde no solo embellece el espacio, sino que tambi\u00e9n contribuye a mejorar la calidad del aire y reducir la temperatura urbana, en l\u00ednea con las estrategias de adaptaci\u00f3n clim\u00e1tica de la ciudad.<\/p>\n<p data-prosemirror-content-type=\"node\" data-prosemirror-node-name=\"paragraph\" data-prosemirror-node-block=\"true\">Los espacios verdes son fundamentales para la recreaci\u00f3n y contribuyen a renovar el aire y refrescar los alrededores, una caracter\u00edstica de gran valor especialmente para el \u00e1rea central.<\/p>\n<p data-prosemirror-content-type=\"node\" data-prosemirror-node-name=\"paragraph\" data-prosemirror-node-block=\"true\">\u201cQuiero agradecer a los vecinos y vecinas de este querido barrio Centro, a su Centro Vecinal, y tambi\u00e9n al intendente Daniel Passerini, porque quiso profundizar el modelo de recuperaci\u00f3n de los espacios p\u00fablicos y verdes. En un momento hist\u00f3rico de cambio clim\u00e1tico, tener esta plaza en el microcentro de la ciudad tiene un valor trascendental\u201d, fueron las palabras del secretario de Ambiente Sustentable y Econom\u00eda Circular, Jorge Folloni.<\/p>\n<p data-prosemirror-content-type=\"node\" data-prosemirror-node-name=\"paragraph\" data-prosemirror-node-block=\"true\">El jard\u00edn vertical es una iniciativa de la Secretar\u00eda de Ciudad Inteligente y Transformaci\u00f3n Digital del Municipio.<\/p>\n<p data-prosemirror-content-type=\"node\" data-prosemirror-node-name=\"paragraph\" data-prosemirror-node-block=\"true\">Aqu\u00ed se encontrar\u00e1n las familias, los estudiantes y, en especial, los ni\u00f1os y ni\u00f1as de C\u00f3rdoba, a los que una serie de murales les rinden homenaje.<\/p>\n<p data-prosemirror-content-type=\"node\" data-prosemirror-node-name=\"paragraph\" data-prosemirror-node-block=\"true\">El Patio de las Infancias Cordobesas, que antes solo abr\u00eda los d\u00edas de semana, ahora ser\u00e1 accesible de lunes a lunes, de 08:00 a 20:00 horas.<\/p>\n<p data-prosemirror-content-type=\"node\" data-prosemirror-node-name=\"paragraph\" data-prosemirror-node-block=\"true\">Las obras formaron parte de \u201cRespira C\u00f3rdoba\u201d, el programa internacional por el que la Municipalidad de C\u00f3rdoba recibi\u00f3 financiamiento de la Uni\u00f3n Europea para revalorizar el patrimonio, historia y paisaje del \u00c1rea Central de la ciudad.<\/p>\n<p data-prosemirror-content-type=\"node\" data-prosemirror-node-name=\"paragraph\" data-prosemirror-node-block=\"true\">\u201cComo organizaci\u00f3n sindical somos parte de la sociedad, por eso aceptamos el padrinazgo de esta plaza. Se\u00f1or intendente, se ha cumplido con la necesidad de los vecinos. Estas no son palabras, son hechos\u201d, afirm\u00f3 por su parte el secretario general de AGEC, Pablo Chacon.<\/p>\n<p data-prosemirror-content-type=\"node\" data-prosemirror-node-name=\"paragraph\" data-prosemirror-node-block=\"true\">A su tiempo, el presidente del Centro Vecinal de barrio Centro, David Boffa, resalt\u00f3: \u201cSabemos que es un esfuerzo fiscal y humano para el municipio, pero la vemos as\u00ed de linda y estamos muy contentos. Muchas gracias a las autoridades por el trabajo realizado\u201d.<\/p>\n<p data-prosemirror-content-type=\"node\" data-prosemirror-node-name=\"paragraph\" data-prosemirror-node-block=\"true\">Formaron parte de la inauguraci\u00f3n, el viceintendente Javier Pretto; el secretario de Gobierno, Rodrigo Fern\u00e1ndez; el secretario de Fortalecimiento Vecinal y Deportes, H\u00e9ctor \u201cPichi\u201d Campana; entre otras autoridades.<\/p>\n<p data-prosemirror-content-type=\"node\" data-prosemirror-node-name=\"paragraph\" data-prosemirror-node-block=\"true\"><strong data-prosemirror-content-type=\"mark\" data-prosemirror-mark-name=\"strong\">Una intervenci\u00f3n enmarcada en Respira C\u00f3rdoba<\/strong><\/p>\n<p data-prosemirror-content-type=\"node\" data-prosemirror-node-name=\"paragraph\" data-prosemirror-node-block=\"true\">La recuperaci\u00f3n de la Plaza de las Infancias Cordobesas forma parte de Respira C\u00f3rdoba, el programa internacional cofinanciado por la Uni\u00f3n Europea que busca transformar el \u00e1rea central de la ciudad a trav\u00e9s de la revalorizaci\u00f3n de su patrimonio, su historia y su paisaje urbano.<\/p>\n<p data-prosemirror-content-type=\"node\" data-prosemirror-node-name=\"paragraph\" data-prosemirror-node-block=\"true\">A trav\u00e9s de este proyecto, la Municipalidad de C\u00f3rdoba lleva adelante una serie de acciones para fortalecer la infraestructura verde y promover la sostenibilidad. Adem\u00e1s de esta intervenci\u00f3n, Respira C\u00f3rdoba incluye la restauraci\u00f3n del Cabildo Hist\u00f3rico, la puesta en marcha del Observatorio Ambiental, la instalaci\u00f3n de sensores de monitoreo del aire y la incorporaci\u00f3n de equipamiento para estudios ambientales, con el objetivo de construir una ciudad m\u00e1s verde y resiliente.<\/p>\n<p data-prosemirror-content-type=\"node\" data-prosemirror-node-name=\"paragraph\" data-prosemirror-node-block=\"true\">Con esta obra, C\u00f3rdoba sigue consolid\u00e1ndose como una ciudad que apuesta por el bienestar de sus ciudadanos y ciudadanas, creando espacios p\u00fablicos m\u00e1s accesibles, sostenibles y pensados para la comunidad.<\/p>\n","protected":false},"excerpt":{"rendered":"<p>El muro de 80 metros cuadrados cuenta con plantas herb\u00e1ceas y crasas, con un repositorio de agua y fertilizantes de suministro remoto. El espacio verde est\u00e1 ubicado en Jujuy entre la Av. Col\u00f3n y la calle 9 de Julio. Desde hoy, tambi\u00e9n abrir\u00e1 los fines de semana. El intendente Daniel Passerini inaugur\u00f3 las obras de [&hellip;]<\/p>\n","protected":false},"author":1,"featured_media":163221,"comment_status":"closed","ping_status":"closed","sticky":false,"template":"","format":"standard","meta":[],"categories":[44],"tags":[],"_links":{"self":[{"href":"http:\/\/cordobadirecto.com\/index.php\/wp-json\/wp\/v2\/posts\/163220"}],"collection":[{"href":"http:\/\/cordobadirecto.com\/index.php\/wp-json\/wp\/v2\/posts"}],"about":[{"href":"http:\/\/cordobadirecto.com\/index.php\/wp-json\/wp\/v2\/types\/post"}],"author":[{"embeddable":true,"href":"http:\/\/cordobadirecto.com\/index.php\/wp-json\/wp\/v2\/users\/1"}],"replies":[{"embeddable":true,"href":"http:\/\/cordobadirecto.com\/index.php\/wp-json\/wp\/v2\/comments?post=163220"}],"version-history":[{"count":0,"href":"http:\/\/cordobadirecto.com\/index.php\/wp-json\/wp\/v2\/posts\/163220\/revisions"}],"wp:featuredmedia":[{"embeddable":true,"href":"http:\/\/cordobadirecto.com\/index.php\/wp-json\/wp\/v2\/media\/163221"}],"wp:attachment":[{"href":"http:\/\/cordobadirecto.com\/index.php\/wp-json\/wp\/v2\/media?parent=163220"}],"wp:term":[{"taxonomy":"category","embeddable":true,"href":"http:\/\/cordobadirecto.com\/index.php\/wp-json\/wp\/v2\/categories?post=163220"},{"taxonomy":"post_tag","embeddable":true,"href":"http:\/\/cordobadirecto.com\/index.php\/wp-json\/wp\/v2\/tags?post=163220"}],"curies":[{"name":"wp","href":"https:\/\/api.w.org\/{rel}","templated":true}]}}