{"id":163242,"date":"2025-03-11T20:49:18","date_gmt":"2025-03-11T20:49:18","guid":{"rendered":"https:\/\/www.ole.com.ar\/autos\/facundo-chapur-eleccion-victoria-tc-calafate-titulo-talleres-cordoba_0_qFRvZQ9lWN.html"},"modified":"2025-03-11T20:49:18","modified_gmt":"2025-03-11T20:49:18","slug":"chapur-hizo-su-eleccion-el-titulo-de-talleres-o-su-primera-victoria-en-el-tc","status":"publish","type":"post","link":"http:\/\/cordobadirecto.com\/index.php\/2025\/03\/11\/chapur-hizo-su-eleccion-el-titulo-de-talleres-o-su-primera-victoria-en-el-tc\/","title":{"rendered":"Chapur hizo su elecci\u00f3n: \u00bfel t\u00edtulo de Talleres o su primera victoria en el TC?"},"content":{"rendered":"<p><time class=\"createDate\" datetime=\"2025-03-11T17:49:18-03:00\">11\/03\/2025 17:49hs.<\/time><\/p>\n<div id=\"storyBody\">\n<div class=\"custom-text \" readability=\"45\">\n<p><strong>Facundo Chapur <\/strong>arranc\u00f3 marzo con todo. En lo personal, festej\u00f3 su primera victoria en el <strong>Turismo Carretera<\/strong> en El Calafate, pero tambi\u00e9n descorch\u00f3 por el t\u00edtulo de <strong>Talleres.<\/strong> Matador desde la cuna, el piloto de 31 a\u00f1os no se perdi\u00f3 la consagraci\u00f3n en la Supercopa Internacional ante River y, para colmo, le dibuj\u00f3 dos estrellas al Torino que llev\u00f3 a la gloria un par de d\u00edas despu\u00e9s. Terminado un fin de semana para el recuerdo, el cordob\u00e9s habl\u00f3 de todo con Ol\u00e9: el triunfazo en el TC, c\u00f3mo naci\u00f3 su amor por la T <strong>y, como frutillita del postre, con qu\u00e9 se quedar\u00eda, si la victoria fierrera o la futbolera&#8230;<\/strong><\/p>\n<\/div>\n<p><h3><strong>-\u00bfQu\u00e9 signific\u00f3 ganar tu primer carrera en el TC despu\u00e9s de tanta lucha?<\/strong><\/h3>\n<\/p>\n<div class=\"custom-text \" readability=\"39\">\n<p>-Haber ganado despu\u00e9s de tanto&#8230; Desde el karting que uno sue\u00f1a con llegar al Turismo Carretera, y ganar es el premio al esfuerzo, a la dedicaci\u00f3n, constancia y a la resiliencia que uno tiene durante todo lo que pasa. <strong>Pude lograr uno de los tantos objetivos que me propuse<\/strong>, esto nos da bastante fuerza para seguir meti\u00e9ndole.<\/p>\n<\/div>\n<p><h3><strong>-Tambi\u00e9n te puso feliz Talleres&#8230; \u00bfC\u00f3mo naci\u00f3 ese amor?<\/strong><\/h3>\n<\/p>\n<div class=\"custom-text \" readability=\"36\">\n<p>-Talleres viene de familia. Fuimos mucho a la cancha desde la infancia todos los primos y mi viejo, que nos llevaba a todos. <strong>Vamos siempre todos al mismo lugar, a la platea baja del lado de la popular<\/strong>. La familia tiene una linda conexi\u00f3n con el club.<\/p>\n<\/div>\n<p><h3><strong>-\u00bfPudiste ver la Supercopa Internacional?<\/strong><\/h3>\n<\/p>\n<div class=\"custom-text \" readability=\"37\">\n<p>&#8211;<strong>S\u00ed, la final la vi en mi casa con mi novia, los dos solos.<\/strong> Ella no era de C\u00f3rdoba, pero la trajimos y la hicimos hincha de la T. Tenemos poco tiempo juntos pero creo que son lindos momentos. Lo festejamos entre los dos.<\/p>\n<\/div>\n<p><h3><strong>-\u00bfLa consagraci\u00f3n de Talleres te motiv\u00f3 a la hora de correr en El Calafate?<\/strong><\/h3>\n<\/p>\n<div class=\"custom-text \" readability=\"36\">\n<p>-No s\u00e9 si me motiv\u00f3, siempre intento estar motivado m\u00e1s all\u00e1 de todo. <strong>Pero creo que la onda con la que fuimos a la carrera era de festejo<\/strong>, nos contagiaron los Matadores para seguir festejando en El Calafate.<\/p>\n<\/div>\n<p><h3><strong>-Si te tuvieras que quedar con uno solo: \u00bfel t\u00edtulo de Talleres o tu victoria en TC?<\/strong><\/h3>\n<\/p>\n<div class=\"custom-text \" readability=\"39\">\n<p>-Que dif\u00edcil&#8230; Me lo preguntaron varias veces. <strong>Siempre eleg\u00ed la m\u00eda, as\u00ed que ganar yo.<\/strong> Somos un poco ego\u00edstas los pilotos en eso, pensamos en nosotros nom\u00e1s, ja. Viendo como viene la mano, que una cosa atrae a la otra, capaz que nos vino bien que Talleres ganara antes que nosotros.<\/p>\n<\/div>\n<div class=\"sc-e7b891c4-0 ifHnQL image-embed\"><img alt=\"El Torino de Chapur, ganador de la carrera del Turismo Carretera en El Calafate. (Prensa TC \/ ACTC)\" loading=\"lazy\" width=\"720\" height=\"100\" decoding=\"async\" data-nimg=\"1\" src=\"http:\/\/cordobadirecto.com\/wp-content\/uploads\/2025\/03\/chapur-hizo-su-eleccion-el-titulo-de-talleres-o-su-primera-victoria-en-el-tc.jpg\"><span class=\"epigraphe\">El Torino de Chapur, ganador de la carrera del Turismo Carretera en El Calafate. (Prensa TC \/ ACTC)<\/span><\/div>\n<p><h2>La semana de locura de Chapur<\/h2>\n<\/p>\n<div class=\"custom-text \" readability=\"36\">\n<p><strong>Chapur<\/strong> obtuvo su lugar en el <strong>TC <\/strong>en 2024, despu\u00e9s de haberla luchado en otras categor\u00edas como TC Mouras y TC Pista. El cordob\u00e9s no pudo llegar a ning\u00fan podio ese a\u00f1o, pero en 2025 ya consigui\u00f3 ganar su primer carrera en apenas dos fechas.<\/p>\n<\/div>\n<div class=\"custom-text \" readability=\"41\">\n<p>A bordo del Toro Verde, <strong>Chapur<\/strong> tuvo una performance espectacular en la que dej\u00f3 atr\u00e1s a Nicol\u00e1s Bonelli, Mauricio Lambiris y Santiago Mangoni desde su largada como quinto y, a partir de ah\u00ed, corri\u00f3 una carrera aparte con <strong>Trucco<\/strong>. Fue escolta del piloto de Dodge la mayor parte del tiempo, quien le cerr\u00f3 todos los caminos, hasta que la insistencia del cordob\u00e9s sumada a una gran maniobra hicieron que este \u00faltimo se adelantara en la \u00faltima vuelta.<\/p>\n<\/div>\n<div class=\"sc-734b4696-1 kFfZtB\">\n<div class=\"sc-d00d9e74-0 hnHYbk\" type=\"embed\">\n<div class=\"sc-d00d9e74-1 iKVbz videoText\" id=\"contentTitleembedeYYKbgLC\" type=\"embed\"><svg fill=\"#ffffff\"><symbol id=\"play\" viewBox=\"0 0 512 512\"><path d=\"M512 256C512 397.4 397.4 512 256 512C114.6 512 0 397.4 0 256C0 114.6 114.6 0 256 0C397.4 0 512 114.6 512 256zM176 168V344C176 352.7 180.7 360.7 188.3 364.9C195.8 369.2 205.1 369 212.5 364.5L356.5 276.5C363.6 272.1 368 264.4 368 256C368 247.6 363.6 239.9 356.5 235.5L212.5 147.5C205.1 142.1 195.8 142.8 188.3 147.1C180.7 151.3 176 159.3 176 168V168z\" \/><\/symbol><use xlink:href=\"#play\" \/><\/svg><\/p>\n<div class=\"right\">\n<p>Facundo Chapur<!-- --> &#8211; <span>&nbsp;<\/span><\/p>\n<h2 class=\"title-vid\">El adelantamiento de Chapur a Trucco en la \u00faltima vuelta del TC en El Calafate<\/h2>\n<\/div>\n<\/div>\n<p><span class=\"back\" id=\"spanBackembedeYYKbgLC\"><\/span><\/div>\n<div class=\"JWvideoNota_title\">\n<p>Cr\u00e9dito: TV P\u00fablica<\/p>\n<\/div>\n<\/div>\n<p><h2>El v\u00ednculo del piloto con Talleres y el detalle en su Torino<\/h2>\n<\/p>\n<div class=\"custom-text \" readability=\"39\">\n<p>Como buen argentino,<strong> Chapur<\/strong> tambi\u00e9n tiene mantiene una pasi\u00f3n por el f\u00fatbol. El piloto se identifica con el reciente campe\u00f3n de su provincia, <strong>Talleres<\/strong>, e incluso <strong>le hab\u00eda agregado un detalle a su Torino<\/strong> tras la reciente consagraci\u00f3n del club. El piloto ten\u00eda pegado en la puerta de su auto un sticker del escudo de la T, al que <strong>le pint\u00f3 las dos estrellas <\/strong>arriba con fibr\u00f3n.<\/p>\n<\/div>\n<div class=\"custom-text \">\n<ul>\n<li>Por: Ignacio Gigena<\/li>\n<\/ul>\n<\/div>\n<div class=\"sc-734b4696-1 kFfZtB\">\n<div class=\"sc-d00d9e74-0 hnHYbk vertical\" type=\"embed\">\n<div class=\"sc-d00d9e74-1 iKVbz videoText\" id=\"contentTitleembedfvlxvUXD\" type=\"embed\" readability=\"56\"><svg fill=\"#ffffff\"><symbol id=\"play\" viewBox=\"0 0 512 512\"><path d=\"M512 256C512 397.4 397.4 512 256 512C114.6 512 0 397.4 0 256C0 114.6 114.6 0 256 0C397.4 0 512 114.6 512 256zM176 168V344C176 352.7 180.7 360.7 188.3 364.9C195.8 369.2 205.1 369 212.5 364.5L356.5 276.5C363.6 272.1 368 264.4 368 256C368 247.6 363.6 239.9 356.5 235.5L212.5 147.5C205.1 142.1 195.8 142.8 188.3 147.1C180.7 151.3 176 159.3 176 168V168z\" \/><\/symbol><use xlink:href=\"#play\" \/><\/svg><\/p>\n<div class=\"right\" readability=\"7\">\n<p>Talleres de C\u00f3rdoba<!-- --> &#8211; <span>&nbsp;<\/span><\/p>\n<h2 class=\"title-vid\">El detalle que le agreg\u00f3 Chapur a su auto tras el t\u00edtulo de Talleres<\/h2>\n<\/div>\n<\/div>\n<p><span class=\"back\" id=\"spanBackembedfvlxvUXD\"><\/span><\/div>\n<div class=\"JWvideoNota_title\">\n<p>Cr\u00e9ditos: @facuchapur<\/p>\n<\/div>\n<\/div>\n<div class=\"sc-a7166897-0 eoLsBE\" readability=\"6\">\n<section readability=\"2\"><picture><img alt=\"C\u00f3mo sali\u00f3 la clasificaci\u00f3n del TC en El Calafate\" loading=\"lazy\" width=\"290\" height=\"290\" decoding=\"async\" data-nimg=\"1\" src=\"http:\/\/cordobadirecto.com\/wp-content\/uploads\/2025\/03\/chapur-hizo-su-eleccion-el-titulo-de-talleres-o-su-primera-victoria-en-el-tc-1.jpg\"><\/picture>\n<p><span>Mir\u00e1 tambi\u00e9n<\/span><\/p>\n<hr>\n<h3>C\u00f3mo sali\u00f3 la clasificaci\u00f3n del TC en El Calafate<\/h3>\n<\/p>\n<\/section>\n<\/div>\n<div class=\"sc-a7166897-0 eoLsBE\" readability=\"7\">\n<section readability=\"4\"><picture><img alt=\"Valent\u00edn Perrone con Ol\u00e9: naci\u00f3 en Espa\u00f1a, pero eligi\u00f3 a la Argentina y sue\u00f1a con el MotoGP\" loading=\"lazy\" width=\"290\" height=\"290\" decoding=\"async\" data-nimg=\"1\" src=\"http:\/\/cordobadirecto.com\/wp-content\/uploads\/2025\/03\/chapur-hizo-su-eleccion-el-titulo-de-talleres-o-su-primera-victoria-en-el-tc-2.jpg\"><\/picture>\n<p><span>Mir\u00e1 tambi\u00e9n<\/span><\/p>\n<hr>\n<h3>Valent\u00edn Perrone con Ol\u00e9: naci\u00f3 en Espa\u00f1a, pero eligi\u00f3 a la Argentina y sue\u00f1a con el MotoGP<\/h3>\n<\/p>\n<\/section>\n<\/div>\n<div class=\"sc-a7166897-0 eoLsBE\" readability=\"6\">\n<section readability=\"2\"><picture><img alt=\"\u00bfCu\u00e1ndo fue la \u00faltima vez que hubo 11 equipos en la F\u00f3rmula 1?\" loading=\"lazy\" width=\"290\" height=\"290\" decoding=\"async\" data-nimg=\"1\" src=\"http:\/\/cordobadirecto.com\/wp-content\/uploads\/2025\/03\/chapur-hizo-su-eleccion-el-titulo-de-talleres-o-su-primera-victoria-en-el-tc-3.jpg\"><\/picture>\n<p><span>Mir\u00e1 tambi\u00e9n<\/span><\/p>\n<hr>\n<h3>\u00bfCu\u00e1ndo fue la \u00faltima vez que hubo 11 equipos en la F\u00f3rmula 1?<\/h3>\n<\/p>\n<\/section>\n<\/div>\n<\/div>\n","protected":false},"excerpt":{"rendered":"<p>11\/03\/2025 17:49hs. Facundo Chapur arranc\u00f3 marzo con todo. En lo personal, festej\u00f3 su primera victoria en el Turismo Carretera en El Calafate, pero tambi\u00e9n descorch\u00f3 por el t\u00edtulo de Talleres. Matador desde la cuna, el piloto de 31 a\u00f1os no se perdi\u00f3 la consagraci\u00f3n en la Supercopa Internacional ante River y, para colmo, le dibuj\u00f3 [&hellip;]<\/p>\n","protected":false},"author":1,"featured_media":163243,"comment_status":"closed","ping_status":"closed","sticky":false,"template":"","format":"standard","meta":[],"categories":[21],"tags":[],"_links":{"self":[{"href":"http:\/\/cordobadirecto.com\/index.php\/wp-json\/wp\/v2\/posts\/163242"}],"collection":[{"href":"http:\/\/cordobadirecto.com\/index.php\/wp-json\/wp\/v2\/posts"}],"about":[{"href":"http:\/\/cordobadirecto.com\/index.php\/wp-json\/wp\/v2\/types\/post"}],"author":[{"embeddable":true,"href":"http:\/\/cordobadirecto.com\/index.php\/wp-json\/wp\/v2\/users\/1"}],"replies":[{"embeddable":true,"href":"http:\/\/cordobadirecto.com\/index.php\/wp-json\/wp\/v2\/comments?post=163242"}],"version-history":[{"count":0,"href":"http:\/\/cordobadirecto.com\/index.php\/wp-json\/wp\/v2\/posts\/163242\/revisions"}],"wp:featuredmedia":[{"embeddable":true,"href":"http:\/\/cordobadirecto.com\/index.php\/wp-json\/wp\/v2\/media\/163243"}],"wp:attachment":[{"href":"http:\/\/cordobadirecto.com\/index.php\/wp-json\/wp\/v2\/media?parent=163242"}],"wp:term":[{"taxonomy":"category","embeddable":true,"href":"http:\/\/cordobadirecto.com\/index.php\/wp-json\/wp\/v2\/categories?post=163242"},{"taxonomy":"post_tag","embeddable":true,"href":"http:\/\/cordobadirecto.com\/index.php\/wp-json\/wp\/v2\/tags?post=163242"}],"curies":[{"name":"wp","href":"https:\/\/api.w.org\/{rel}","templated":true}]}}