{"id":163244,"date":"2025-03-11T14:28:30","date_gmt":"2025-03-11T14:28:30","guid":{"rendered":"https:\/\/www.ole.com.ar\/autos\/franco-colapinto-nuevo-companero-alpine-presento-cuarto-piloto-reserva-kush-maini_0_rLdiWA66iN.html"},"modified":"2025-03-11T14:28:30","modified_gmt":"2025-03-11T14:28:30","slug":"franco-colapinto-tiene-nuevo-companero-alpine-presento-a-su-cuarto-piloto-de-reserva","status":"publish","type":"post","link":"http:\/\/cordobadirecto.com\/index.php\/2025\/03\/11\/franco-colapinto-tiene-nuevo-companero-alpine-presento-a-su-cuarto-piloto-de-reserva\/","title":{"rendered":"Franco Colapinto tiene nuevo compa\u00f1ero: Alpine present\u00f3 a su cuarto piloto de reserva"},"content":{"rendered":"<p><time class=\"createDate\" datetime=\"2025-03-11T11:28:30-03:00\">11\/03\/2025 11:28hs.<\/time><\/p>\n<div id=\"storyBody\">\n<div class=\"custom-text \" readability=\"37.28328611898\">\n<p>A horas del inicio de una nueva temporada de la <strong><a href=\"https:\/\/www.ole.com.ar\/tema\/formula-1.html\" title=\"F\u00f3rmula 1\" alt=\"F\u00f3rmula 1\" class=\"slug\">F\u00f3rmula 1<\/a><\/strong>, <strong><a href=\"https:\/\/www.ole.com.ar\/tema\/alpine.html\" title=\"Alpine\" alt=\"Alpine\" class=\"slug\">Alpine <\/a><\/strong>sorprendi\u00f3 con un importante anuncio que, inevitablemente, tambi\u00e9n roza de cerca a <strong><a href=\"https:\/\/www.ole.com.ar\/tema\/franco-colapinto.html\" title=\"Franco Colapinto\" alt=\"Franco Colapinto\" class=\"slug\">Franco Colapinto<\/a>: el equipo franc\u00e9s present\u00f3 este martes a Kush Maini como su nuevo piloto de prueba y reserva.<\/strong> El indio, de 24 a\u00f1os, acompa\u00f1ar\u00e1 en este rol <strong>al argentino, Paul Aron y Ryo Hirakawa. <\/strong><\/p>\n<\/div>\n<div class=\"custom-text \" readability=\"38\">\n<p>&#8220;<strong>El equipo de F\u00f3rmula Uno BWT Alpine se complace en anunciar que el piloto de la Academia Alpine Kush Maini se unir\u00e1 al grupo de pilotos de pruebas y reserva del equipo para la temporada 2025<\/strong>. Como piloto de pruebas y reserva, las funciones de Kush consistir\u00e1n en ofrecer un valioso apoyo a los objetivos de desarrollo y puesta a punto del coche del equipo utilizando el simulador de piloto de Enstone, as\u00ed como participar en su programa TPC destinado a mejorar las habilidades al volante de un coche de F\u00f3rmula Uno contempor\u00e1neo y moderno\u201d, anunci\u00f3 el equipo en un comunicado. <\/p>\n<\/div>\n<div class=\"sc-e7b891c4-0 ifHnQL image-embed\"><img alt=\"Alpine present\u00f3 a Kush Maini.\" loading=\"lazy\" width=\"720\" height=\"100\" decoding=\"async\" data-nimg=\"1\" src=\"http:\/\/cordobadirecto.com\/wp-content\/uploads\/2025\/03\/franco-colapinto-tiene-nuevo-companero-alpine-presento-a-su-cuarto-piloto-de-reserva.jpg\"><span class=\"epigraphe\">Alpine present\u00f3 a Kush Maini.<\/span><\/div>\n<div class=\"custom-text \" readability=\"41.009433962264\">\n<p>El flamante nuevo piloto de reserva, ya el cuarto del equipo, se uni\u00f3 a la Academia Alpine en octubre del 2023 y poco a poco fue ganando protagonismo en la <strong><a href=\"https:\/\/www.ole.com.ar\/tema\/formula-2.html\" title=\"F\u00f3rmula 2\" alt=\"F\u00f3rmula 2\" class=\"slug\">F\u00f3rmula 2<\/a>, donde logr\u00f3 cinco podios y una victoria (Hungr\u00eda) en 2024. En el anuncio, la escuadra francesa confirm\u00f3 que, adem\u00e1s de su rol como piloto de reserva, <\/strong>Kush continuar\u00e1 corriendo en la categor\u00eda telonera de la F1 durante 2025, ahora con el equipo DAMS. <\/p>\n<\/div>\n<div class=\"custom-text \" readability=\"37\">\n<p><strong>&#8220;Estoy encantado de asumir el papel de piloto de pruebas y reserva del equipo de F\u00f3rmula 1 BWT Alpine esta temporada. Desde que me un\u00ed a la Academia Alpine el a\u00f1o pasado, fui incre\u00edblemente bien recibido en toda la familia Alpine y estoy agradecido a Flavio y Oliver por su continuo apoyo<\/strong>. Espero tener m\u00e1s tiempo en la pista con los coches de F\u00f3rmula 1 en este puesto y aprovechar lo que ya he aprendido con el equipo en 2024&#8243;, expres\u00f3 la flamante nueva incorporaci\u00f3n. <\/p>\n<\/div>\n<div class=\"custom-text \" readability=\"39\">\n<p>En tanto, Julian Rouse, director de la Academia Alpine, destac\u00f3: &#8220;Kush impresion\u00f3 al equipo con sus actuaciones en el TPC y sus resultados en F\u00f3rmula 2 y esperamos que siga haci\u00e9ndolo en 2025. <strong>Su papel nos permite ampliar a\u00fan m\u00e1s nuestro grupo de talentos, que pueden proporcionar apoyo y recursos a todo el equipo durante la temporada alta&#8221;. <\/strong><\/p>\n<\/div>\n<div class=\"custom-text \" readability=\"36\">\n<p>Cabe destacar que la llegada de Kush no cambia en nada el presente de Franco Colapinto dentro del equipo, quien adem\u00e1s de ser piloto de reserva, <strong>aspira a ocupar la butaca de piloto titular que actualmente pertenece a Jack Doohan.<\/strong><\/p>\n<\/div>\n<p><h2><strong>C\u00f3mo se disputar\u00e1 la primera fecha de la F1 en Australia<\/strong><\/h2>\n<\/p>\n<div class=\"custom-text \" readability=\"43\">\n<p>El campeonato se largar\u00e1 en el trazado de Melbourne, con horarios a contramano para los argentinos. El primer d\u00eda de actividad ser\u00e1 el jueves 13, que a partir de las 22.30 tendr\u00e1 el primer entrenamiento libre, y entrado el viernes 14, desde las 2.00, ser\u00e1 turno de la segunda pr\u00e1ctica. En tanto, a las 22.30, se disputar\u00e1 el \u00faltimo libre. Luego, lo mejor&#8230;<\/p>\n<\/div>\n<div class=\"custom-text \" readability=\"39\">\n<p>El s\u00e1bado 15, a partir de las 2.00, tendr\u00e1 lugar la clasificaci\u00f3n. Finalmente, el domingo 16, con comienzo a la 1.00, se disputar\u00e1 la primera carrera del a\u00f1o. Toda la actividad ser\u00e1 transmitida exclusivamente por Disney+ Premium.<\/p>\n<\/div>\n<div class=\"sc-a7166897-0 eoLsBE\" readability=\"6.5\">\n<section readability=\"3\"><picture><img alt=\"\u00bfChau, Doohan? Colapinto pone en riesgo al australiano seg\u00fan los medios locales\" loading=\"lazy\" width=\"290\" height=\"290\" decoding=\"async\" data-nimg=\"1\" src=\"http:\/\/cordobadirecto.com\/wp-content\/uploads\/2025\/03\/franco-colapinto-tiene-nuevo-companero-alpine-presento-a-su-cuarto-piloto-de-reserva-1.jpg\"><\/picture>\n<p><span>Mir\u00e1 tambi\u00e9n<\/span><\/p>\n<hr>\n<h3>\u00bfChau, Doohan? Colapinto pone en riesgo al australiano seg\u00fan los medios locales<\/h3>\n<\/p>\n<\/section>\n<\/div>\n<div class=\"sc-a7166897-0 eoLsBE\" readability=\"6\">\n<section readability=\"2\"><picture><img alt=\"Un ex piloto de F1 dispar\u00f3 contra Doohan: &quot;Si no rinde...&quot;\" loading=\"lazy\" width=\"290\" height=\"290\" decoding=\"async\" data-nimg=\"1\" src=\"http:\/\/cordobadirecto.com\/wp-content\/uploads\/2025\/03\/franco-colapinto-tiene-nuevo-companero-alpine-presento-a-su-cuarto-piloto-de-reserva-2.jpg\"><\/picture>\n<p><span>Mir\u00e1 tambi\u00e9n<\/span><\/p>\n<hr>\n<h3>Un ex piloto de F1 dispar\u00f3 contra Doohan: &#8220;Si no rinde&#8230;&#8221;<\/h3>\n<\/p>\n<\/section>\n<\/div>\n<div class=\"sc-a7166897-0 eoLsBE\" readability=\"6\">\n<section readability=\"2\"><picture><img alt=\"\u00bfCu\u00e1ndo fue la \u00faltima vez que hubo 11 equipos en la F\u00f3rmula 1?\" loading=\"lazy\" width=\"290\" height=\"290\" decoding=\"async\" data-nimg=\"1\" src=\"http:\/\/cordobadirecto.com\/wp-content\/uploads\/2025\/03\/franco-colapinto-tiene-nuevo-companero-alpine-presento-a-su-cuarto-piloto-de-reserva-3.jpg\"><\/picture>\n<p><span>Mir\u00e1 tambi\u00e9n<\/span><\/p>\n<hr>\n<h3>\u00bfCu\u00e1ndo fue la \u00faltima vez que hubo 11 equipos en la F\u00f3rmula 1?<\/h3>\n<\/p>\n<\/section>\n<\/div>\n<\/div>\n","protected":false},"excerpt":{"rendered":"<p>11\/03\/2025 11:28hs. A horas del inicio de una nueva temporada de la F\u00f3rmula 1, Alpine sorprendi\u00f3 con un importante anuncio que, inevitablemente, tambi\u00e9n roza de cerca a Franco Colapinto: el equipo franc\u00e9s present\u00f3 este martes a Kush Maini como su nuevo piloto de prueba y reserva. El indio, de 24 a\u00f1os, acompa\u00f1ar\u00e1 en este rol [&hellip;]<\/p>\n","protected":false},"author":1,"featured_media":163245,"comment_status":"closed","ping_status":"closed","sticky":false,"template":"","format":"standard","meta":[],"categories":[21],"tags":[],"_links":{"self":[{"href":"http:\/\/cordobadirecto.com\/index.php\/wp-json\/wp\/v2\/posts\/163244"}],"collection":[{"href":"http:\/\/cordobadirecto.com\/index.php\/wp-json\/wp\/v2\/posts"}],"about":[{"href":"http:\/\/cordobadirecto.com\/index.php\/wp-json\/wp\/v2\/types\/post"}],"author":[{"embeddable":true,"href":"http:\/\/cordobadirecto.com\/index.php\/wp-json\/wp\/v2\/users\/1"}],"replies":[{"embeddable":true,"href":"http:\/\/cordobadirecto.com\/index.php\/wp-json\/wp\/v2\/comments?post=163244"}],"version-history":[{"count":0,"href":"http:\/\/cordobadirecto.com\/index.php\/wp-json\/wp\/v2\/posts\/163244\/revisions"}],"wp:featuredmedia":[{"embeddable":true,"href":"http:\/\/cordobadirecto.com\/index.php\/wp-json\/wp\/v2\/media\/163245"}],"wp:attachment":[{"href":"http:\/\/cordobadirecto.com\/index.php\/wp-json\/wp\/v2\/media?parent=163244"}],"wp:term":[{"taxonomy":"category","embeddable":true,"href":"http:\/\/cordobadirecto.com\/index.php\/wp-json\/wp\/v2\/categories?post=163244"},{"taxonomy":"post_tag","embeddable":true,"href":"http:\/\/cordobadirecto.com\/index.php\/wp-json\/wp\/v2\/tags?post=163244"}],"curies":[{"name":"wp","href":"https:\/\/api.w.org\/{rel}","templated":true}]}}