{"id":163252,"date":"2025-03-12T18:31:48","date_gmt":"2025-03-12T18:31:48","guid":{"rendered":"https:\/\/puntoapunto.com.ar\/?p=370875"},"modified":"2025-03-12T18:31:48","modified_gmt":"2025-03-12T18:31:48","slug":"melconian-en-expoagro-el-escenario-esta-a-punto-caramelo-para-discutir-la-quita-de-retenciones","status":"publish","type":"post","link":"http:\/\/cordobadirecto.com\/index.php\/2025\/03\/12\/melconian-en-expoagro-el-escenario-esta-a-punto-caramelo-para-discutir-la-quita-de-retenciones\/","title":{"rendered":"Melconian en Expoagro: \u00abel escenario est\u00e1 a punto caramelo para discutir la quita de retenciones\u00bb"},"content":{"rendered":"<p>&nbsp;<!-- \u00a1O bien no hay banners, estan desactivados o no estan programados para esta ubicaci\u00f3n! -->\n<\/p>\n<p>&nbsp;\n<\/p>\n<p>Durante el Foro Econ\u00f3mico que se lleva a cabo en la Capital Nacional de los Agronegocios, el economista Carlos Melconian titul\u00f3 su exposici\u00f3n \u201cMilei a\u00f1o II: Como sigue esta pel\u00edcula\u201d y, en ese sentido record\u00f3 que \u201chablaba de equilibrio fiscal antes de que Milei (presidente de la Naci\u00f3n) participara en la pol\u00edtica\u201d.\n<\/p>\n<p>Y luego, reafirm\u00f3: \u201cDesde ah\u00ed digo: hay chance de sentarse a discutir ese tema, y el apuro lo da que el combo del campo, que incluye clima, tipo de cambio, retenciones, precio internacional, performance fiscal, hoy amerita discutir las retenciones. Lo amerita y se puede\u201d.\n<\/p>\n<p>\u201cMucho jode el contexto internacional por doble v\u00eda. Primero porque los precios no son los mejores. Y segundo porque el amigo Trump desayuda en lugar de ayudar\u201d, dijo, a\u00f1adiendo que \u201cel campo tiene un combo donde la macroeconom\u00eda pesa y hay cosas que no pesan\u201d, diferenci\u00f3.<!-- \u00a1O bien no hay banners, estan desactivados o no estan programados para esta ubicaci\u00f3n! -->\n<\/p>\n<p>En esa l\u00ednea expres\u00f3: \u201cel clima y los precios internacionales, no son de la macro. Ac\u00e1 no apret\u00e1s un bot\u00f3n y suben los precios en Chicago. El tipo de cambio y lo impositivo s\u00ed son de la macro. Entonces, se va zafando ah\u00ed. Cuando las cuatro cosas vienen mal, est\u00e1 jodido. Ese es el tema que lo agarr\u00f3 al campo, que, se sobrellev\u00f3, se tap\u00f3, porque eso ocurri\u00f3 en un a\u00f1o, no el de la sequ\u00eda. Entonces se confundi\u00f3 porque la recuperaci\u00f3n del volumen del campo convivi\u00f3 con la baj\u00edsima rentabilidad\u201d.<\/p>\n<p>Acerca de algunas prioridades para el escenario econ\u00f3mico argentino, destac\u00f3: \u201cHoy le prestar\u00eda much\u00edsima m\u00e1s atenci\u00f3n a lo que llamo el combo externo. El combo externo no es el cepo. No es sac\u00e1s el cepo, pon\u00e9s el cepo; devalu\u00e1s o no devalu\u00e1s. El combo es el acceso a los mercados, tema central, el acuerdo con el fondo, la pol\u00edtica cambiaria, el r\u00e9gimen cambiario y el control de cambio\u201d.\n<\/p>\n<p>Ante lo que describi\u00f3 sugiri\u00f3 que \u201chay que sentarse a discutir ese combo. No es sac\u00e1s el cepo, pon\u00e9s el cepo; cerr\u00e1s con el fondo, no cerr\u00e1s con el fondo; entran 20.000 palos, no entran 20.000 palos. Esas son cuestiones pelotudas (sic), donde ya no me da gana ni discutirla. No tiene gollete esa discusi\u00f3n\u201d, concluy\u00f3.\n<\/p>\n<p>Para Melconian hay una cuesti\u00f3n para atender: \u201cEs que, si Argentina vuelve a los mercados voluntarios de capital, es exitoso, y si Argentina no vuelve a los mercados financieros internacionales, fracasa\u201d.\n<\/p>\n<p>En su participaci\u00f3n en la Capital Nacional de los Agronegocios, el economista recomend\u00f3: \u201cHay que mirar c\u00f3mo hacemos para subir la producci\u00f3n de nuevo del campo, con los factores donde vos pod\u00e9s hacer cosas y los factores donde no pod\u00e9s hacer nada\u201d, reafirmando que \u201cen este momento est\u00e1 a punto caramelo para discutir la quita de retenciones, porque el peso de las retenciones, en el total de la recaudaci\u00f3n, ha ca\u00eddo. S\u00ed hay que revisar producto por producto\u201d, indic\u00f3 finalmente.\n<\/p>\n<p>&nbsp;\n<\/p>\n<div class=\"g g-38\">\n<div class=\"g-dyn a-12 c-1\"><a class=\"gofollow\" data-track=\"MTIsMzgsMSw2MA==\" href=\"https:\/\/hospitalprivado.com.ar\/blog\/institucional\/somos-la-primera-institucion-del-interior-del-pais-en-acreditar-joint-commission-international.html\" target=\"_blank\" rel=\"noopener\"><img src=\"http:\/\/cordobadirecto.com\/wp-content\/uploads\/2025\/03\/melconian-en-expoagro-el-escenario-esta-a-punto-caramelo-para-discutir-la-quita-de-retenciones.gif\" loading=\"lazy\"><\/a><\/div>\n<\/div>\n","protected":false},"excerpt":{"rendered":"<p>&nbsp; &nbsp; Durante el Foro Econ\u00f3mico que se lleva a cabo en la Capital Nacional de los Agronegocios, el economista Carlos Melconian titul\u00f3 su exposici\u00f3n \u201cMilei a\u00f1o II: Como sigue esta pel\u00edcula\u201d y, en ese sentido record\u00f3 que \u201chablaba de equilibrio fiscal antes de que Milei (presidente de la Naci\u00f3n) participara en la pol\u00edtica\u201d. Y [&hellip;]<\/p>\n","protected":false},"author":1,"featured_media":163253,"comment_status":"closed","ping_status":"closed","sticky":false,"template":"","format":"standard","meta":[],"categories":[25],"tags":[],"_links":{"self":[{"href":"http:\/\/cordobadirecto.com\/index.php\/wp-json\/wp\/v2\/posts\/163252"}],"collection":[{"href":"http:\/\/cordobadirecto.com\/index.php\/wp-json\/wp\/v2\/posts"}],"about":[{"href":"http:\/\/cordobadirecto.com\/index.php\/wp-json\/wp\/v2\/types\/post"}],"author":[{"embeddable":true,"href":"http:\/\/cordobadirecto.com\/index.php\/wp-json\/wp\/v2\/users\/1"}],"replies":[{"embeddable":true,"href":"http:\/\/cordobadirecto.com\/index.php\/wp-json\/wp\/v2\/comments?post=163252"}],"version-history":[{"count":0,"href":"http:\/\/cordobadirecto.com\/index.php\/wp-json\/wp\/v2\/posts\/163252\/revisions"}],"wp:featuredmedia":[{"embeddable":true,"href":"http:\/\/cordobadirecto.com\/index.php\/wp-json\/wp\/v2\/media\/163253"}],"wp:attachment":[{"href":"http:\/\/cordobadirecto.com\/index.php\/wp-json\/wp\/v2\/media?parent=163252"}],"wp:term":[{"taxonomy":"category","embeddable":true,"href":"http:\/\/cordobadirecto.com\/index.php\/wp-json\/wp\/v2\/categories?post=163252"},{"taxonomy":"post_tag","embeddable":true,"href":"http:\/\/cordobadirecto.com\/index.php\/wp-json\/wp\/v2\/tags?post=163252"}],"curies":[{"name":"wp","href":"https:\/\/api.w.org\/{rel}","templated":true}]}}