{"id":163255,"date":"2025-03-12T18:54:04","date_gmt":"2025-03-12T18:54:04","guid":{"rendered":"https:\/\/es.digitaltrends.com\/?p=1061443"},"modified":"2025-03-12T18:54:04","modified_gmt":"2025-03-12T18:54:04","slug":"de-stranger-things-a-la-franquicia-spider-man-el-camino-de-sadie-sink","status":"publish","type":"post","link":"http:\/\/cordobadirecto.com\/index.php\/2025\/03\/12\/de-stranger-things-a-la-franquicia-spider-man-el-camino-de-sadie-sink\/","title":{"rendered":"De Stranger Things a la franquicia Spider-Man: el camino de Sadie Sink"},"content":{"rendered":"<div><img src=\"http:\/\/cordobadirecto.com\/wp-content\/uploads\/2025\/03\/de-stranger-things-a-la-franquicia-spider-man-el-camino-de-sadie-sink.jpg\" class=\"ff-og-image-inserted\"><\/div>\n<p><a href=\"https:\/\/es.digitaltrends.com\/entretenimiento\/tom-holland-protagonizara-pelicula-cristopher-nolan\/\"><strong>Tom Holland<\/strong><\/a> ya no se siente tan solo en su regreso a <a href=\"https:\/\/es.digitaltrends.com\/entretenimiento\/spider-man-4-director\/\"><em><strong>Spider-Man<\/strong><\/em><\/a>, ya que su co-protagonista est\u00e1 llegando directamente desde el inframundo de <a href=\"https:\/\/es.digitaltrends.com\/entretenimiento\/stranger-things-5-rumores-fecha-actores-historia\/\"><em><strong>Stranger Things<\/strong><\/em><\/a>. Seg\u00fan informaci\u00f3n entregadas al sitio especializado Deadline, Sadie Sink, se unir\u00e1 a la secuela de Sony Pictures y Marvel Studios.&nbsp;<\/p>\n<p>\u00abEn cuanto a qui\u00e9n interpretar\u00e1 Sink, la teor\u00eda predominante es que ser\u00e1 presentada como el personaje&nbsp;<em>de X-Men<\/em>, Jean Grey, pero no descartes la idea de que aparezca como otro querido personaje&nbsp;<em>pelirrojo de Spider-Man\u00bb, <\/em>sostiene Deadline.<\/p>\n<div class=\"b-connatix b-connatix--video\" id=\"dt-cnx-container-67d1dc1121883\">\n<div class=\"b-connatix__label\"> Recommended Videos <\/div>\n<div class=\"b-connatix__container\"> <\/div>\n<\/div>\n<p>Sadie Sink es ampliamente conocida por su papel como Max Mayfield en la serie de Netflix \u00abStranger Things\u00bb. Naci\u00f3 el 16 de abril de 2002 en Brenham, Texas y tambi\u00e9n ha participado en otras producciones como la trilog\u00eda de pel\u00edculas \u00abLa calle del terror\u00bb y el cortometraje \u00abAll Too Well: The Short Film\u00bb de Taylor Swift.<\/p>\n<p>Sobre la pel\u00edcula, Destin Daniel Cretton est\u00e1 dirigiendo, con Amy Pascal y el presidente de Marvel Kevin Feige como productores.<\/p>\n<p> <span id=\"publisher-md\" itemprop=\"publisher\" itemscope itemtype=\"https:\/\/schema.org\/Organization\"> <span itemprop=\"url\" itemtype=\"https:\/\/schema.org\/Url\" content=\"https:\/\/es.digitaltrends.com\"> <span itemprop=\"logo\" itemscope itemtype=\"https:\/\/schema.org\/ImageObject\"> <meta itemprop=\"url\" content=\"https:\/\/cdn.dtcn.com\/dt\/dt-logo-small.png\"> <meta itemprop=\"width\" content=\"0\"> <meta itemprop=\"height\" content=\"0\"> <\/span> <meta itemprop=\"name\" content=\"Digital Trends Espa\u00f1ol\"> <\/span> <span itemprop=\"image\" itemscope itemtype=\"https:\/\/schema.org\/ImageObject\"> <meta itemprop=\"url\" content=\"https:\/\/es.digitaltrends.com\/wp-content\/uploads\/2025\/03\/sadie-sink-portrait-4480x2520-13026.jpg?p=1\"> <\/span> <\/span> <\/p>\n","protected":false},"excerpt":{"rendered":"<p>Tom Holland ya no se siente tan solo en su regreso a Spider-Man, ya que su co-protagonista est\u00e1 llegando directamente desde el inframundo de Stranger Things. Seg\u00fan informaci\u00f3n entregadas al sitio especializado Deadline, Sadie Sink, se unir\u00e1 a la secuela de Sony Pictures y Marvel Studios.&nbsp; \u00abEn cuanto a qui\u00e9n interpretar\u00e1 Sink, la teor\u00eda predominante [&hellip;]<\/p>\n","protected":false},"author":1,"featured_media":163256,"comment_status":"closed","ping_status":"closed","sticky":false,"template":"","format":"standard","meta":[],"categories":[18],"tags":[],"_links":{"self":[{"href":"http:\/\/cordobadirecto.com\/index.php\/wp-json\/wp\/v2\/posts\/163255"}],"collection":[{"href":"http:\/\/cordobadirecto.com\/index.php\/wp-json\/wp\/v2\/posts"}],"about":[{"href":"http:\/\/cordobadirecto.com\/index.php\/wp-json\/wp\/v2\/types\/post"}],"author":[{"embeddable":true,"href":"http:\/\/cordobadirecto.com\/index.php\/wp-json\/wp\/v2\/users\/1"}],"replies":[{"embeddable":true,"href":"http:\/\/cordobadirecto.com\/index.php\/wp-json\/wp\/v2\/comments?post=163255"}],"version-history":[{"count":0,"href":"http:\/\/cordobadirecto.com\/index.php\/wp-json\/wp\/v2\/posts\/163255\/revisions"}],"wp:featuredmedia":[{"embeddable":true,"href":"http:\/\/cordobadirecto.com\/index.php\/wp-json\/wp\/v2\/media\/163256"}],"wp:attachment":[{"href":"http:\/\/cordobadirecto.com\/index.php\/wp-json\/wp\/v2\/media?parent=163255"}],"wp:term":[{"taxonomy":"category","embeddable":true,"href":"http:\/\/cordobadirecto.com\/index.php\/wp-json\/wp\/v2\/categories?post=163255"},{"taxonomy":"post_tag","embeddable":true,"href":"http:\/\/cordobadirecto.com\/index.php\/wp-json\/wp\/v2\/tags?post=163255"}],"curies":[{"name":"wp","href":"https:\/\/api.w.org\/{rel}","templated":true}]}}