{"id":163261,"date":"2025-03-10T12:19:28","date_gmt":"2025-03-10T12:19:28","guid":{"rendered":"https:\/\/cordoba.gob.ar\/?p=75318"},"modified":"2025-03-10T12:19:28","modified_gmt":"2025-03-10T12:19:28","slug":"carnaval-de-jazz-2025-este-lunes-vuelve-el-festival-que-llena-de-musica-y-color-las-calles-de-guemes-y-el-centro-de-cordoba","status":"publish","type":"post","link":"http:\/\/cordobadirecto.com\/index.php\/2025\/03\/10\/carnaval-de-jazz-2025-este-lunes-vuelve-el-festival-que-llena-de-musica-y-color-las-calles-de-guemes-y-el-centro-de-cordoba\/","title":{"rendered":"Carnaval de Jazz 2025: este lunes vuelve el festival que llena de m\u00fasica y color las calles de G\u00fcemes y el centro de C\u00f3rdoba"},"content":{"rendered":"<div><img src=\"http:\/\/cordobadirecto.com\/wp-content\/uploads\/2025\/03\/carnaval-de-jazz-2025-este-lunes-vuelve-el-festival-que-llena-de-musica-y-color-las-calles-de-guemes-y-el-centro-de-cordoba.jpg\" class=\"ff-og-image-inserted\"><\/div>\n<ul>\n<li aria-level=\"1\"><strong>El desfile partir\u00e1 a las 19:00 desde la esquina de Ach\u00e1val Rodr\u00edguez y Belgrano.<\/strong><\/li>\n<li aria-level=\"1\"><strong>La caravana de m\u00fasicos repartir\u00e1 su alegr\u00eda hasta el escenario ubicado en la explanada del Palacio 6 de Julio, donde se realizar\u00e1n los shows.<\/strong><\/li>\n<\/ul>\n<hr>\n<p><span>Comienza la semana y tambi\u00e9n la fiesta popular que se gan\u00f3 un lugar en el coraz\u00f3n musical de la ciudad: el Carnaval del Jazz 2025. Organizado por la Municipalidad de C\u00f3rdoba, la celebraci\u00f3n iniciar\u00e1 a las 19:00 con el desfile de m\u00fasicos que partir\u00e1 desde Ach\u00e1val Rodr\u00edguez esquina Belgrano.<\/span><\/p>\n<p><span>La caravana se trasladar\u00e1 junto a los artistas hasta la explanada del Palacio 6 de Julio, donde habr\u00e1 shows en vivo hasta las 23:00 horas.<\/span><\/p>\n<p><span>Durante el recorrido se podr\u00e1 observar a un personaje de traje negro con paraguas: es el encargado de dirigir el desfile que contar\u00e1 con la participaci\u00f3n de la \u201cSmall Jazz Band\u201d, \u201cAlapar\u201d (int\u00e9rpretes musicales), \u201cC\u00f3rdoba Swing\u201d (baile), \u201cDai Zapata, Tap y Swing\u201d (baile) y \u201cGrand Marshall\u201d.<\/span><\/p>\n<p><span>Lo impresionante es que unos 15 m\u00fasicos se sumar\u00e1n a las dos bandas, adem\u00e1s de bailarines de participaci\u00f3n espont\u00e1nea y el p\u00fablico en general, que podr\u00e1n vestirse con collares, sombrillas, paraguas y dem\u00e1s tradiciones del Mardi Gras, o bien, atuendos de los a\u00f1os 20.<\/span><\/p>\n<p><span>Esta gran fiesta popular que se replica en el mundo, contin\u00faa con diferentes shows en la explanada y escalinatas del Palacio Municipal \u201c6 de julio\u201d.<\/span><\/p>\n<p><span>Actuar\u00e1n la tradicional \u201cSmall Jazz Band\u201d, \u201cAlapar\u201d, \u201cBlues Velvet\u201d, \u201cC\u00e9sar Valdomir Blues Band\u201d, acompa\u00f1ando con baile \u201cC\u00f3rdoba Swing\u201d y \u201cDai Zapata, Tap y Swing\u201d.<\/span><\/p>\n<p><span>El jazz es un g\u00e9nero musical que ha trascendido fronteras y se ha convertido en una expresi\u00f3n art\u00edstica que une a personas de diferentes culturas y nacionalidades. Con el tiempo, trasciende la variedad de estilos jazzeros, desde el cl\u00e1sico hasta el jazz fusi\u00f3n. Este viernes, C\u00f3rdoba ser\u00e1 la capital internacional del Jazz.<\/span><\/p>\n","protected":false},"excerpt":{"rendered":"<p>El desfile partir\u00e1 a las 19:00 desde la esquina de Ach\u00e1val Rodr\u00edguez y Belgrano. La caravana de m\u00fasicos repartir\u00e1 su alegr\u00eda hasta el escenario ubicado en la explanada del Palacio 6 de Julio, donde se realizar\u00e1n los shows. Comienza la semana y tambi\u00e9n la fiesta popular que se gan\u00f3 un lugar en el coraz\u00f3n musical [&hellip;]<\/p>\n","protected":false},"author":1,"featured_media":163262,"comment_status":"closed","ping_status":"closed","sticky":false,"template":"","format":"standard","meta":[],"categories":[44],"tags":[],"_links":{"self":[{"href":"http:\/\/cordobadirecto.com\/index.php\/wp-json\/wp\/v2\/posts\/163261"}],"collection":[{"href":"http:\/\/cordobadirecto.com\/index.php\/wp-json\/wp\/v2\/posts"}],"about":[{"href":"http:\/\/cordobadirecto.com\/index.php\/wp-json\/wp\/v2\/types\/post"}],"author":[{"embeddable":true,"href":"http:\/\/cordobadirecto.com\/index.php\/wp-json\/wp\/v2\/users\/1"}],"replies":[{"embeddable":true,"href":"http:\/\/cordobadirecto.com\/index.php\/wp-json\/wp\/v2\/comments?post=163261"}],"version-history":[{"count":0,"href":"http:\/\/cordobadirecto.com\/index.php\/wp-json\/wp\/v2\/posts\/163261\/revisions"}],"wp:featuredmedia":[{"embeddable":true,"href":"http:\/\/cordobadirecto.com\/index.php\/wp-json\/wp\/v2\/media\/163262"}],"wp:attachment":[{"href":"http:\/\/cordobadirecto.com\/index.php\/wp-json\/wp\/v2\/media?parent=163261"}],"wp:term":[{"taxonomy":"category","embeddable":true,"href":"http:\/\/cordobadirecto.com\/index.php\/wp-json\/wp\/v2\/categories?post=163261"},{"taxonomy":"post_tag","embeddable":true,"href":"http:\/\/cordobadirecto.com\/index.php\/wp-json\/wp\/v2\/tags?post=163261"}],"curies":[{"name":"wp","href":"https:\/\/api.w.org\/{rel}","templated":true}]}}