{"id":163284,"date":"2025-03-12T22:33:32","date_gmt":"2025-03-12T22:33:32","guid":{"rendered":"https:\/\/www.ole.com.ar\/autos\/saber-formula-1-f1-gp-australia-colapinto_0_9YxAXC08bb.html"},"modified":"2025-03-12T22:33:32","modified_gmt":"2025-03-12T22:33:32","slug":"todo-lo-que-hay-que-saber-de-la-formula-1-antes-de-que-se-largue-en-australia","status":"publish","type":"post","link":"http:\/\/cordobadirecto.com\/index.php\/2025\/03\/12\/todo-lo-que-hay-que-saber-de-la-formula-1-antes-de-que-se-largue-en-australia\/","title":{"rendered":"Todo lo que hay que saber de la F\u00f3rmula 1 antes de que se largue en Australia"},"content":{"rendered":"<p><time class=\"createDate\" datetime=\"2025-03-12T19:33:32-03:00\">12\/03\/2025 19:33hs.<\/time><\/p>\n<div id=\"storyBody\">\n<div class=\"custom-text \" readability=\"33.664948453608\">\n<p>Cuando se hagan las 22.30, enciendan la tele y vean a los primeros autos salir de boxes, los argentinos estar\u00e1n pensando en una sola cosa: \u00bfcu\u00e1ndo aparecer\u00e1 Franco Colapinto? \u00c9l estar\u00e1 ah\u00ed, en el GP de Australia que marcar\u00e1 el inicio de F\u00f3rmula 1, pero guardadito, siguiendo en silencio a Jack Doohan,<strong><a href=\"https:\/\/www.ole.com.ar\/autos\/franco-colapinto-formula-1-alpine-australia-guino_0_CokUlgrQoW.html\" target=\"_self\" title=\" a quien esperar\u00e1 arrebatarle el puesto en Alpine, y so\u00f1ando con su regreso.\" alt=\" a quien esperar\u00e1 arrebatarle el puesto en Alpine, y so\u00f1ando con su regreso.\" rel=\"noopener\"> a quien esperar\u00e1 arrebatarle el puesto en Alpine, y so\u00f1ando con su regreso.<\/a><\/strong><\/p>\n<\/div>\n<div class=\"custom-text \" readability=\"41\">\n<p>Si ser\u00e1 en cinco, seis o siete carreras, nadie lo sabe. Que su equipo lo quiere ver corriendo a la par de los mejores, un hecho. Mientras tanto, a deleitarse con una M\u00e1xima que, si bien no ofrecer\u00e1 a un piloto albiceleste al que seguir, compensar\u00e1 con un sinf\u00edn de novedades y la que promete ser la batalla m\u00e1s ajustada de la era h\u00edbrida.<\/p>\n<\/div>\n<div class=\"sc-e7b891c4-0 ifHnQL image-embed\"><img alt=\"El equipo Alpine 2025, con Colapinto y Briatore (@AlpineF1Team).\" loading=\"lazy\" width=\"720\" height=\"100\" decoding=\"async\" data-nimg=\"1\" src=\"http:\/\/cordobadirecto.com\/wp-content\/uploads\/2025\/03\/todo-lo-que-hay-que-saber-de-la-formula-1-antes-de-que-se-largue-en-australia.jpg\"><span class=\"epigraphe\">El equipo Alpine 2025, con Colapinto y Briatore (@AlpineF1Team).<\/span><\/div>\n<div class=\"custom-text \" readability=\"43\">\n<p>Si hay alg\u00fan principiante con ganas de engancharse a la M\u00e1xima, quiz\u00e1s motivado por la serie Drive to Survive (como spoiler, no hay mucho contenido de Franco en la \u00faltima temporada), vale la pena hacer un repaso r\u00e1pido: el \u00faltimo campe\u00f3n fue Max Verstappen, que gan\u00f3 su cuarto t\u00edtulo al hilo, aunque se prev\u00e9 que la tenga m\u00e1s dif\u00edcil en 2025 dado el baj\u00f3n que sufri\u00f3 Red Bull (sin ir m\u00e1s lejos, perdi\u00f3 en manos de McLaren y Ferrari en la tabla de constructores). <strong>Esas tres marcas, a las que se les suma un Mercedes con ganas de resurgir -dio se\u00f1ales de vida en 2024-, pintan para dar pelea por la copa.<\/strong><\/p>\n<\/div>\n<div class=\"custom-text \" readability=\"49\">\n<p>\u00bfY en el apartado pilotos? Miles de cambios. L\u00f3gicamente, el m\u00e1s resonante fue el de Lewis Hamilton, que gan\u00f3 seis t\u00edtulos con las Flechas Plateadas y acept\u00f3 el desaf\u00edo de llevar a la gloria a la Scuderia tras 17 a\u00f1os. No obstante, hubo varios otros que hicieron ruido: Carlos Sainz, de Ferrari a Williams; Nico Hulkenberg, de Haas a Sauber, y la adhesi\u00f3n de cinco novatos. <strong>Estos son Kimi Antonelli, italianito de 18 a\u00f1os que cargar\u00e1 la mochila de reemplazar a Hamilton en Mercedes; Oliver Bearman, quien corri\u00f3 un par de carreras y fue oficializado en Haas; Isack Hadjar, en Racing Bulls; Gabriel Bortoleto, campe\u00f3n de la F2 y nueva cara de Sauber, y Jack Doohan, al que m\u00e1s atenci\u00f3n le pondr\u00e1n los argentinos. Hoy, a las 22.30 (por Fox Sports y Disney+ Premium), se viene lo bueno.<\/strong><\/p>\n<\/div>\n<p><h2><strong>El uno por uno de todos los Grandes Premios de la F\u00f3rmula 1 2025<\/strong><\/h2>\n<\/p>\n<div class=\"custom-text \" readability=\"32\">\n<p>Australia | Melbourne: 14 al 16 de marzo<\/p>\n<\/div>\n<div class=\"custom-text \" readability=\"32\">\n<p>China | Shangai: 21 al 23 de marzo<\/p>\n<\/div>\n<div class=\"custom-text \" readability=\"32\">\n<p>Jap\u00f3n | Suzuka: 4 al 6 de abril<\/p>\n<\/div>\n<div class=\"custom-text \" readability=\"32\">\n<p>Bahr\u00e9in | Sakhir: 11 al 13 de abril<\/p>\n<\/div>\n<div class=\"custom-text \" readability=\"32\">\n<p>Arabia Saudita | Yedda: 18 al 20 de abril<\/p>\n<\/div>\n<div class=\"custom-text \" readability=\"32\">\n<p>Estados Unidos | Miami: 2 al 4 de mayo<\/p>\n<\/div>\n<div class=\"custom-text \" readability=\"32\">\n<p>Italia | Imola: 16 al 18 de mayo<\/p>\n<\/div>\n<div class=\"custom-text \" readability=\"32\">\n<p>M\u00f3naco | M\u00f3naco: 23 al 25 de mayo<\/p>\n<\/div>\n<div class=\"custom-text \" readability=\"32\">\n<p>Espa\u00f1a | Barcelona: 30 de mayo al 1\u00b0 de junio<\/p>\n<\/div>\n<div class=\"custom-text \" readability=\"32\">\n<p>Canad\u00e1 | Montreal: 13 al 15 de junio<\/p>\n<\/div>\n<div class=\"custom-text \" readability=\"32\">\n<p>Austria | Spielberg: 27 al 29 de junio<\/p>\n<\/div>\n<div class=\"custom-text \" readability=\"32\">\n<p>Reino Unido | Silverstone: 4 al 6 de julio<\/p>\n<\/div>\n<div class=\"custom-text \" readability=\"32\">\n<p>B\u00e9lgica | Spa-Francorchamps: 25 al 27 de julio<\/p>\n<\/div>\n<div class=\"custom-text \" readability=\"32\">\n<p>Hungr\u00eda | Budapest: 1 al 3 de agosto<\/p>\n<\/div>\n<div class=\"custom-text \" readability=\"32\">\n<p>Pa\u00edses Bajos | Zandvoort: 29 al 31 de agosto<\/p>\n<\/div>\n<div class=\"custom-text \" readability=\"32\">\n<p>Italia | Monza: 5 al 7 de septiembre<\/p>\n<\/div>\n<div class=\"custom-text \" readability=\"32\">\n<p>Azerbaiy\u00e1n | Bak\u00fa: 19 al 21 de septiembre<\/p>\n<\/div>\n<div class=\"custom-text \" readability=\"32\">\n<p>Singapur | Singapur: 3 al 5 de octubre<\/p>\n<\/div>\n<div class=\"custom-text \" readability=\"32\">\n<p>Estados Unidos | Austin: 17 al 19 de octubre<\/p>\n<\/div>\n<div class=\"custom-text \" readability=\"32\">\n<p>M\u00e9xico | Ciudad de M\u00e9xico: 24 al 26 de octubre<\/p>\n<\/div>\n<div class=\"custom-text \" readability=\"32\">\n<p>Brasil | San Pablo: 7 al 9 de noviembre<\/p>\n<\/div>\n<div class=\"custom-text \" readability=\"32\">\n<p>Estados Unidos | Las Vegas: 20 al 22 de noviembre<\/p>\n<\/div>\n<div class=\"custom-text \" readability=\"32\">\n<p>Qatar | Lusail: 28 al 30 de noviembre<\/p>\n<\/div>\n<div class=\"custom-text \" readability=\"32\">\n<p>Abu Dhabi | Yas Marina: 5 al 7 de diciembre<\/p>\n<\/div>\n<div class=\"sc-734b4696-1 kFfZtB\" readability=\"6.5\">\n<div class=\"sc-d00d9e74-0 hnHYbk\" type=\"embed\">\n<div class=\"sc-d00d9e74-1 iKVbz videoText\" id=\"contentTitleembedhhCSejKj\" type=\"embed\"><svg fill=\"#ffffff\"><symbol id=\"play\" viewBox=\"0 0 512 512\"><path d=\"M512 256C512 397.4 397.4 512 256 512C114.6 512 0 397.4 0 256C0 114.6 114.6 0 256 0C397.4 0 512 114.6 512 256zM176 168V344C176 352.7 180.7 360.7 188.3 364.9C195.8 369.2 205.1 369 212.5 364.5L356.5 276.5C363.6 272.1 368 264.4 368 256C368 247.6 363.6 239.9 356.5 235.5L212.5 147.5C205.1 142.1 195.8 142.8 188.3 147.1C180.7 151.3 176 159.3 176 168V168z\" \/><\/symbol><use xlink:href=\"#play\" \/><\/svg><\/p>\n<div class=\"right\">\n<p>Alpine<!-- --> &#8211; <span>&nbsp;<\/span><\/p>\n<h2 class=\"title-vid\">Franco Colapinto mostr\u00f3 la pista del GP de Australia en Alpine<\/h2>\n<\/div>\n<\/div>\n<p><span class=\"back\" id=\"spanBackembedhhCSejKj\"><\/span><\/div>\n<div class=\"JWvideoNota_title\" readability=\"8\">\n<p>La escuder\u00eda francesa ya vive la previa de lo que ser\u00e1 la primera gran carrera de la F\u00f3rmula 1&#8230; \u00bfCon indirectas?<\/p>\n<\/div>\n<\/div>\n<div class=\"sc-e7b891c4-0 ifHnQL image-embed\"><img alt=\"Colapinto ya posa con los colores de Alpine.\" loading=\"lazy\" width=\"720\" height=\"100\" decoding=\"async\" data-nimg=\"1\" src=\"http:\/\/cordobadirecto.com\/wp-content\/uploads\/2025\/03\/todo-lo-que-hay-que-saber-de-la-formula-1-antes-de-que-se-largue-en-australia-1.jpg\"><span class=\"epigraphe\">Colapinto ya posa con los colores de Alpine.<\/span><\/div>\n<\/div>\n","protected":false},"excerpt":{"rendered":"<p>12\/03\/2025 19:33hs. Cuando se hagan las 22.30, enciendan la tele y vean a los primeros autos salir de boxes, los argentinos estar\u00e1n pensando en una sola cosa: \u00bfcu\u00e1ndo aparecer\u00e1 Franco Colapinto? \u00c9l estar\u00e1 ah\u00ed, en el GP de Australia que marcar\u00e1 el inicio de F\u00f3rmula 1, pero guardadito, siguiendo en silencio a Jack Doohan, a [&hellip;]<\/p>\n","protected":false},"author":1,"featured_media":163285,"comment_status":"closed","ping_status":"closed","sticky":false,"template":"","format":"standard","meta":[],"categories":[21],"tags":[],"_links":{"self":[{"href":"http:\/\/cordobadirecto.com\/index.php\/wp-json\/wp\/v2\/posts\/163284"}],"collection":[{"href":"http:\/\/cordobadirecto.com\/index.php\/wp-json\/wp\/v2\/posts"}],"about":[{"href":"http:\/\/cordobadirecto.com\/index.php\/wp-json\/wp\/v2\/types\/post"}],"author":[{"embeddable":true,"href":"http:\/\/cordobadirecto.com\/index.php\/wp-json\/wp\/v2\/users\/1"}],"replies":[{"embeddable":true,"href":"http:\/\/cordobadirecto.com\/index.php\/wp-json\/wp\/v2\/comments?post=163284"}],"version-history":[{"count":0,"href":"http:\/\/cordobadirecto.com\/index.php\/wp-json\/wp\/v2\/posts\/163284\/revisions"}],"wp:featuredmedia":[{"embeddable":true,"href":"http:\/\/cordobadirecto.com\/index.php\/wp-json\/wp\/v2\/media\/163285"}],"wp:attachment":[{"href":"http:\/\/cordobadirecto.com\/index.php\/wp-json\/wp\/v2\/media?parent=163284"}],"wp:term":[{"taxonomy":"category","embeddable":true,"href":"http:\/\/cordobadirecto.com\/index.php\/wp-json\/wp\/v2\/categories?post=163284"},{"taxonomy":"post_tag","embeddable":true,"href":"http:\/\/cordobadirecto.com\/index.php\/wp-json\/wp\/v2\/tags?post=163284"}],"curies":[{"name":"wp","href":"https:\/\/api.w.org\/{rel}","templated":true}]}}