{"id":163286,"date":"2025-03-12T14:27:15","date_gmt":"2025-03-12T14:27:15","guid":{"rendered":"https:\/\/www.ole.com.ar\/autos\/franco-colapinto-formula-1-alpine-australia-guino_0_CokUlgrQoW.html"},"modified":"2025-03-12T14:27:15","modified_gmt":"2025-03-12T14:27:15","slug":"nuevo-guino-de-alpine-a-colapinto-mostro-el-circuito-del-gp-de-australia-con-franco-al-volante","status":"publish","type":"post","link":"http:\/\/cordobadirecto.com\/index.php\/2025\/03\/12\/nuevo-guino-de-alpine-a-colapinto-mostro-el-circuito-del-gp-de-australia-con-franco-al-volante\/","title":{"rendered":"Nuevo gui\u00f1o de Alpine a Colapinto: mostr\u00f3 el circuito del GP de Australia con Franco al volante"},"content":{"rendered":"<p><time class=\"createDate\" datetime=\"2025-03-12T11:27:15-03:00\">12\/03\/2025 11:27hs.<\/time><\/p>\n<div id=\"storyBody\">\n<div class=\"custom-text \" readability=\"33.056910569106\">\n<p>Se termin\u00f3 la espera y la <strong><a href=\"https:\/\/www.ole.com.ar\/tema\/formula-1.html\" title=\"F\u00f3rmula 1\" alt=\"F\u00f3rmula 1\" class=\"slug\">F\u00f3rmula 1<\/a><\/strong> pisa el acelerador en la temporada 2025, con el primer <strong>GP, en Australia<\/strong>. Y claro, en tierras oce\u00e1nicas y en <strong>Argentina<\/strong>, todav\u00eda est\u00e1 la esperanza de ver a <strong><a href=\"https:\/\/www.ole.com.ar\/tema\/franco-colapinto.html\" title=\"Franco Colapinto\" alt=\"Franco Colapinto\" class=\"slug\">Franco Colapinto<\/a><\/strong> dentro de los titulares de <strong><a href=\"https:\/\/www.ole.com.ar\/tema\/alpine.html\" title=\"Alpine\" alt=\"Alpine\" class=\"slug\">Alpine<\/a>. <\/strong><\/p>\n<\/div>\n<div class=\"custom-text \" readability=\"34\">\n<p>En las \u00faltimas horas hubo otro gui\u00f1o en ese sentido: <strong>la cuenta oficial de la escuder\u00eda francesa public\u00f3 un video donde el pilarense muestra el circuito y aliment\u00f3 a\u00fan m\u00e1s la expectativa por ver a FC43 arriba del monoplaza&#8230;<\/strong><\/p>\n<\/div>\n<div class=\"custom-text \" readability=\"41\">\n<p><strong>&#8220;Hola chicos, soy Franco. Voy a hacer la gu\u00eda del circuito para Australia. Es la primera carrera del a\u00f1o y la de casa de Jack&#8221;<\/strong>, empez\u00f3. Despu\u00e9s, a lo largo de todo el video, cont\u00f3 c\u00f3mo es la pista, qu\u00e9 curvas sirven para adelantar a rivales y cu\u00e1les no: <strong>&#8220;Tenemos otra buena curva aqu\u00ed, as\u00ed que una buena oportunidad para adelantar en la T3. Y es la primera curva lenta&#8221;.<\/strong><\/p>\n<\/div>\n<div class=\"custom-text \" readability=\"38\">\n<p>Por \u00faltimo, coment\u00f3: <strong>&#8220;Esa es una vuelta en Australia y una gran pista. Espero que disfrutes de la carrera del fin de semana&#8221;<\/strong>. Desde la llegada de Colapinto a Alpine, las redes oficiales se cansaron de subir posteos y videos de \u00e9l. Claro, tiene el apoyo de todo un pa\u00eds que explotan todas sus m\u00e9tricas.<\/p>\n<\/div>\n<div class=\"sc-734b4696-1 kFfZtB\" readability=\"6.5\">\n<div class=\"sc-d00d9e74-0 hnHYbk\" type=\"embed\">\n<div class=\"sc-d00d9e74-1 iKVbz videoText\" id=\"contentTitleembedhhCSejKj\" type=\"embed\"><svg fill=\"#ffffff\"><symbol id=\"play\" viewBox=\"0 0 512 512\"><path d=\"M512 256C512 397.4 397.4 512 256 512C114.6 512 0 397.4 0 256C0 114.6 114.6 0 256 0C397.4 0 512 114.6 512 256zM176 168V344C176 352.7 180.7 360.7 188.3 364.9C195.8 369.2 205.1 369 212.5 364.5L356.5 276.5C363.6 272.1 368 264.4 368 256C368 247.6 363.6 239.9 356.5 235.5L212.5 147.5C205.1 142.1 195.8 142.8 188.3 147.1C180.7 151.3 176 159.3 176 168V168z\" \/><\/symbol><use xlink:href=\"#play\" \/><\/svg><\/p>\n<div class=\"right\">\n<p>Alpine<!-- --> &#8211; <span>&nbsp;<\/span><\/p>\n<h2 class=\"title-vid\">Franco Colapinto mostr\u00f3 la pista del GP de Australia en Alpine<\/h2>\n<\/div>\n<\/div>\n<p><span class=\"back\" id=\"spanBackembedhhCSejKj\"><\/span><\/div>\n<div class=\"JWvideoNota_title\" readability=\"8\">\n<p>La escuder\u00eda francesa ya vive la previa de lo que ser\u00e1 la primera gran carrera de la F\u00f3rmula 1&#8230; \u00bfCon indirectas?<\/p>\n<\/div>\n<\/div>\n<p><h2><strong>Colapinto pone en riesgo al australiano seg\u00fan los medios locales<\/strong><\/h2>\n<\/p>\n<div class=\"custom-text \" readability=\"37\">\n<p><strong>Se viene el GP de Australia y en tierras oce\u00e1nicas tienen m\u00e1s de una raz\u00f3n para hablar del tema.<\/strong> Por un lado, por tratarse del inicio de la temporada 2025 de F\u00f3rmula 1<strong> (ser\u00e1 el 16\/3)<\/strong>, y por otro, por la situaci\u00f3n cr\u00edtica de uno de sus corredores. <\/p>\n<\/div>\n<div class=\"custom-text \" readability=\"35.481343283582\">\n<p><strong><a href=\"https:\/\/www.ole.com.ar\/tema\/jack-doohan.html\" title=\"Jack Doohan\" alt=\"Jack Doohan\" class=\"slug\">Jack Doohan<\/a><\/strong>, segundo piloto de Alpine,<strong> es consciente de que arrancar\u00e1 el a\u00f1o en la mira de sus jefes y de que tendr\u00e1 a Franco Colapinto respir\u00e1ndole en la nuca.<\/strong> Ante esto, un medio australiano hizo su an\u00e1lisis de los hechos y marc\u00f3 al argentino como una amenaza.<\/p>\n<\/div>\n<div class=\"custom-text \" readability=\"40\">\n<p><strong>&#8220;Imag\u00ednese avanzar lentamente hacia el trabajo de sus sue\u00f1os y finalmente obtener el visto bueno, solo para que su empleador contrate inmediatamente a alguien igual de calificado y significativamente m\u00e1s atractivo financieramente, prepar\u00e1ndote para el fracaso&#8221;,<\/strong> escribi\u00f3 Matthew Clayton en The Sidney Morning Herald, trazando un claro paralelismo entre Doohan y Colapinto, y advirti\u00f3 que el GP australiano &#8220;tendr\u00e1 como banda sonora el tictac de un reloj&#8221; para el local.<\/p>\n<\/div>\n<div class=\"sc-e7b891c4-0 ifHnQL image-embed\"><img alt=\"Briatore, asesor de Alpine, junto a Colapinto. (@briatoreflavio)\" loading=\"lazy\" width=\"720\" height=\"100\" decoding=\"async\" data-nimg=\"1\" src=\"http:\/\/cordobadirecto.com\/wp-content\/uploads\/2025\/03\/nuevo-guino-de-alpine-a-colapinto-mostro-el-circuito-del-gp-de-australia-con-franco-al-volante.jpg\"><span class=\"epigraphe\">Briatore, asesor de Alpine, junto a Colapinto. (@briatoreflavio)<\/span><\/div>\n<div class=\"custom-text \" readability=\"38\">\n<p>En cuanto a Franco, <strong>al que reconoci\u00f3 por su performance pero desacredit\u00f3 por los golpes sufridos a lo largo de las nueve carreras (habl\u00f3 de la &#8220;costosa factura de reparaci\u00f3n de Williams con monstruosos accidentes&#8221;)<\/strong>, hizo \u00e9nfasis en su valor <strong>marketinero<\/strong>: <strong>&#8220;La popularidad de Colapinto en un pa\u00eds hambriento de pilotos de F\u00f3rmula 1 (y sin un Gran Premio desde 1998) gener\u00f3 un inter\u00e9s comercial significativo. El a\u00f1o pasado, personas con informaci\u00f3n privilegiada del paddock sugirieron que los patrocinadores comerciales de Colapinto estaban aportando 500.000 d\u00f3lares por carrera durante su breve paso por Williams&#8221;.<\/strong><\/p>\n<\/div>\n<p><h2><strong>C\u00f3mo se disputar\u00e1 la primera fecha de la F1 en Australia<\/strong><\/h2>\n<\/p>\n<div class=\"custom-text \" readability=\"43\">\n<p>El campeonato se largar\u00e1 en el trazado de Melbourne, con horarios a contramano para los argentinos. El primer d\u00eda de actividad ser\u00e1 el jueves 13, que a partir de las 22.30 tendr\u00e1 el primer entrenamiento libre, y entrado el viernes 14, desde las 2.00, ser\u00e1 turno de la segunda pr\u00e1ctica. En tanto, a las 22.30, se disputar\u00e1 el \u00faltimo libre. Luego, lo mejor&#8230;<\/p>\n<\/div>\n<div class=\"sc-e7b891c4-0 ifHnQL image-embed\"><img alt=\"\u00bfPara qu\u00e9 estar\u00e1 Alpine en este 2025? (AP)\" loading=\"lazy\" width=\"720\" height=\"100\" decoding=\"async\" data-nimg=\"1\" src=\"http:\/\/cordobadirecto.com\/wp-content\/uploads\/2025\/03\/nuevo-guino-de-alpine-a-colapinto-mostro-el-circuito-del-gp-de-australia-con-franco-al-volante-1.jpg\"><span class=\"epigraphe\">\u00bfPara qu\u00e9 estar\u00e1 Alpine en este 2025? (AP)<\/span><\/div>\n<div class=\"custom-text \" readability=\"39\">\n<p>El s\u00e1bado 15, a partir de las 2.00, tendr\u00e1 lugar la clasificaci\u00f3n. Finalmente, <strong>el domingo 16, con comienzo a la 1.00, se disputar\u00e1 la primera carrera del a\u00f1o. <\/strong>Toda la actividad ser\u00e1 transmitida exclusivamente por Disney+ Premium.<\/p>\n<\/div>\n<div class=\"sc-a7166897-0 eoLsBE\" readability=\"7\">\n<section readability=\"4\"><picture><img alt=\"El mensaje de Colapinto para Bah\u00eda Blanca, del &quot;donar lo que sea&quot; al &quot;vamos a reconstruir la ciudad&quot;\" loading=\"lazy\" width=\"290\" height=\"290\" decoding=\"async\" data-nimg=\"1\" src=\"http:\/\/cordobadirecto.com\/wp-content\/uploads\/2025\/03\/nuevo-guino-de-alpine-a-colapinto-mostro-el-circuito-del-gp-de-australia-con-franco-al-volante-2.jpg\"><\/picture>\n<p><span>Mir\u00e1 tambi\u00e9n<\/span><\/p>\n<hr>\n<h3>El mensaje de Colapinto para Bah\u00eda Blanca, del &#8220;donar lo que sea&#8221; al &#8220;vamos a reconstruir la ciudad&#8221;<\/h3>\n<\/p>\n<\/section>\n<\/div>\n<div class=\"sc-a7166897-0 eoLsBE\" readability=\"6\">\n<section readability=\"2\"><picture><img alt=\"Vuelve la F\u00f3rmula 1: cu\u00e1ndo es y c\u00f3mo ver el primer Gran Premio en Australia\" loading=\"lazy\" width=\"290\" height=\"290\" decoding=\"async\" data-nimg=\"1\" src=\"http:\/\/cordobadirecto.com\/wp-content\/uploads\/2025\/03\/nuevo-guino-de-alpine-a-colapinto-mostro-el-circuito-del-gp-de-australia-con-franco-al-volante-3.jpg\"><\/picture>\n<p><span>Mir\u00e1 tambi\u00e9n<\/span><\/p>\n<hr>\n<h3>Vuelve la F\u00f3rmula 1: cu\u00e1ndo es y c\u00f3mo ver el primer Gran Premio en Australia<\/h3>\n<\/p>\n<\/section>\n<\/div>\n<div class=\"sc-a7166897-0 eoLsBE\" readability=\"6.5\">\n<section readability=\"3\"><picture><img alt=\"Franco Colapinto tiene nuevo compa\u00f1ero: Alpine present\u00f3 a su cuarto piloto de reserva\" loading=\"lazy\" width=\"290\" height=\"290\" decoding=\"async\" data-nimg=\"1\" src=\"http:\/\/cordobadirecto.com\/wp-content\/uploads\/2025\/03\/nuevo-guino-de-alpine-a-colapinto-mostro-el-circuito-del-gp-de-australia-con-franco-al-volante-4.jpg\"><\/picture>\n<p><span>Mir\u00e1 tambi\u00e9n<\/span><\/p>\n<hr>\n<h3>Franco Colapinto tiene nuevo compa\u00f1ero: Alpine present\u00f3 a su cuarto piloto de reserva<\/h3>\n<\/p>\n<\/section>\n<\/div>\n<\/div>\n","protected":false},"excerpt":{"rendered":"<p>12\/03\/2025 11:27hs. Se termin\u00f3 la espera y la F\u00f3rmula 1 pisa el acelerador en la temporada 2025, con el primer GP, en Australia. Y claro, en tierras oce\u00e1nicas y en Argentina, todav\u00eda est\u00e1 la esperanza de ver a Franco Colapinto dentro de los titulares de Alpine. En las \u00faltimas horas hubo otro gui\u00f1o en ese [&hellip;]<\/p>\n","protected":false},"author":1,"featured_media":163287,"comment_status":"closed","ping_status":"closed","sticky":false,"template":"","format":"standard","meta":[],"categories":[21],"tags":[],"_links":{"self":[{"href":"http:\/\/cordobadirecto.com\/index.php\/wp-json\/wp\/v2\/posts\/163286"}],"collection":[{"href":"http:\/\/cordobadirecto.com\/index.php\/wp-json\/wp\/v2\/posts"}],"about":[{"href":"http:\/\/cordobadirecto.com\/index.php\/wp-json\/wp\/v2\/types\/post"}],"author":[{"embeddable":true,"href":"http:\/\/cordobadirecto.com\/index.php\/wp-json\/wp\/v2\/users\/1"}],"replies":[{"embeddable":true,"href":"http:\/\/cordobadirecto.com\/index.php\/wp-json\/wp\/v2\/comments?post=163286"}],"version-history":[{"count":0,"href":"http:\/\/cordobadirecto.com\/index.php\/wp-json\/wp\/v2\/posts\/163286\/revisions"}],"wp:featuredmedia":[{"embeddable":true,"href":"http:\/\/cordobadirecto.com\/index.php\/wp-json\/wp\/v2\/media\/163287"}],"wp:attachment":[{"href":"http:\/\/cordobadirecto.com\/index.php\/wp-json\/wp\/v2\/media?parent=163286"}],"wp:term":[{"taxonomy":"category","embeddable":true,"href":"http:\/\/cordobadirecto.com\/index.php\/wp-json\/wp\/v2\/categories?post=163286"},{"taxonomy":"post_tag","embeddable":true,"href":"http:\/\/cordobadirecto.com\/index.php\/wp-json\/wp\/v2\/tags?post=163286"}],"curies":[{"name":"wp","href":"https:\/\/api.w.org\/{rel}","templated":true}]}}