{"id":163288,"date":"2025-03-13T11:06:09","date_gmt":"2025-03-13T11:06:09","guid":{"rendered":"https:\/\/www.ole.com.ar\/futbol-ascenso\/ascenso-primera-nacional-quilmes-julian-gurzi_0_g5GupYEzNz.html"},"modified":"2025-03-13T11:06:09","modified_gmt":"2025-03-13T11:06:09","slug":"atencion-quilmes-el-jugador-titular-que-sufrio-una-grave-lesion-y-se-pierde-lo-que-resta-de-la-temporada","status":"publish","type":"post","link":"http:\/\/cordobadirecto.com\/index.php\/2025\/03\/13\/atencion-quilmes-el-jugador-titular-que-sufrio-una-grave-lesion-y-se-pierde-lo-que-resta-de-la-temporada\/","title":{"rendered":"Atenci\u00f3n, Quilmes: el jugador titular que sufri\u00f3 una grave lesi\u00f3n y se pierde lo que resta de la temporada"},"content":{"rendered":"<p><time class=\"createDate\" datetime=\"2025-03-12T17:42:03-03:00\">12\/03\/2025 17:42hs.<\/time><\/p>\n<div id=\"storyBody\">\n<div class=\"custom-text \" readability=\"39.283887468031\">\n<p>Toda la felicidad que invadi\u00f3 al Centenario y los miles de hinchas cerveceros presentes el pasado s\u00e1bado en el triunfo por 3-1 contra All Boys, que signific\u00f3 el primero en lo que va de la temporada, ahora se convierte en preocupaci\u00f3n. <strong>S\u00ed, porque ya qued\u00f3 atr\u00e1s la victoria y, en la previa del choque con Arsenal en Sarand\u00ed, hay una noticia muy poco alegre para todo el Mundo <a href=\"https:\/\/www.ole.com.ar\/tema\/quilmes.html\" title=\"Quilmes\" alt=\"Quilmes\" class=\"slug\">Quilmes<\/a>.<\/strong><\/p>\n<\/div>\n<div class=\"custom-text \" readability=\"34.013986013986\">\n<p>Claro, es que Juli\u00e1n Gurzi, lateral izquierdo de 20 a\u00f1os, surgido de las divisiones inferiores del club y bien considerado por <a href=\"https:\/\/www.ole.com.ar\/tema\/sergio-rondina.html\" title=\"Sergio Rondina\" alt=\"Sergio Rondina\" class=\"slug\">Sergio Rondina<\/a> gracias al buen nivel mostrado en el arranque de la <a href=\"https:\/\/www.ole.com.ar\/tema\/primera-nacional.html\" title=\"Primera Nacional\" alt=\"Primera Nacional\" class=\"slug\">Primera Nacional<\/a>, <strong>sufri\u00f3 la rotura de ligamentos cruzados anterior en su rodilla derecha.<\/strong><\/p>\n<\/div>\n<div class=\"sc-e7b891c4-0 ifHnQL image-embed\"><img alt=\"Gurzi se lesion\u00f3 y es baja en Quilmes (Foto: Prensa Quilmes)\" loading=\"lazy\" width=\"720\" height=\"100\" decoding=\"async\" data-nimg=\"1\" src=\"http:\/\/cordobadirecto.com\/wp-content\/uploads\/2025\/03\/atencion-quilmes-el-jugador-titular-que-sufrio-una-grave-lesion-y-se-pierde-lo-que-resta-de-la-temporada.jpg\"><span class=\"epigraphe\">Gurzi se lesion\u00f3 y es baja en Quilmes (Foto: Prensa Quilmes)<\/span><\/div>\n<div class=\"custom-text \" readability=\"39\">\n<p>As\u00ed, se confirm\u00f3 el peor y m\u00e1s temido escenario. S\u00ed, aquel del que todos dudaban y asustaba cuando el j\u00f3ven sali\u00f3 reemplazado a los 15 minutos del complemento contra el Albo por un golpe en la zona afectada. <strong>De esta manera, el defensor tendr\u00e1 entre seis y ocho meses de recuperaci\u00f3n, quedando OUT pr\u00e1cticamente por lo que resta de la temporada regular para el Cervecero.<\/strong><\/p>\n<\/div>\n<p><h2><strong>Los n\u00fameros de Juli\u00e1n Gurzi en Quilmes<\/strong><\/h2>\n<\/p>\n<div class=\"custom-text \" readability=\"38\">\n<p>Tras realizar todo el proceso formativo en Alsina y Lora, a fines del 2024 el marcador de punta zurdo tuvo su estreno profesional. Fue el 27 de octubre contra San Miguel, por la \u00faltima fecha de la Primera Nacional. <strong>Para este a\u00f1o realiz\u00f3 la pretemporada con el plantel quilme\u00f1o y sum\u00f3 minutos frente a Deportivo Madryn, Alvarado y All Boys. No convirti\u00f3 ni asisti\u00f3.<\/strong> <\/p>\n<\/div>\n<p><h2><strong>Las variantes que tiene Rondina<\/strong><\/h2>\n<\/p>\n<div class=\"custom-text \" readability=\"38.503740648379\">\n<p>El Huevo cuenta con algunos jugadores en ese puesto que pueden suplir la baja de Gurzi: <strong>Agust\u00edn Bindella y <a href=\"https:\/\/www.ole.com.ar\/tema\/leonel-vangioni.html\" title=\"Leonel Vangioni\" alt=\"Leonel Vangioni\" class=\"slug\">Leonel Vangioni<\/a> son los nombres principales. <\/strong>Ambos estaban fuera por problemas f\u00edsicos, pero ya trabajan a la par. Adem\u00e1s, Leandro Allende, que hasta ahora ven\u00eda jugando como volante ofensivo, puede ocupar el lateral izquierdo. De todas maneras, <strong>a Quilmes se le abre un cupo para incorporar <\/strong><\/p>\n<\/div>\n<div class=\"sc-e7b891c4-0 ifHnQL image-embed\"><img alt=\"Vangioni est\u00e1 a disposici\u00f3n de Rondina (Prensa Quilmes)\" loading=\"lazy\" width=\"720\" height=\"100\" decoding=\"async\" data-nimg=\"1\" src=\"http:\/\/cordobadirecto.com\/wp-content\/uploads\/2025\/03\/atencion-quilmes-el-jugador-titular-que-sufrio-una-grave-lesion-y-se-pierde-lo-que-resta-de-la-temporada-1.jpg\"><span class=\"epigraphe\">Vangioni est\u00e1 a disposici\u00f3n de Rondina (Prensa Quilmes)<\/span><\/div>\n<p><h2><strong>El resumen de Quilmes 3-1 All Boys<\/strong><\/h2>\n<\/p>\n<div class=\"sc-734b4696-1 kFfZtB\">\n<div class=\"sc-d00d9e74-0 hnHYbk\" type=\"embed\">\n<div class=\"sc-d00d9e74-1 iKVbz videoText\" id=\"contentTitleembedriL5i5yB\" type=\"embed\"><svg fill=\"#ffffff\"><symbol id=\"play\" viewBox=\"0 0 512 512\"><path d=\"M512 256C512 397.4 397.4 512 256 512C114.6 512 0 397.4 0 256C0 114.6 114.6 0 256 0C397.4 0 512 114.6 512 256zM176 168V344C176 352.7 180.7 360.7 188.3 364.9C195.8 369.2 205.1 369 212.5 364.5L356.5 276.5C363.6 272.1 368 264.4 368 256C368 247.6 363.6 239.9 356.5 235.5L212.5 147.5C205.1 142.1 195.8 142.8 188.3 147.1C180.7 151.3 176 159.3 176 168V168z\" \/><\/symbol><use xlink:href=\"#play\" \/><\/svg><\/p>\n<div class=\"right\">\n<p>Quilmes<!-- --> &#8211; <span>&nbsp;<\/span><\/p>\n<h2 class=\"title-vid\">La victoria de Quilmes frente a All Boys<\/h2>\n<\/div>\n<\/div>\n<p><span class=\"back\" id=\"spanBackembedriL5i5yB\"><\/span><\/div>\n<div class=\"JWvideoNota_title\">\n<p>Video: TyC Sports<\/p>\n<\/div>\n<\/div>\n<\/div>\n","protected":false},"excerpt":{"rendered":"<p>12\/03\/2025 17:42hs. Toda la felicidad que invadi\u00f3 al Centenario y los miles de hinchas cerveceros presentes el pasado s\u00e1bado en el triunfo por 3-1 contra All Boys, que signific\u00f3 el primero en lo que va de la temporada, ahora se convierte en preocupaci\u00f3n. S\u00ed, porque ya qued\u00f3 atr\u00e1s la victoria y, en la previa del [&hellip;]<\/p>\n","protected":false},"author":1,"featured_media":163289,"comment_status":"closed","ping_status":"closed","sticky":false,"template":"","format":"standard","meta":[],"categories":[21],"tags":[],"_links":{"self":[{"href":"http:\/\/cordobadirecto.com\/index.php\/wp-json\/wp\/v2\/posts\/163288"}],"collection":[{"href":"http:\/\/cordobadirecto.com\/index.php\/wp-json\/wp\/v2\/posts"}],"about":[{"href":"http:\/\/cordobadirecto.com\/index.php\/wp-json\/wp\/v2\/types\/post"}],"author":[{"embeddable":true,"href":"http:\/\/cordobadirecto.com\/index.php\/wp-json\/wp\/v2\/users\/1"}],"replies":[{"embeddable":true,"href":"http:\/\/cordobadirecto.com\/index.php\/wp-json\/wp\/v2\/comments?post=163288"}],"version-history":[{"count":0,"href":"http:\/\/cordobadirecto.com\/index.php\/wp-json\/wp\/v2\/posts\/163288\/revisions"}],"wp:featuredmedia":[{"embeddable":true,"href":"http:\/\/cordobadirecto.com\/index.php\/wp-json\/wp\/v2\/media\/163289"}],"wp:attachment":[{"href":"http:\/\/cordobadirecto.com\/index.php\/wp-json\/wp\/v2\/media?parent=163288"}],"wp:term":[{"taxonomy":"category","embeddable":true,"href":"http:\/\/cordobadirecto.com\/index.php\/wp-json\/wp\/v2\/categories?post=163288"},{"taxonomy":"post_tag","embeddable":true,"href":"http:\/\/cordobadirecto.com\/index.php\/wp-json\/wp\/v2\/tags?post=163288"}],"curies":[{"name":"wp","href":"https:\/\/api.w.org\/{rel}","templated":true}]}}