{"id":163303,"date":"2025-03-14T00:59:46","date_gmt":"2025-03-14T00:59:46","guid":{"rendered":"https:\/\/cordoba.gob.ar\/?p=75473"},"modified":"2025-03-14T00:59:46","modified_gmt":"2025-03-14T00:59:46","slug":"passerini-participo-de-la-celebracion-del-festival-de-la-esperanza-y-la-justicia-social","status":"publish","type":"post","link":"http:\/\/cordobadirecto.com\/index.php\/2025\/03\/14\/passerini-participo-de-la-celebracion-del-festival-de-la-esperanza-y-la-justicia-social\/","title":{"rendered":"Passerini particip\u00f3 de la celebraci\u00f3n del \u201cFestival de la Esperanza y la Justicia Social"},"content":{"rendered":"<div><img src=\"http:\/\/cordobadirecto.com\/wp-content\/uploads\/2025\/03\/passerini-participo-de-la-celebracion-del-festival-de-la-esperanza-y-la-justicia-social.jpg\" class=\"ff-og-image-inserted\"><\/div>\n<ul>\n<li><strong>La conmemoraci\u00f3n por los 12 a\u00f1os de pontificado del Papa Francisco reuni\u00f3 m\u00fasica, poes\u00eda, reflexiones, danzas y an\u00e9cdotas contadas desde una radio abierta.<\/strong><\/li>\n<li><strong>Tambi\u00e9n cont\u00f3 con una feria de la econom\u00eda social y solidaria.<\/strong><\/li>\n<\/ul>\n<hr>\n<p>Con motivo de la celebraci\u00f3n de los 12 a\u00f1os del pontificado del Papa Francisco, el intendente Daniel Passerini particip\u00f3 del \u201cFestival de la Esperanza y la Justicia Social\u201d que se llev\u00f3 a cabo este jueves 13 de marzo, frente a la Catedral de C\u00f3rdoba.<\/p>\n<p>Organizada por la agrupaci\u00f3n \u201cCompromiso Francisco\u201d, y con la invitaci\u00f3n fue realizada por la Vicar\u00eda de los Pobres del Arzobispado de C\u00f3rdoba, se busc\u00f3 congregar a la ciudadan\u00eda para homenajear al Papa argentino y su legado en la Iglesia.<\/p>\n<p>En este contexto, Passerini expres\u00f3: \u00abFrancisco quiere que las cosas sucedan, que nuestras buenas intenciones sean grandes acciones. Trabajemos y luchemos para transformar la realidad. Y sobre todo, eso que \u00e9l tanto predica y que tan pocos escuchan pero que nosotros tenemos en claro: mirar a los que nadie ve. Ah\u00ed est\u00e1 nuestro compromiso. Por eso eleg\u00ed tres acciones cuando jur\u00e9 como intendente: conectar, integrar y humanizar\u00bb, afirm\u00f3 el intendente de la ciudad.<\/p>\n<p>\u00abEste a\u00f1o se cumplen 10 a\u00f1os de una obra importante que tenemos que transformar en acci\u00f3n, el \u2018Laudato Si\u2019. All\u00ed dice cosas importantes que estoy comprometido a poner en pr\u00e1ctica desde las escuelas de los barrios de la ciudad, para que sean un punto de encuentro en un momento tan dif\u00edcil. Deseamos que Francisco se mejore y que esta esperanza siga guiando nuestra iglesia y gran parte del mundo\u00bb, a\u00f1adi\u00f3.<\/p>\n<p>En la celebraci\u00f3n se reuni\u00f3 m\u00fasica, poes\u00eda, reflexiones, danzas y an\u00e9cdotas contadas desde una radio abierta. Tambi\u00e9n cont\u00f3 con una feria de la econom\u00eda social y solidaria.<\/p>\n<p>La jornada finaliz\u00f3 con una emotiva interpretaci\u00f3n colectiva de la canci\u00f3n \u00abSolo le pido a Dios\u00bb del cantautor Le\u00f3n Gieco, una pieza ic\u00f3nica que fue dedicada especialmente al Papa Francisco, simbolizando el deseo de unidad y paz.<\/p>\n<p>Adem\u00e1s, las organizaciones sociales, dirigentes y seguidores del Papa Francisco que se sumaron a esta celebraci\u00f3n, presentaron un manifiesto destacando la trascendencia del pontificado de Francisco.<\/p>\n<p>La organizaci\u00f3n hizo entrega de una copia del manifiesto al intendente.<\/p>\n<p>El escrito que cuenta con 6 puntos, pone a la luz el trabajo que Francisco defendiendo a los pobres, excluidos, migrantes y desplazados por las guerras o por el hambre, proponiendo la caridad y la solidaridad, pero tambi\u00e9n haciendo relevante la necesidad de transformar las estructuras que dan origen a la pobreza.<\/p>\n<p>Otro de los puntos m\u00e1s destacados del documento, resalta el papel de Jorge Bergoglio en la lucha contra la corrupci\u00f3n interna en la Iglesia y su esfuerzo por combatir los abusos dentro de la instituci\u00f3n.<\/p>\n<p>Finalmente el texto hace menci\u00f3n a su enc\u00edclica \u00abLaudato S\u00ed\u00bb, donde destaca la interconexi\u00f3n entre el deterioro ambiental y humano. En este contexto, enfatiza que un enfoque ecol\u00f3gico debe incluir una dimensi\u00f3n social para atender tanto el sufrimiento de la tierra como el de los pobres.<\/p>\n","protected":false},"excerpt":{"rendered":"<p>La conmemoraci\u00f3n por los 12 a\u00f1os de pontificado del Papa Francisco reuni\u00f3 m\u00fasica, poes\u00eda, reflexiones, danzas y an\u00e9cdotas contadas desde una radio abierta. Tambi\u00e9n cont\u00f3 con una feria de la econom\u00eda social y solidaria. Con motivo de la celebraci\u00f3n de los 12 a\u00f1os del pontificado del Papa Francisco, el intendente Daniel Passerini particip\u00f3 del \u201cFestival [&hellip;]<\/p>\n","protected":false},"author":1,"featured_media":163304,"comment_status":"closed","ping_status":"closed","sticky":false,"template":"","format":"standard","meta":[],"categories":[44],"tags":[],"_links":{"self":[{"href":"http:\/\/cordobadirecto.com\/index.php\/wp-json\/wp\/v2\/posts\/163303"}],"collection":[{"href":"http:\/\/cordobadirecto.com\/index.php\/wp-json\/wp\/v2\/posts"}],"about":[{"href":"http:\/\/cordobadirecto.com\/index.php\/wp-json\/wp\/v2\/types\/post"}],"author":[{"embeddable":true,"href":"http:\/\/cordobadirecto.com\/index.php\/wp-json\/wp\/v2\/users\/1"}],"replies":[{"embeddable":true,"href":"http:\/\/cordobadirecto.com\/index.php\/wp-json\/wp\/v2\/comments?post=163303"}],"version-history":[{"count":0,"href":"http:\/\/cordobadirecto.com\/index.php\/wp-json\/wp\/v2\/posts\/163303\/revisions"}],"wp:featuredmedia":[{"embeddable":true,"href":"http:\/\/cordobadirecto.com\/index.php\/wp-json\/wp\/v2\/media\/163304"}],"wp:attachment":[{"href":"http:\/\/cordobadirecto.com\/index.php\/wp-json\/wp\/v2\/media?parent=163303"}],"wp:term":[{"taxonomy":"category","embeddable":true,"href":"http:\/\/cordobadirecto.com\/index.php\/wp-json\/wp\/v2\/categories?post=163303"},{"taxonomy":"post_tag","embeddable":true,"href":"http:\/\/cordobadirecto.com\/index.php\/wp-json\/wp\/v2\/tags?post=163303"}],"curies":[{"name":"wp","href":"https:\/\/api.w.org\/{rel}","templated":true}]}}