{"id":163326,"date":"2025-03-14T09:57:52","date_gmt":"2025-03-14T09:57:52","guid":{"rendered":"https:\/\/www.ole.com.ar\/autos\/segunda-sesion-entrenamientos-libres-formula-1-melbourne-gp-australia-charles-leclerc-mejor-tiempo_0_HrMplPgrPl.html"},"modified":"2025-03-14T09:57:52","modified_gmt":"2025-03-14T09:57:52","slug":"leclerc-y-su-ferrari-hicieron-el-mejor-tiempo-en-la-segunda-sesion-de-entrenamientos-libres-en-el-gp-de-australia","status":"publish","type":"post","link":"http:\/\/cordobadirecto.com\/index.php\/2025\/03\/14\/leclerc-y-su-ferrari-hicieron-el-mejor-tiempo-en-la-segunda-sesion-de-entrenamientos-libres-en-el-gp-de-australia\/","title":{"rendered":"Leclerc y su Ferrari hicieron el mejor tiempo en la segunda sesi\u00f3n de entrenamientos libres en el GP de Australia"},"content":{"rendered":"<p><time class=\"createDate\" datetime=\"2025-03-14T06:57:52-03:00\">14\/03\/2025 06:57hs.<\/time><\/p>\n<div id=\"storyBody\">\n<div class=\"custom-text \" readability=\"29.227722772277\">\n<p><strong>El monegasco <a href=\"https:\/\/www.ole.com.ar\/tema\/charles-leclerc.html\" title=\"Charles Leclerc\" alt=\"Charles Leclerc\" class=\"slug\">Charles Leclerc<\/a> (<a href=\"https:\/\/www.ole.com.ar\/tema\/ferrari.html\" title=\"Ferrari\" alt=\"Ferrari\" class=\"slug\">Ferrari<\/a>) complet\u00f3 el mejor tiempo en la segunda sesi\u00f3n de libres<\/strong> del Gran Premio de Australia, <strong><a href=\"https:\/\/www.ole.com.ar\/autos\/saber-formula-1-f1-gp-australia-colapinto_0_9YxAXC08bb.html\" target=\"_self\" title=\"prueba inaugural\" alt=\"prueba inaugural\" rel=\"noopener\">prueba inaugural<\/a><\/strong> del Mundial de F\u00f3rmula 1 2025, este viernes en Melbourne.<\/p>\n<\/div>\n<div class=\"custom-text \" readability=\"41\">\n<p>En el soleado trazado de Albert Park, el piloto de Ferrari super\u00f3 a los dos McLaren, del australiano Oscar Piastri y del brit\u00e1nico Lando Norris, segundo y tercero. En su primer GP con Ferrari, el s\u00e9ptuple campe\u00f3n del mundo Lewis Hamilton, todav\u00eda en rodaje, firm\u00f3 el quinto mejor tiempo de la sesi\u00f3n. <\/p>\n<\/div>\n<div class=\"custom-text \" readability=\"39\">\n<p><strong>El neerland\u00e9s Max Verstappen (Red Bull), vigente cuatro veces campe\u00f3n mundial, termin\u00f3 s\u00e9ptimo<\/strong>, detr\u00e1s del joven franc\u00e9s Isack Hadjar (Racing Bulls), sexto y el primero de los seis novatos que disputan este a\u00f1o su primera temporada completa en F1. Solo 19 pilotos de los 20 participaron en la segunda sesi\u00f3n del d\u00eda.<\/p>\n<\/div>\n<div class=\"custom-text \" readability=\"31.150197628458\">\n<p><strong><a href=\"https:\/\/www.ole.com.ar\/usa\/automovilismo\/termino-primera-sesion-practicas-gp-australia-formula_0_EpZicTjrpm.html\" target=\"_self\" title=\"En la primera, dominada por Lando Norris\" alt=\"En la primera, dominada por Lando Norris\" rel=\"noopener\">En la primera, dominada por Lando Norris<\/a><\/strong>, el joven brit\u00e1nico Oliver Bearman da\u00f1\u00f3 gravemente su monoplaza despu\u00e9s de salirse de la pista. Ileso, el piloto de Haas no pudo participar en la segunda sesi\u00f3n y su equipo no pudo reparar su coche a tiempo.<\/p>\n<\/div>\n<div class=\"custom-text \" readability=\"36\">\n<p>El s\u00e1bado los pilotos podr\u00e1n perfeccionar la configuraci\u00f3n de sus monoplazas durante la tercera y \u00faltima sesi\u00f3n de pruebas libres. Sol y el fuerte calor se esperan el s\u00e1bado, pero la lluvia podr\u00eda cambiar las cosas el domingo, para el primer GP de una temporada que se presenta muy incierta.<\/p>\n<\/div>\n<div class=\"sc-e7b891c4-0 ifHnQL image-embed\"><img alt=\"El Alpine de Jack Doohan. (EFE)\" loading=\"lazy\" width=\"720\" height=\"100\" decoding=\"async\" data-nimg=\"1\" src=\"http:\/\/cordobadirecto.com\/wp-content\/uploads\/2025\/03\/leclerc-y-su-ferrari-hicieron-el-mejor-tiempo-en-la-segunda-sesion-de-entrenamientos-libres-en-el-gp-de-australia.jpg\"><span class=\"epigraphe\">El Alpine de Jack Doohan. (EFE)<\/span><\/div>\n<p><h2><strong>&#8212; Segunda sesi\u00f3n de entrenamientos libres:<\/strong><\/h2>\n<\/p>\n<div class=\"custom-text \" readability=\"32\">\n<p>Charles Leclerc (MON\/Ferrari) 1:16.439 (32 vueltas)<\/p>\n<\/div>\n<div class=\"custom-text \" readability=\"32\">\n<p>Oscar Piastri (AUS\/McLaren-Mercedes) 1:16.563 (30)<\/p>\n<\/div>\n<div class=\"custom-text \" readability=\"32\">\n<p>Lando Norris (GBR\/McLaren-Mercedes) 1:16.580 (30)<\/p>\n<\/div>\n<div class=\"custom-text \" readability=\"32\">\n<p>Yuki Tsunoda (JPN\/Racing Bulls-Red Bull) 1:16.784 (29)<\/p>\n<\/div>\n<div class=\"custom-text \" readability=\"32\">\n<p>Lewis Hamilton (GBR\/Ferrari) 1:16.859 (31)<\/p>\n<\/div>\n<div class=\"custom-text \" readability=\"32\">\n<p>Isack Hadjar (FRA\/Racing Bulls-Red Bull) 1:17.019 (30)<\/p>\n<\/div>\n<div class=\"custom-text \" readability=\"32\">\n<p>Max Verstappen (NED\/Red Bull) 1:17.063 (22)<\/p>\n<\/div>\n<div class=\"custom-text \" readability=\"32\">\n<p>Nico H\u00fclkenberg (GER\/Sauber-Ferrari) 1:17.161 (24)<\/p>\n<\/div>\n<div class=\"custom-text \" readability=\"32\">\n<p>Lance Stroll (CAN\/Aston Martin-Mercedes) 1:17.279 (28)<\/p>\n<\/div>\n<div class=\"custom-text \" readability=\"32\">\n<p>George Russell (GBR\/Mercedes) 1:17.282 (30)<\/p>\n<\/div>\n<div class=\"custom-text \" readability=\"32\">\n<p>Carlos Sainz Jr (ESP\/Williams-Mercedes) 1:17.302 (30)<\/p>\n<\/div>\n<div class=\"custom-text \" readability=\"32\">\n<p>Alexander Albon (THA\/Williams-Mercedes) 1:17.302 (28)<\/p>\n<\/div>\n<div class=\"custom-text \" readability=\"32\">\n<p>Fernando Alonso (ESP\/Aston Martin-Mercedes) 1:17.330 (27)<\/p>\n<\/div>\n<div class=\"custom-text \" readability=\"32\">\n<p><strong>Jack Doohan (AUS\/Alpine-Renault) 1:17.394<\/strong> (30)<\/p>\n<\/div>\n<div class=\"custom-text \" readability=\"32\">\n<p><strong>Pierre Gasly (FRA\/Alpine-Renault) 1:17.493<\/strong> (30)<\/p>\n<\/div>\n<div class=\"custom-text \" readability=\"32\">\n<p>Andrea Kimi Antonelli (ITA\/Mercedes) 1:17.634 (31)<\/p>\n<\/div>\n<div class=\"custom-text \" readability=\"32\">\n<p>Liam Lawson (NZL\/Red Bull) 1:17.640 (30)<\/p>\n<\/div>\n<div class=\"custom-text \" readability=\"32\">\n<p>Gabriel Bortoleto (BRA\/Sauber-Ferrari) 1:17.847 (29)<\/p>\n<\/div>\n<div class=\"custom-text \" readability=\"32\">\n<p>Esteban Ocon (FRA\/Haas-Ferrari) 1:18.034 (31)<\/p>\n<\/div>\n<div class=\"custom-text \" readability=\"32\">\n<p>Oliver Bearman (GBR\/Haas-Ferrari) 0.000<\/p>\n<\/div>\n<p><h2><strong>Los tiempos de la primera tanda libre<\/strong><\/h2>\n<\/p>\n<div class=\"sc-a7166897-0 eoLsBE\" readability=\"7\">\n<section readability=\"4\"><picture><img alt=\"\u00bfPor qu\u00e9 no corre Franco Colapinto en la primera fecha de la F\u00f3rmula 1 2025, en Australia?\" loading=\"lazy\" width=\"290\" height=\"290\" decoding=\"async\" data-nimg=\"1\" src=\"http:\/\/cordobadirecto.com\/wp-content\/uploads\/2025\/03\/leclerc-y-su-ferrari-hicieron-el-mejor-tiempo-en-la-segunda-sesion-de-entrenamientos-libres-en-el-gp-de-australia-1.jpg\"><\/picture>\n<p><span>Mir\u00e1 tambi\u00e9n<\/span><\/p>\n<hr>\n<h3>\u00bfPor qu\u00e9 no corre Franco Colapinto en la primera fecha de la F\u00f3rmula 1 2025, en Australia?<\/h3>\n<\/p>\n<\/section>\n<\/div>\n<div class=\"sc-a7166897-0 eoLsBE\" readability=\"6.5\">\n<section readability=\"3\"><picture><img alt=\"La confianza de Doohan sobre su futuro en Alpine y los rumores que posicionan a Franco Colapinto en su lugar \" loading=\"lazy\" width=\"290\" height=\"290\" decoding=\"async\" data-nimg=\"1\" src=\"http:\/\/cordobadirecto.com\/wp-content\/uploads\/2025\/03\/leclerc-y-su-ferrari-hicieron-el-mejor-tiempo-en-la-segunda-sesion-de-entrenamientos-libres-en-el-gp-de-australia-2.jpg\"><\/picture>\n<p><span>Mir\u00e1 tambi\u00e9n<\/span><\/p>\n<hr>\n<h3>La confianza de Doohan sobre su futuro en Alpine y los rumores que posicionan a Franco Colapinto en su lugar <\/h3>\n<\/p>\n<\/section>\n<\/div>\n<div class=\"sc-a7166897-0 eoLsBE\" readability=\"7\">\n<section readability=\"4\"><picture><img alt=\"La frase de Colapinto en el primer d\u00eda del GP de Australia: &quot;Gracias por apoyarme, aunque no corra&quot;\" loading=\"lazy\" width=\"290\" height=\"290\" decoding=\"async\" data-nimg=\"1\" src=\"http:\/\/cordobadirecto.com\/wp-content\/uploads\/2025\/03\/leclerc-y-su-ferrari-hicieron-el-mejor-tiempo-en-la-segunda-sesion-de-entrenamientos-libres-en-el-gp-de-australia-1.jpg\"><\/picture>\n<p><span>Mir\u00e1 tambi\u00e9n<\/span><\/p>\n<hr>\n<h3>La frase de Colapinto en el primer d\u00eda del GP de Australia: &#8220;Gracias por apoyarme, aunque no corra&#8221;<\/h3>\n<\/p>\n<\/section>\n<\/div>\n<div class=\"sc-a7166897-0 eoLsBE\" readability=\"6.5\">\n<section readability=\"3\"><picture><img alt=\"Colapinto y el reencuentro con Williams: pas\u00f3 por el paddock y le hizo probar el mate a Vowles\" loading=\"lazy\" width=\"290\" height=\"290\" decoding=\"async\" data-nimg=\"1\" src=\"http:\/\/cordobadirecto.com\/wp-content\/uploads\/2025\/03\/leclerc-y-su-ferrari-hicieron-el-mejor-tiempo-en-la-segunda-sesion-de-entrenamientos-libres-en-el-gp-de-australia-3.jpg\"><\/picture>\n<p><span>Mir\u00e1 tambi\u00e9n<\/span><\/p>\n<hr>\n<h3>Colapinto y el reencuentro con Williams: pas\u00f3 por el paddock y le hizo probar el mate a Vowles<\/h3>\n<\/p>\n<\/section>\n<\/div>\n<div class=\"sc-a7166897-0 eoLsBE\" readability=\"7\">\n<section readability=\"4\"><picture><img alt=\"El &quot;D\u00eda 1&quot; de Franco Colapinto en la vuelta de la F\u00f3rmula 1: fotos con la gente, galletitas y mates con Vowles en Australia\" loading=\"lazy\" width=\"290\" height=\"290\" decoding=\"async\" data-nimg=\"1\" src=\"http:\/\/cordobadirecto.com\/wp-content\/uploads\/2025\/03\/leclerc-y-su-ferrari-hicieron-el-mejor-tiempo-en-la-segunda-sesion-de-entrenamientos-libres-en-el-gp-de-australia-4.jpg\"><\/picture>\n<p><span>Mir\u00e1 tambi\u00e9n<\/span><\/p>\n<hr>\n<h3>El &#8220;D\u00eda 1&#8221; de Franco Colapinto en la vuelta de la F\u00f3rmula 1: fotos con la gente, galletitas y mates con Vowles en Australia<\/h3>\n<\/p>\n<\/section>\n<\/div>\n<div class=\"sc-a7166897-0 eoLsBE\" readability=\"6.5\">\n<section readability=\"3\"><picture><img alt=\"Colapinto con los fans en Australia: de regalar comida a la foto con dos hermanos por ser argentinos\" loading=\"lazy\" width=\"290\" height=\"290\" decoding=\"async\" data-nimg=\"1\" src=\"http:\/\/cordobadirecto.com\/wp-content\/uploads\/2025\/03\/leclerc-y-su-ferrari-hicieron-el-mejor-tiempo-en-la-segunda-sesion-de-entrenamientos-libres-en-el-gp-de-australia-5.jpg\"><\/picture>\n<p><span>Mir\u00e1 tambi\u00e9n<\/span><\/p>\n<hr>\n<h3>Colapinto con los fans en Australia: de regalar comida a la foto con dos hermanos por ser argentinos<\/h3>\n<\/p>\n<\/section>\n<\/div>\n<\/div>\n","protected":false},"excerpt":{"rendered":"<p>14\/03\/2025 06:57hs. El monegasco Charles Leclerc (Ferrari) complet\u00f3 el mejor tiempo en la segunda sesi\u00f3n de libres del Gran Premio de Australia, prueba inaugural del Mundial de F\u00f3rmula 1 2025, este viernes en Melbourne. En el soleado trazado de Albert Park, el piloto de Ferrari super\u00f3 a los dos McLaren, del australiano Oscar Piastri y [&hellip;]<\/p>\n","protected":false},"author":1,"featured_media":163327,"comment_status":"closed","ping_status":"closed","sticky":false,"template":"","format":"standard","meta":[],"categories":[21],"tags":[],"_links":{"self":[{"href":"http:\/\/cordobadirecto.com\/index.php\/wp-json\/wp\/v2\/posts\/163326"}],"collection":[{"href":"http:\/\/cordobadirecto.com\/index.php\/wp-json\/wp\/v2\/posts"}],"about":[{"href":"http:\/\/cordobadirecto.com\/index.php\/wp-json\/wp\/v2\/types\/post"}],"author":[{"embeddable":true,"href":"http:\/\/cordobadirecto.com\/index.php\/wp-json\/wp\/v2\/users\/1"}],"replies":[{"embeddable":true,"href":"http:\/\/cordobadirecto.com\/index.php\/wp-json\/wp\/v2\/comments?post=163326"}],"version-history":[{"count":0,"href":"http:\/\/cordobadirecto.com\/index.php\/wp-json\/wp\/v2\/posts\/163326\/revisions"}],"wp:featuredmedia":[{"embeddable":true,"href":"http:\/\/cordobadirecto.com\/index.php\/wp-json\/wp\/v2\/media\/163327"}],"wp:attachment":[{"href":"http:\/\/cordobadirecto.com\/index.php\/wp-json\/wp\/v2\/media?parent=163326"}],"wp:term":[{"taxonomy":"category","embeddable":true,"href":"http:\/\/cordobadirecto.com\/index.php\/wp-json\/wp\/v2\/categories?post=163326"},{"taxonomy":"post_tag","embeddable":true,"href":"http:\/\/cordobadirecto.com\/index.php\/wp-json\/wp\/v2\/tags?post=163326"}],"curies":[{"name":"wp","href":"https:\/\/api.w.org\/{rel}","templated":true}]}}