{"id":163328,"date":"2025-03-13T23:18:15","date_gmt":"2025-03-13T23:18:15","guid":{"rendered":"https:\/\/www.ole.com.ar\/autos\/colapinto-reencuentro-vowles-australia-mate-reaccion_0_l7EUYhGYdt.html"},"modified":"2025-03-13T23:18:15","modified_gmt":"2025-03-13T23:18:15","slug":"colapinto-y-el-reencuentro-con-williams-paso-por-el-paddock-y-le-hizo-probar-el-mate-a-vowles","status":"publish","type":"post","link":"http:\/\/cordobadirecto.com\/index.php\/2025\/03\/13\/colapinto-y-el-reencuentro-con-williams-paso-por-el-paddock-y-le-hizo-probar-el-mate-a-vowles\/","title":{"rendered":"Colapinto y el reencuentro con Williams: pas\u00f3 por el paddock y le hizo probar el mate a Vowles"},"content":{"rendered":"<p><time class=\"createDate\" datetime=\"2025-03-13T20:18:15-03:00\">13\/03\/2025 20:18hs.<\/time><\/p>\n<div id=\"storyBody\">\n<div class=\"custom-text \" readability=\"40.28031496063\">\n<p>El impacto que caus\u00f3 <strong><a href=\"https:\/\/www.ole.com.ar\/tema\/franco-colapinto.html\" title=\"Franco Colapinto\" alt=\"Franco Colapinto\" class=\"slug\">Franco Colapinto<\/a><\/strong> tras su desembarco en la <strong><a href=\"https:\/\/www.ole.com.ar\/tema\/formula-1.html\" title=\"F\u00f3rmula 1\" alt=\"F\u00f3rmula 1\" class=\"slug\">F\u00f3rmula 1<\/a><\/strong> no s\u00f3lo se dio dentro de la pista, sino tambi\u00e9n por fuera de la misma, debido a esa personalidad carism\u00e1tica que lo distingue. La actividad en Australia, pa\u00eds que ser\u00e1 el escenario de la carrera inaugural de la temporada, a\u00fan no comenz\u00f3 (arranca la noche de este jueves). Sin embargo, el pilarense ya protagoniz\u00f3 un momento divertido en Albert Park. <strong>Se reencontr\u00f3 con James Vowles<\/strong>, el mandam\u00e1s de Williams que le dio la oportunidad de debutar en la M\u00e1xima, <strong>le dio de probar un mate por primera vez<\/strong>&#8230; pero no pareci\u00f3 ser la favorita del brit\u00e1nico.<\/p>\n<\/div>\n<div class=\"custom-text \" readability=\"36\">\n<p>Un sorbo cortito bast\u00f3 para que el T\u00edo James tenga sensaciones encontradas, las cuales se materializaron en su rostro <strong>con una mueca que hizo estallar de risa al de Pilar<\/strong>. Dicha reuni\u00f3n lleg\u00f3 a realizarse ya que el piloto de 21 a\u00f1os acompa\u00f1a al equipo de Alpine <strong>en su rol de primer reserva<\/strong>. Lo har\u00e1 durante las primeras fechas haciendo acto de presencia en el paddock del cuadro con base en Enstone y probando el simulador.<\/p>\n<\/div>\n<div class=\"sc-e7b891c4-0 ifHnQL image-embed\"><img alt=\"La mueca de Vowles y la risa de Colapinto. (Foto: @Kimlllman)\" loading=\"lazy\" width=\"720\" height=\"100\" decoding=\"async\" data-nimg=\"1\" src=\"http:\/\/cordobadirecto.com\/wp-content\/uploads\/2025\/03\/colapinto-y-el-reencuentro-con-williams-paso-por-el-paddock-y-le-hizo-probar-el-mate-a-vowles.jpg\"><span class=\"epigraphe\">La mueca de Vowles y la risa de Colapinto. (Foto: @Kimlllman)<\/span><\/div>\n<div class=\"custom-text \" readability=\"37\">\n<p>Minutos despu\u00e9s, Colapinto hizo gala de su car\u00e1cter y se sent\u00f3 en una mesa que contaba con personal de su escuder\u00eda y de McLaren a recordar el suceso, el cual no se limit\u00f3 a explicar con palabras. <strong>Imit\u00f3 los gestos de Vowles<\/strong> cuando experimet\u00f3 el mate,causando las carcajadas de los presentes.<\/p>\n<\/div>\n<p><h2><strong>Video: las palabras de Colapinto para con una argentina que se lo cruz\u00f3 en Australia<\/strong><\/h2>\n<\/p>\n<div class=\"sc-734b4696-1 kFfZtB\" readability=\"7\">\n<div class=\"sc-d00d9e74-0 hnHYbk\" type=\"embed\">\n<div class=\"sc-d00d9e74-1 iKVbz videoText\" id=\"contentTitleembedCsGkXe2b\" type=\"embed\"><svg fill=\"#ffffff\"><symbol id=\"play\" viewBox=\"0 0 512 512\"><path d=\"M512 256C512 397.4 397.4 512 256 512C114.6 512 0 397.4 0 256C0 114.6 114.6 0 256 0C397.4 0 512 114.6 512 256zM176 168V344C176 352.7 180.7 360.7 188.3 364.9C195.8 369.2 205.1 369 212.5 364.5L356.5 276.5C363.6 272.1 368 264.4 368 256C368 247.6 363.6 239.9 356.5 235.5L212.5 147.5C205.1 142.1 195.8 142.8 188.3 147.1C180.7 151.3 176 159.3 176 168V168z\" \/><\/symbol><use xlink:href=\"#play\" \/><\/svg><\/p>\n<div class=\"right\">\n<p>Franco Colapinto<!-- --> &#8211; <span>&nbsp;<\/span><\/p>\n<h2 class=\"title-vid\">Qu\u00e9 dijo Franco Colapinto sobre la posibilidad de correr en el GP de Australia de la F\u00f3rmula 1<\/h2>\n<\/div>\n<\/div>\n<p><span class=\"back\" id=\"spanBackembedCsGkXe2b\"><\/span><\/div>\n<div class=\"JWvideoNota_title\" readability=\"9\">\n<p>Faltan pocas horas para que la M\u00e1xima d\u00e9 inicio a esta temporada, y el argentino ya confirm\u00f3 qu\u00e9 puesto ocupar\u00e1 en la primera carrera. (@soyFLOPIMO en X)<\/p>\n<\/div>\n<\/div>\n<div class=\"custom-text \" readability=\"38\">\n<p>Una de las tantas hinchas argentinas que se traslad\u00f3 hasta el circuito de Albert Park, en Australia, le deseo \u00e9xitos para la temporada a Franco Colapinto, a lo que el piloto le respondi\u00f3: &#8220;<strong>Gracias por apoyarme, aunque no corra<\/strong>&#8220;.<\/p>\n<\/div>\n<div class=\"sc-a7166897-0 eoLsBE\" readability=\"7\">\n<section readability=\"4\"><picture><img alt=\"El &quot;D\u00eda 1&quot; de Franco Colapinto en la vuelta de la F\u00f3rmula 1: fotos con la gente, galletitas y mates con Vowles en Australia\" loading=\"lazy\" width=\"290\" height=\"290\" decoding=\"async\" data-nimg=\"1\" src=\"http:\/\/cordobadirecto.com\/wp-content\/uploads\/2025\/03\/colapinto-y-el-reencuentro-con-williams-paso-por-el-paddock-y-le-hizo-probar-el-mate-a-vowles-1.jpg\"><\/picture>\n<p><span>Mir\u00e1 tambi\u00e9n<\/span><\/p>\n<hr>\n<h3>El &#8220;D\u00eda 1&#8221; de Franco Colapinto en la vuelta de la F\u00f3rmula 1: fotos con la gente, galletitas y mates con Vowles en Australia<\/h3>\n<\/p>\n<\/section>\n<\/div>\n<div class=\"sc-a7166897-0 eoLsBE\" readability=\"6.5\">\n<section readability=\"3\"><picture><img alt=\"Colapinto con los fans en Australia: de regalar comida a la foto con dos hermanos por ser argentinos\" loading=\"lazy\" width=\"290\" height=\"290\" decoding=\"async\" data-nimg=\"1\" src=\"http:\/\/cordobadirecto.com\/wp-content\/uploads\/2025\/03\/colapinto-y-el-reencuentro-con-williams-paso-por-el-paddock-y-le-hizo-probar-el-mate-a-vowles-2.jpg\"><\/picture>\n<p><span>Mir\u00e1 tambi\u00e9n<\/span><\/p>\n<hr>\n<h3>Colapinto con los fans en Australia: de regalar comida a la foto con dos hermanos por ser argentinos<\/h3>\n<\/p>\n<\/section>\n<\/div>\n<div class=\"sc-a7166897-0 eoLsBE\" readability=\"6\">\n<section readability=\"2\"><picture><img alt=\"Vuelve la Moto GP a Termas: cu\u00e1ndo es y c\u00f3mo ver la segunda fecha en Argentina\" loading=\"lazy\" width=\"290\" height=\"290\" decoding=\"async\" data-nimg=\"1\" src=\"http:\/\/cordobadirecto.com\/wp-content\/uploads\/2025\/03\/colapinto-y-el-reencuentro-con-williams-paso-por-el-paddock-y-le-hizo-probar-el-mate-a-vowles-3.jpg\"><\/picture>\n<p><span>Mir\u00e1 tambi\u00e9n<\/span><\/p>\n<hr>\n<h3>Vuelve la Moto GP a Termas: cu\u00e1ndo es y c\u00f3mo ver la segunda fecha en Argentina<\/h3>\n<\/p>\n<\/section>\n<\/div>\n<\/div>\n","protected":false},"excerpt":{"rendered":"<p>13\/03\/2025 20:18hs. El impacto que caus\u00f3 Franco Colapinto tras su desembarco en la F\u00f3rmula 1 no s\u00f3lo se dio dentro de la pista, sino tambi\u00e9n por fuera de la misma, debido a esa personalidad carism\u00e1tica que lo distingue. La actividad en Australia, pa\u00eds que ser\u00e1 el escenario de la carrera inaugural de la temporada, a\u00fan [&hellip;]<\/p>\n","protected":false},"author":1,"featured_media":163329,"comment_status":"closed","ping_status":"closed","sticky":false,"template":"","format":"standard","meta":[],"categories":[21],"tags":[],"_links":{"self":[{"href":"http:\/\/cordobadirecto.com\/index.php\/wp-json\/wp\/v2\/posts\/163328"}],"collection":[{"href":"http:\/\/cordobadirecto.com\/index.php\/wp-json\/wp\/v2\/posts"}],"about":[{"href":"http:\/\/cordobadirecto.com\/index.php\/wp-json\/wp\/v2\/types\/post"}],"author":[{"embeddable":true,"href":"http:\/\/cordobadirecto.com\/index.php\/wp-json\/wp\/v2\/users\/1"}],"replies":[{"embeddable":true,"href":"http:\/\/cordobadirecto.com\/index.php\/wp-json\/wp\/v2\/comments?post=163328"}],"version-history":[{"count":0,"href":"http:\/\/cordobadirecto.com\/index.php\/wp-json\/wp\/v2\/posts\/163328\/revisions"}],"wp:featuredmedia":[{"embeddable":true,"href":"http:\/\/cordobadirecto.com\/index.php\/wp-json\/wp\/v2\/media\/163329"}],"wp:attachment":[{"href":"http:\/\/cordobadirecto.com\/index.php\/wp-json\/wp\/v2\/media?parent=163328"}],"wp:term":[{"taxonomy":"category","embeddable":true,"href":"http:\/\/cordobadirecto.com\/index.php\/wp-json\/wp\/v2\/categories?post=163328"},{"taxonomy":"post_tag","embeddable":true,"href":"http:\/\/cordobadirecto.com\/index.php\/wp-json\/wp\/v2\/tags?post=163328"}],"curies":[{"name":"wp","href":"https:\/\/api.w.org\/{rel}","templated":true}]}}