{"id":163330,"date":"2025-03-14T11:17:15","date_gmt":"2025-03-14T11:17:15","guid":{"rendered":"https:\/\/www.ole.com.ar\/futbol-ascenso\/ascenso-primera-nacional-colon-marcos-diaz_0_w1bAk35j68.html"},"modified":"2025-03-14T11:17:15","modified_gmt":"2025-03-14T11:17:15","slug":"la-figura-de-colon-que-se-lesiono-y-se-pierde-lo-que-viene","status":"publish","type":"post","link":"http:\/\/cordobadirecto.com\/index.php\/2025\/03\/14\/la-figura-de-colon-que-se-lesiono-y-se-pierde-lo-que-viene\/","title":{"rendered":"La figura de Col\u00f3n que se lesion\u00f3 y se pierde lo que viene"},"content":{"rendered":"<p><span class=\"createDate\">13\/03\/2025 17:25hs.<\/span><time class=\"modificatedDate\" datetime=\"2025-03-13T17:50:15-03:00\"> Actualizado al 13\/03\/2025 17:50hs.<\/time><\/p>\n<div id=\"storyBody\">\n<div class=\"custom-text \" readability=\"33.221052631579\">\n<p><strong><a href=\"https:\/\/www.ole.com.ar\/tema\/colon.html\" title=\"Col\u00f3n\" alt=\"Col\u00f3n\" class=\"slug\">Col\u00f3n<\/a> arranc\u00f3 la <a href=\"https:\/\/www.ole.com.ar\/tema\/primera-nacional.html\" title=\"Primera Nacional\" alt=\"Primera Nacional\" class=\"slug\">Primera Nacional<\/a> de buena manera y renov\u00f3 las esperanzas de dar pelea por el regreso a la Liga Profesional.<\/strong> Se ubica como escolta de los l\u00edderes (Estudiantes de Buenos Aires y Gimnasia de Mendoza) con diez puntos, producto de tres triunfos, un empate y una ca\u00edda. <\/p>\n<\/div>\n<div class=\"custom-text \" readability=\"35\">\n<p>De todas maneras, el primer golpe del a\u00f1o lleg\u00f3 el pasado domingo: perdi\u00f3 2-0 contra Almirante Brown en Isidro Casanova -con un muy pol\u00e9mico arbitraje de Diego Ceballos-. <strong>Y esa no fue la \u00fanica mala noticia que sufri\u00f3 el pueblo sabalero en el transcurso de la semana.<\/strong> <\/p>\n<\/div>\n<div class=\"custom-text \" readability=\"36.06936416185\">\n<p>Claro, <strong>es que <a href=\"https:\/\/www.ole.com.ar\/tema\/marcos-diaz.html\" title=\"Marcos D\u00edaz\" alt=\"Marcos D\u00edaz\" class=\"slug\">Marcos D\u00edaz<\/a>, una de las principales figuras del equipo, sufri\u00f3 un traumatismo tor\u00e1cico, con compromiso en las costillas<\/strong> (se le realizar\u00e1n estudios para determinar si tiene una fisura) y ser\u00e1 baja el pr\u00f3ximo s\u00e1bado desde las 22 en el Cementerio de los Elfantes contra <a href=\"https:\/\/www.ole.com.ar\/tema\/central-norte.html\" title=\"Central Norte\" alt=\"Central Norte\" class=\"slug\">Central Norte de Salta<\/a>, por la sexta fecha del campeonato.<\/p>\n<\/div>\n<div class=\"sc-e7b891c4-0 ifHnQL image-embed\"><img alt=\"Marcos D\u00edaz se lesion\u00f3 y es baja (Prensa Col\u00f3n)\" loading=\"lazy\" width=\"720\" height=\"100\" decoding=\"async\" data-nimg=\"1\" src=\"http:\/\/cordobadirecto.com\/wp-content\/uploads\/2025\/03\/la-figura-de-colon-que-se-lesiono-y-se-pierde-lo-que-viene.jpg\"><span class=\"epigraphe\">Marcos D\u00edaz se lesion\u00f3 y es baja (Prensa Col\u00f3n)<\/span><\/div>\n<div class=\"custom-text \" readability=\"35\">\n<p> A\u00fan no hay plazos estimados para su recuperaci\u00f3n, aunque lesiones de este tipo demandan entre cuatro y seis semanas fuera de las canchas.<strong> Lo concreto es que el Pata Pereyra no podr\u00e1 contar con el 1 de cara al compromiso m\u00e1s cercano ante el Cuervo en condici\u00f3n de local. <\/strong><\/p>\n<\/div>\n<p><h2><strong>\u00bfQui\u00e9n atajar\u00e1 contra Central Norte?<\/strong><\/h2>\n<\/p>\n<div class=\"custom-text \" readability=\"38\">\n<p>Con la baja del ex Hurac\u00e1n y Boca,<strong> el det\u00e9 cuenta con Tom\u00e1s Gim\u00e9nez, arquero de 26 a\u00f1os que arrib\u00f3 a principios del 2024, como alternativa principal.<\/strong> As\u00ed, el oriundo de Mendoza tendr\u00eda su debut bajo los tres palos del Negro. <\/p>\n<\/div>\n<div class=\"sc-e7b891c4-0 ifHnQL image-embed\"><img alt=\"Tom\u00e1s Gim\u00e9nez atajar\u00e1 el s\u00e1bado (Prensa Col\u00f3n)\" loading=\"lazy\" width=\"720\" height=\"100\" decoding=\"async\" data-nimg=\"1\" src=\"http:\/\/cordobadirecto.com\/wp-content\/uploads\/2025\/03\/la-figura-de-colon-que-se-lesiono-y-se-pierde-lo-que-viene-1.jpg\"><span class=\"epigraphe\">Tom\u00e1s Gim\u00e9nez atajar\u00e1 el s\u00e1bado (Prensa Col\u00f3n)<\/span><\/div>\n<div class=\"custom-text \" readability=\"37\">\n<p>Adem\u00e1s,<strong> Tom\u00e1s Paredes<\/strong>, portero juvenil de 20 a\u00f1os que es habitu\u00e9 en el Selectivo de Mart\u00edn Minella y entrena con el plantel profesional, <strong>podr\u00eda ser uno de los que forme parte de la n\u00f3mina de concentrados y ocupar un lugar entre los suplentes por primera vez en su carrera. <\/strong><\/p>\n<\/div>\n<p><h2><strong>El 2025 de Marcos D\u00edaz<\/strong><\/h2>\n<\/p>\n<div class=\"custom-text \" readability=\"38\">\n<p>A principios de enero, <strong>el arquero de 39 a\u00f1os peg\u00f3 la vuelta al Sabalero tras un paso por el Santa Clara, de la Segunda Divisi\u00f3n de Portugal, y fue uno de los bombazos del mercado de pases en la categoria<\/strong>. De entrada se convirti\u00f3 en referente del equipo y fue una fija en los armados de la dupla t\u00e9cnica. <\/p>\n<\/div>\n<div class=\"custom-text \" readability=\"35\">\n<p>En lo que va del <strong>torneo disput\u00f3 los cinco encuentros como titular y recibi\u00f3 cuatro tantos<\/strong> (dos en la derrota verus Almirante Brown, uno en el triunfo contra Chaco For Ever y el restante en la victoria frente a Mitre de Santiago del Estero). <\/p>\n<\/div>\n<div class=\"sc-a7166897-0 eoLsBE\" readability=\"6\">\n<section readability=\"2\"><picture><img alt=\"La mala racha de Lema: sufri\u00f3 una lesi\u00f3n muscular y seguir\u00e1 afuera en este 2025\" loading=\"lazy\" width=\"290\" height=\"290\" decoding=\"async\" data-nimg=\"1\" src=\"http:\/\/cordobadirecto.com\/wp-content\/uploads\/2025\/03\/la-figura-de-colon-que-se-lesiono-y-se-pierde-lo-que-viene-2.jpg\"><\/picture>\n<p><span>Mir\u00e1 tambi\u00e9n<\/span><\/p>\n<hr>\n<h3>La mala racha de Lema: sufri\u00f3 una lesi\u00f3n muscular y seguir\u00e1 afuera en este 2025<\/h3>\n<\/p>\n<\/section>\n<\/div>\n<div class=\"sc-a7166897-0 eoLsBE\" readability=\"6\">\n<section readability=\"2\"><picture><img alt=\"Riestra y un invicto impresionante que River inici\u00f3 y busca terminar\" loading=\"lazy\" width=\"290\" height=\"290\" decoding=\"async\" data-nimg=\"1\" src=\"http:\/\/cordobadirecto.com\/wp-content\/uploads\/2025\/03\/la-figura-de-colon-que-se-lesiono-y-se-pierde-lo-que-viene-3.jpg\"><\/picture>\n<p><span>Mir\u00e1 tambi\u00e9n<\/span><\/p>\n<hr>\n<h3>Riestra y un invicto impresionante que River inici\u00f3 y busca terminar<\/h3>\n<\/p>\n<\/section>\n<\/div>\n<\/div>\n","protected":false},"excerpt":{"rendered":"<p>13\/03\/2025 17:25hs. Actualizado al 13\/03\/2025 17:50hs. Col\u00f3n arranc\u00f3 la Primera Nacional de buena manera y renov\u00f3 las esperanzas de dar pelea por el regreso a la Liga Profesional. Se ubica como escolta de los l\u00edderes (Estudiantes de Buenos Aires y Gimnasia de Mendoza) con diez puntos, producto de tres triunfos, un empate y una ca\u00edda. [&hellip;]<\/p>\n","protected":false},"author":1,"featured_media":163331,"comment_status":"closed","ping_status":"closed","sticky":false,"template":"","format":"standard","meta":[],"categories":[21],"tags":[],"_links":{"self":[{"href":"http:\/\/cordobadirecto.com\/index.php\/wp-json\/wp\/v2\/posts\/163330"}],"collection":[{"href":"http:\/\/cordobadirecto.com\/index.php\/wp-json\/wp\/v2\/posts"}],"about":[{"href":"http:\/\/cordobadirecto.com\/index.php\/wp-json\/wp\/v2\/types\/post"}],"author":[{"embeddable":true,"href":"http:\/\/cordobadirecto.com\/index.php\/wp-json\/wp\/v2\/users\/1"}],"replies":[{"embeddable":true,"href":"http:\/\/cordobadirecto.com\/index.php\/wp-json\/wp\/v2\/comments?post=163330"}],"version-history":[{"count":0,"href":"http:\/\/cordobadirecto.com\/index.php\/wp-json\/wp\/v2\/posts\/163330\/revisions"}],"wp:featuredmedia":[{"embeddable":true,"href":"http:\/\/cordobadirecto.com\/index.php\/wp-json\/wp\/v2\/media\/163331"}],"wp:attachment":[{"href":"http:\/\/cordobadirecto.com\/index.php\/wp-json\/wp\/v2\/media?parent=163330"}],"wp:term":[{"taxonomy":"category","embeddable":true,"href":"http:\/\/cordobadirecto.com\/index.php\/wp-json\/wp\/v2\/categories?post=163330"},{"taxonomy":"post_tag","embeddable":true,"href":"http:\/\/cordobadirecto.com\/index.php\/wp-json\/wp\/v2\/tags?post=163330"}],"curies":[{"name":"wp","href":"https:\/\/api.w.org\/{rel}","templated":true}]}}