{"id":163341,"date":"2025-03-14T19:30:14","date_gmt":"2025-03-14T19:30:14","guid":{"rendered":"https:\/\/cordoba.gob.ar\/?p=75442"},"modified":"2025-03-14T19:30:14","modified_gmt":"2025-03-14T19:30:14","slug":"menos-brecha-mas-comunidad-ultimos-dias-para-inscribirse-a-un-curso-de-herramientas-digitales","status":"publish","type":"post","link":"http:\/\/cordobadirecto.com\/index.php\/2025\/03\/14\/menos-brecha-mas-comunidad-ultimos-dias-para-inscribirse-a-un-curso-de-herramientas-digitales\/","title":{"rendered":"Menos Brecha, M\u00e1s Comunidad: \u00faltimos d\u00edas para inscribirse a un curso de herramientas digitales"},"content":{"rendered":"<div><img src=\"http:\/\/cordobadirecto.com\/wp-content\/uploads\/2025\/03\/menos-brecha-mas-comunidad-ultimos-dias-para-inscribirse-a-un-curso-de-herramientas-digitales.jpg\" class=\"ff-og-image-inserted\"><\/div>\n<ul>\n<li data-renderer-start-pos=\"102\">Se trata de una nueva edici\u00f3n de Marketing 360\u00b0<\/li>\n<li data-renderer-start-pos=\"102\">Capacitaci\u00f3n sin costo y 100% online<\/li>\n<li data-renderer-start-pos=\"102\">Las inscripciones se encuentran abiertas hasta el 17 de marzo<\/li>\n<\/ul>\n<hr>\n<p data-renderer-start-pos=\"260\">La Municipalidad de C\u00f3rdoba recuerda que se encuentran abiertas las inscripciones para <strong data-renderer-mark=\"true\">Marketing 360\u00b0<\/strong>, una capacitaci\u00f3n dictada en el marco del programa Menos Brecha, M\u00e1s Comunidad perteneciente a la Secretaria de Ciudad Inteligente junto a Eidos Global y Microsoft.<\/p>\n<p data-renderer-start-pos=\"528\"><strong data-renderer-mark=\"true\">La formaci\u00f3n es gratuita, 100% online<\/strong> y apunta a potenciar el uso de herramientas digitales y fortalecer la empleabilidad.<\/p>\n<p data-renderer-start-pos=\"652\">Marketing 360\u00b0 cuenta con el apoyo del Club de Emprendedores, que ofrecer\u00e1 la formaci\u00f3n como un beneficio a sus integrantes.<\/p>\n<p data-renderer-start-pos=\"652\"><strong>\u00bfA qui\u00e9n est\u00e1 dirigido?<\/strong><\/p>\n<p data-renderer-start-pos=\"803\">El curso est\u00e1 destinado a personas que deseen sumar estrategias digitales dentro de su organizaci\u00f3n o emprendimiento.<\/p>\n<p data-renderer-start-pos=\"922\">Puede inscribirse toda persona mayor a 16 a\u00f1os con habilidades digitales b\u00e1sicas y un dispositivo con acceso a internet (computadora, notebook, celular, tablet).<\/p>\n<p><span><strong data-renderer-mark=\"true\">\u00bfQu\u00e9 vas a aprender?<\/strong><\/span><\/p>\n<ul class=\"ak-ul\" data-indent-level=\"1\" readability=\"3\">\n<li readability=\"-1\">\n<p data-renderer-start-pos=\"1109\">EcoSistema del Marketing Digital<\/p>\n<\/li>\n<li readability=\"-1\">\n<p data-renderer-start-pos=\"1145\">Diagn\u00f3stico de la Comunicaci\u00f3n Digital<\/p>\n<\/li>\n<li readability=\"-1\">\n<p data-renderer-start-pos=\"1187\">Planteamiento de Objetivos para tu Plan de Marketing<\/p>\n<\/li>\n<li readability=\"-1\">\n<p data-renderer-start-pos=\"1243\">Herramientas para Estrategias de Marketing Digital<\/p>\n<\/li>\n<li readability=\"-1\">\n<p data-renderer-start-pos=\"1297\">Creatividad y Creaci\u00f3n de Contenidos con apps gratuitas<\/p>\n<\/li>\n<li readability=\"-1\">\n<p data-renderer-start-pos=\"1356\">Redes Sociales y Pauta Publicitaria<\/p>\n<\/li>\n<\/ul>\n<p><strong>M\u00e1s detalles:<\/strong><\/p>\n<ul class=\"ak-ul\" data-indent-level=\"1\" readability=\"1\">\n<li readability=\"-1\">\n<p data-renderer-start-pos=\"1412\">Carga horaria: 15 horas de contenido<\/p>\n<\/li>\n<li readability=\"-1\">\n<p data-renderer-start-pos=\"1452\">Cursado: Modalidad asincr\u00f3nica<\/p>\n<\/li>\n<li readability=\"-1\">\n<p data-renderer-start-pos=\"1486\">Modalidad: 100% virtual y autogestionada<\/p>\n<\/li>\n<li readability=\"-1\">\n<p data-renderer-start-pos=\"1530\">Certificaci\u00f3n oficial gratuita de Eidos Global<\/p>\n<\/li>\n<\/ul>\n<p data-renderer-start-pos=\"1582\">Las inscripciones est\u00e1n abiertas hasta el 17 de marzo en el siguiente <a class=\"css-1rn59kg\" title=\"https:\/\/url.eidosglobal.org\/MKT360-MUNICORDOBA\" href=\"https:\/\/url.eidosglobal.org\/MKT360-MUNICORDOBA\" data-testid=\"link-with-safety\" data-renderer-mark=\"true\">link<\/a>.<\/p>\n","protected":false},"excerpt":{"rendered":"<p>Se trata de una nueva edici\u00f3n de Marketing 360\u00b0 Capacitaci\u00f3n sin costo y 100% online Las inscripciones se encuentran abiertas hasta el 17 de marzo La Municipalidad de C\u00f3rdoba recuerda que se encuentran abiertas las inscripciones para Marketing 360\u00b0, una capacitaci\u00f3n dictada en el marco del programa Menos Brecha, M\u00e1s Comunidad perteneciente a la Secretaria [&hellip;]<\/p>\n","protected":false},"author":1,"featured_media":163342,"comment_status":"closed","ping_status":"closed","sticky":false,"template":"","format":"standard","meta":[],"categories":[44],"tags":[],"_links":{"self":[{"href":"http:\/\/cordobadirecto.com\/index.php\/wp-json\/wp\/v2\/posts\/163341"}],"collection":[{"href":"http:\/\/cordobadirecto.com\/index.php\/wp-json\/wp\/v2\/posts"}],"about":[{"href":"http:\/\/cordobadirecto.com\/index.php\/wp-json\/wp\/v2\/types\/post"}],"author":[{"embeddable":true,"href":"http:\/\/cordobadirecto.com\/index.php\/wp-json\/wp\/v2\/users\/1"}],"replies":[{"embeddable":true,"href":"http:\/\/cordobadirecto.com\/index.php\/wp-json\/wp\/v2\/comments?post=163341"}],"version-history":[{"count":0,"href":"http:\/\/cordobadirecto.com\/index.php\/wp-json\/wp\/v2\/posts\/163341\/revisions"}],"wp:featuredmedia":[{"embeddable":true,"href":"http:\/\/cordobadirecto.com\/index.php\/wp-json\/wp\/v2\/media\/163342"}],"wp:attachment":[{"href":"http:\/\/cordobadirecto.com\/index.php\/wp-json\/wp\/v2\/media?parent=163341"}],"wp:term":[{"taxonomy":"category","embeddable":true,"href":"http:\/\/cordobadirecto.com\/index.php\/wp-json\/wp\/v2\/categories?post=163341"},{"taxonomy":"post_tag","embeddable":true,"href":"http:\/\/cordobadirecto.com\/index.php\/wp-json\/wp\/v2\/tags?post=163341"}],"curies":[{"name":"wp","href":"https:\/\/api.w.org\/{rel}","templated":true}]}}